{"id":105244,"date":"2025-12-01T23:27:11","date_gmt":"2025-12-01T23:27:11","guid":{"rendered":"https:\/\/www.europesays.com\/fi\/105244\/"},"modified":"2025-12-01T23:27:11","modified_gmt":"2025-12-01T23:27:11","slug":"saa-jakaa-suomen-kahtia-etelassa-lammin-pohjoisessa-pakkanen-paukkuu","status":"publish","type":"post","link":"https:\/\/www.europesays.com\/fi\/105244\/","title":{"rendered":"S\u00e4\u00e4 jakaa Suomen kahtia: Etel\u00e4ss\u00e4 l\u00e4mmin, pohjoisessa pakkanen paukkuu"},"content":{"rendered":"<p>Talven pakkasenn\u00e4tys on j\u00e4lleen vaarassa.<\/p>\n<p>Katso l\u00e4hip\u00e4ivien s\u00e4\u00e4ennuste videolta.<\/p>\n<p>1.12. 21:14<\/p>\n<p class=\"article-body mb-nof-24 px-nof-16\">Joulukuun alussa l\u00e4mp\u00f6tilaerot repe\u00e4v\u00e4t Suomessa. Etel\u00e4ss\u00e4 s\u00e4\u00e4 jatkuu samanlaisena kuin viime p\u00e4ivin\u00e4: harmaana, leutona ja vetisen\u00e4. Pohjoisessa sen sijaan pakkanen paukkuu.<\/p>\n<p class=\"article-body mb-nof-24 px-nof-16\">Meteorologi <a class=\"article-personlink\" href=\"https:\/\/www.is.fi\/haku\/?query=Markus%20M%C3%A4ntykannas\" rel=\"nofollow noopener\" target=\"_blank\">Markus M\u00e4ntykannas<\/a> kirjoittaa Forecan <a class=\"article-genericlink\" href=\"https:\/\/www.foreca.fi\/meteorologilta\/arg3d8tr\" rel=\"nofollow noopener\" target=\"_blank\">s\u00e4\u00e4blogissa<\/a>, ett\u00e4 pakkanen alkaa kiristy\u00e4 pohjoisessa tiistaiy\u00f6n\u00e4. P\u00e4iv\u00e4n aikana talven pakkasenn\u00e4tys eli \u201331,6 saattaa rikkoutua usealla mittausasemalla Lapissa.<\/p>\n<p class=\"article-body mb-nof-24 px-nof-16\">Kylmint\u00e4 on Keski- ja Pohjois-Lapin laaksoalueilla.<\/p>\n<p class=\"article-body mb-nof-24 px-nof-16\">Kun pohjoisessa pakkanen saattaa painua talven enn\u00e4tyslukemiin, etel\u00e4ss\u00e4 voi olla paikoin 35 astetta l\u00e4mpim\u00e4mp\u00e4\u00e4 eli noin 5 astetta l\u00e4mmint\u00e4. Tiistai-iltana nollaraja nousee Pohjois-Pohjanmaan ja hiljalleen Meri-Lapin korkeudelle.<\/p>\n<p><img decoding=\"async\" src=\"https:\/\/images.sanoma-sndp.fi\/a85f5d30ea586047f721babc79f8ddc3.svg\" alt=\"\" class=\"_Img_1rerz_1\" style=\"aspect-ratio:0.7933333333333333\" loading=\"eager\"\/><\/p>\n<p class=\"article-body mb-nof-24 px-nof-16\">Maanantai-iltana viimeiset lumi- ja r\u00e4nt\u00e4sateet ovat ohi Pohjois-Pohjanmaalla, mutta seuraava lumisadealue saapuu maan pohjoisosiin jo tiistai-iltana. Keskiviikkoy\u00f6n\u00e4 suuressa osassa Lappia sataa lunta. Lunta kertyy laajoille alueille 10 sentti\u00e4, mutta paikoin lunta sataa jopa 20\u201325 sentti\u00e4.<\/p>\n<p class=\"article-body mb-nof-24 px-nof-16\">Sateen ja liukkauden vuoksi ajokeli on petollisen liukas.<\/p>\n<p class=\"article-body mb-nof-24 px-nof-16\">\u2013 Kun lauhempaa ja kosteaa ilmaa virtaa eritt\u00e4in kylmille tienpinnoille, olosuhteet muuttuvat vaarallisen liukkaiksi, M\u00e4ntykannas varoittaa.<\/p>\n<p class=\"article-body mb-nof-24 px-nof-16\">Ilmatieteen laitos on antanut maanantailla, tiistaille ja keskiviikolla huonon tai eritt\u00e4in huonon ajokelin varoituksen Pohjois-Pohjanmaalta Pohjois-Karjalaan ulottuvalle alueelle ja Lappiin.<\/p>\n<p class=\"article-body mb-nof-24 px-nof-16\">M\u00e4ntykannas kirjoittaa, ett\u00e4 maanantaisen s\u00e4\u00e4ennusteen mukaan l\u00e4mp\u00f6tilaerot alkavat tasoittua loppuviikosta. Itsen\u00e4isyysp\u00e4iv\u00e4n\u00e4 nollaraja kulkisi n\u00e4ill\u00e4 n\u00e4kymin maan keskiosassa. Luvassa voi olla talvisempia olosuhteita, joskin ennusteessa on ep\u00e4varmuuksia.<\/p>\n<p class=\"article-body mb-nof-24 px-nof-16\">\u2013 Joulukuun toinen viikko voi kuitenkin olla edelt\u00e4j\u00e4\u00e4ns\u00e4 talvisempi varsinkin maan etel\u00e4- ja keskiosassa.<\/p>\n","protected":false},"excerpt":{"rendered":"Talven pakkasenn\u00e4tys on j\u00e4lleen vaarassa. Katso l\u00e4hip\u00e4ivien s\u00e4\u00e4ennuste videolta. 1.12. 21:14 Joulukuun alussa l\u00e4mp\u00f6tilaerot repe\u00e4v\u00e4t Suomessa. Etel\u00e4ss\u00e4 s\u00e4\u00e4&hellip;\n","protected":false},"author":2,"featured_media":105245,"comment_status":"","ping_status":"","sticky":false,"template":"","format":"standard","meta":{"footnotes":""},"categories":[12],"tags":[22,23,26,27,33,31,30,17,34,24,25,28,29,15,18,21,32,19,20,16],"class_list":{"0":"post-105244","1":"post","2":"type-post","3":"status-publish","4":"format-standard","5":"has-post-thumbnail","7":"category-suomi","8":"tag-breaking-news","9":"tag-breakingnews","10":"tag-featured-news","11":"tag-featurednews","12":"tag-fi","13":"tag-finland","14":"tag-finnish","15":"tag-headlines","16":"tag-ilta-sanomat","17":"tag-latest-news","18":"tag-latestnews","19":"tag-main-news","20":"tag-mainnews","21":"tag-news","22":"tag-otsikot","23":"tag-paauutiset","24":"tag-suomi","25":"tag-top-stories","26":"tag-topstories","27":"tag-uutiset"},"share_on_mastodon":{"url":"https:\/\/pubeurope.com\/@fi\/115646906421949033","error":""},"_links":{"self":[{"href":"https:\/\/www.europesays.com\/fi\/wp-json\/wp\/v2\/posts\/105244","targetHints":{"allow":["GET"]}}],"collection":[{"href":"https:\/\/www.europesays.com\/fi\/wp-json\/wp\/v2\/posts"}],"about":[{"href":"https:\/\/www.europesays.com\/fi\/wp-json\/wp\/v2\/types\/post"}],"author":[{"embeddable":true,"href":"https:\/\/www.europesays.com\/fi\/wp-json\/wp\/v2\/users\/2"}],"replies":[{"embeddable":true,"href":"https:\/\/www.europesays.com\/fi\/wp-json\/wp\/v2\/comments?post=105244"}],"version-history":[{"count":0,"href":"https:\/\/www.europesays.com\/fi\/wp-json\/wp\/v2\/posts\/105244\/revisions"}],"wp:featuredmedia":[{"embeddable":true,"href":"https:\/\/www.europesays.com\/fi\/wp-json\/wp\/v2\/media\/105245"}],"wp:attachment":[{"href":"https:\/\/www.europesays.com\/fi\/wp-json\/wp\/v2\/media?parent=105244"}],"wp:term":[{"taxonomy":"category","embeddable":true,"href":"https:\/\/www.europesays.com\/fi\/wp-json\/wp\/v2\/categories?post=105244"},{"taxonomy":"post_tag","embeddable":true,"href":"https:\/\/www.europesays.com\/fi\/wp-json\/wp\/v2\/tags?post=105244"}],"curies":[{"name":"wp","href":"https:\/\/api.w.org\/{rel}","templated":true}]}}