{"id":105246,"date":"2025-12-01T23:28:09","date_gmt":"2025-12-01T23:28:09","guid":{"rendered":"https:\/\/www.europesays.com\/fi\/105246\/"},"modified":"2025-12-01T23:28:09","modified_gmt":"2025-12-01T23:28:09","slug":"valkoinen-talo-puolustelee-tappavaa-veneiskua-karibianmerella-trump-pitaa-kokouksen-venezuelan-tilanteesta-ulkomaat","status":"publish","type":"post","link":"https:\/\/www.europesays.com\/fi\/105246\/","title":{"rendered":"Valkoinen talo puolustelee tappavaa veneiskua Karibianmerell\u00e4 \u2013 Trump pit\u00e4\u00e4 kokouksen Venezuelan tilanteesta | Ulkomaat"},"content":{"rendered":"<p class=\"aw-1gybjub aw-5vja16 kEtdKx kmuxyA yle__article__paragraph\">Yhdysvaltain puolustusministeri\u00e4 on ep\u00e4ilty rikollisen m\u00e4\u00e4r\u00e4yksen antamisesta, kun asevoimat iski syyskuun alussa veneeseen Karibianmerell\u00e4 tappaakseen koko miehist\u00f6n.<\/p>\n<p><img decoding=\"async\" alt=\"Hegseth kuuntelee puhuvaa Trumpia. Heill\u00e4 on tummat puvut, Hegsethill\u00e4 kirkkaan punainen ja Trumpilla kirkkaan keltainen kravatti.\" src=\"https:\/\/www.europesays.com\/fi\/wp-content\/uploads\/2025\/12\/39-1562581692df6596ac94.jpeg\" class=\"aw-1l9m598 hKVVvP\"\/><\/p>\n<p>Avaa kuvien katselu<\/p>\n<p>Yhdysvaltain puolustusministeri Pete Hegseth kuunteli presidentti Donald Trumpia Valkoisessa talossa 23. lokakuuta. Kuva: Will Oliver\/ AOP<\/p>\n<p class=\"aw-1gybjub aw-1p7kakr kEtdKx cEmitX yle__article__paragraph\">Valkoinen talo puolustaa Yhdysvaltain puolustusministerin <strong class=\"aw-ak79eh KyCXm yle__article__strong\">Pete Hegsethin<\/strong> ja asevoimien toimia huumeiden salakuljetuksesta ep\u00e4ilty\u00e4 alusta ja sen miehist\u00f6\u00e4 vastaan syyskuun alussa Karibianmerell\u00e4.<\/p>\n<p class=\"aw-1gybjub aw-1p7kakr kEtdKx cEmitX yle__article__paragraph\">The Washington Post -lehti <a class=\"aw-iao6s4 iHOxEa yle__article__link\" href=\"https:\/\/www.washingtonpost.com\/national-security\/2025\/11\/28\/hegseth-kill-them-all-survivors-boat-strike\/\" role=\"link\" rel=\"nofollow noopener\" target=\"_blank\">kertoi perjantaina<\/a> Hegsethin antaneen syyskuun 2. p\u00e4iv\u00e4n\u00e4 suullisen m\u00e4\u00e4r\u00e4yksen tappaa kaikki veneess\u00e4 olevat.<\/p>\n<p class=\"aw-1gybjub aw-1p7kakr kEtdKx cEmitX yle__article__paragraph\">Yhdysvaltain asevoimat laukaisi Trinidadin edustalta ohjuksen, joka sytytti aluksen palamaan. Kun savu h\u00e4lveni, droonin v\u00e4litt\u00e4m\u00e4ss\u00e4 valvontakuvassa n\u00e4kyi, ett\u00e4 kaksi ihmist\u00e4 piti viel\u00e4 kiinni aluksen laidasta.<\/p>\n<p class=\"aw-1gybjub aw-1p7kakr kEtdKx cEmitX yle__article__paragraph\">Erikoisoperaatioiden komentaja m\u00e4\u00e4r\u00e4si alukseen toisen iskun henkiin j\u00e4\u00e4neiden tappamiseksi. T\u00e4m\u00e4 on her\u00e4tt\u00e4nyt Yhdysvaltain kongressissa ep\u00e4ilyj\u00e4, ett\u00e4 asevoimat saattoi syyllisty\u00e4 sotarikokseen.<\/p>\n<p class=\"aw-1gybjub aw-1p7kakr kEtdKx cEmitX yle__article__paragraph\">\u2013 T\u00e4m\u00e4 nousee sotarikoksen tasolle, jos se on totta, demokraattisenaattori <strong class=\"aw-ak79eh KyCXm yle__article__strong\">Tim Kaine<\/strong> Virginiasta <a class=\"aw-iao6s4 iHOxEa yle__article__link\" href=\"https:\/\/www.cbsnews.com\/news\/venezuela-strike-alleged-drug-boat-hegseth-tim-kaine-face-the-nation\/\" role=\"link\" rel=\"nofollow noopener\" target=\"_blank\">sanoi<\/a> Face the Nation -ohjelmassa CBS-kanavalla<\/p>\n<p class=\"aw-1gybjub aw-1p7kakr kEtdKx cEmitX yle__article__paragraph\">Samassa ohjelmassa Ohion republikaaniedustaja <strong class=\"aw-ak79eh KyCXm yle__article__strong\">Mike Turner<\/strong> kommentoi, ett\u00e4 jatkoisku taistelukyvytt\u00f6mi\u00e4 ihmisi\u00e4 vastaan olisi laiton teko.<\/p>\n<p class=\"aw-1gybjub aw-1p7kakr kEtdKx cEmitX yle__article__paragraph\">Edustajainhuoneen ja senaatin asevoimia valvovat valiokunnat ovat avanneet tutkinnat Yhdysvaltain iskuista aluksiin Karibianmerell\u00e4 ja it\u00e4isell\u00e4 Tyynell\u00e4merell\u00e4.<\/p>\n<p>Valkoinen talo: Iskut olivat laillisia<\/p>\n<p class=\"aw-1gybjub aw-1p7kakr kEtdKx cEmitX yle__article__paragraph\">Valkoisen talon lehdist\u00f6sihteeri <strong class=\"aw-ak79eh KyCXm yle__article__strong\">Karoline Leavitt<\/strong> vahvisti t\u00e4n\u00e4\u00e4n maanantaina, ett\u00e4 ministeri Hegseth antoi laivaston amiraalille valtuudet iske\u00e4 huumeiden salakuljetuksesta ep\u00e4iltyyn alukseen. Iskussa kuoli ainakin 11 ihmist\u00e4.<\/p>\n<p class=\"aw-1gybjub aw-1p7kakr kEtdKx cEmitX yle__article__paragraph\">H\u00e4n my\u00f6s vahvisti Washington Postin tiedon, ett\u00e4 komennon iskujen jatkamisesta antoi m\u00e4\u00e4r\u00e4yksen amiraali <strong class=\"aw-ak79eh KyCXm yle__article__strong\">Frank Bradley<\/strong>.<\/p>\n<p class=\"aw-1gybjub aw-1p7kakr kEtdKx cEmitX yle__article__paragraph\">Syyskuun sotilasisku oli ensimm\u00e4inen sarjassaan, kun Yhdysvallat on hy\u00f6k\u00e4nnyt v\u00e4itettyj\u00e4 ja ep\u00e4iltyj\u00e4 huumeiden salakuljettajia vastaan Karibianmerell\u00e4 ja it\u00e4isell\u00e4 Tyynell\u00e4merell\u00e4. Yli 80 ihmist\u00e4 on kuollut iskuissa.<\/p>\n<p class=\"aw-1gybjub aw-1p7kakr kEtdKx cEmitX yle__article__paragraph\"><strong class=\"aw-ak79eh KyCXm yle__article__strong\">Katso t\u00e4st\u00e4 Esko Varhon videoanalyysi (7. 11.) siit\u00e4, mit\u00e4 Trump puuhaa Karibianmerell\u00e4:<\/strong><\/p>\n<p class=\"aw-1gybjub aw-1p7kakr kEtdKx cEmitX yle__article__paragraph\">Lehdist\u00f6sihteeri Leavitt sanoi toimittajille, ett\u00e4 Bradley toimi toimivaltansa ja voimank\u00e4ytt\u00f6\u00e4 koskevien lakien mukaan varmistaakseen veneen tuhoamisen ja Yhdysvaltoihin kohdistuvan uhan tuhoamiseksi.<\/p>\n<p class=\"aw-1gybjub aw-1p7kakr kEtdKx cEmitX yle__article__paragraph\">Hegseth sanoi \u00e4skett\u00e4isess\u00e4 kirjoituksessaan X-viestipalvelussa, ett\u00e4 sotatoimet ovat aseellista konfliktia koskevan lain mukaisia ja parhaat sotilas- ja siviiliasianajajat ovat hyv\u00e4ksyneet ne koko komentoketjun pituudelta.<\/p>\n<p class=\"aw-1gybjub aw-1p7kakr kEtdKx cEmitX yle__article__paragraph\">Useat kansainv\u00e4lisen oikeuden asiantuntijat ovat luonnehtineet Yhdysvaltain tappavia iskuja huumeiden salakuljetuksesta ep\u00e4iltyj\u00e4 veneit\u00e4 ja niiden miehist\u00f6\u00e4 vastaan laittomiksi.<\/p>\n<p class=\"aw-1gybjub aw-1p7kakr kEtdKx cEmitX yle__article__paragraph\">Asiantuntijoiden mukaan ep\u00e4illyt huumeiden salakuljettajat eiv\u00e4t uhkaa Yhdysvaltoja v\u00e4litt\u00f6m\u00e4ll\u00e4 hy\u00f6kk\u00e4yksell\u00e4 eiv\u00e4tk\u00e4 siten ole aseellisessa konfliktissa Yhdysvaltain kanssa.<\/p>\n<p class=\"aw-1gybjub aw-1p7kakr kEtdKx cEmitX yle__article__paragraph\">Trumpin hallinto on voimakkaasti kasvattanut Yhdysvaltain sotilaallista l\u00e4sn\u00e4oloa alueella.<\/p>\n<p class=\"aw-1gybjub aw-1p7kakr kEtdKx cEmitX yle__article__paragraph\"><strong class=\"aw-ak79eh KyCXm yle__article__strong\">Katso t\u00e4st\u00e4 video lentotukialus USS Gerald Fordista, joka saapui Karibianmerelle marraskuussa:<\/strong><\/p>\n<p class=\"aw-1gybjub aw-1p7kakr kEtdKx cEmitX yle__article__paragraph\">Perusteena on k\u00e4ytetty taistelua \u201dhuumeterroristeja\u201d vastaan, mutta toimet on mit\u00e4 ilmeisimmin suunnattu \u00f6ljyvaroiltaan rikkaan Venezuelan painostamiseen. Trumpin hallinto haluaisi n\u00e4hd\u00e4 maata itsevaltaisesti johtavan <strong class=\"aw-ak79eh KyCXm yle__article__strong\">Nicol\u00e1s Maduron<\/strong> kaatuvan.<\/p>\n<p class=\"aw-1gybjub aw-1p7kakr kEtdKx cEmitX yle__article__paragraph\">Presidentti Trump kokoustaa t\u00e4n\u00e4\u00e4n maanantaina johtavien kansallisen turvallisuuden viranomaisten kanssa. Aiheena on Venezuela. Kokoukseen osallistuvat muun muassa puolustusministeri Hegseth ja ulkoministeri <strong class=\"aw-ak79eh KyCXm yle__article__strong\">Marco Rubio<\/strong>.<\/p>\n<p class=\"aw-1gybjub aw-1p7kakr kEtdKx cEmitX yle__article__paragraph\">L\u00e4hteet: AFP, AP, Reuters<\/p>\n","protected":false},"excerpt":{"rendered":"Yhdysvaltain puolustusministeri\u00e4 on ep\u00e4ilty rikollisen m\u00e4\u00e4r\u00e4yksen antamisesta, kun asevoimat iski syyskuun alussa veneeseen Karibianmerell\u00e4 tappaakseen koko miehist\u00f6n. Avaa&hellip;\n","protected":false},"author":2,"featured_media":105247,"comment_status":"","ping_status":"","sticky":false,"template":"","format":"standard","meta":{"footnotes":""},"categories":[5],"tags":[22,23,585,26,27,33,31,30,17,70,4073,24,25,28,29,15,7595,18,21,32,19,20,56,16,7605,18399,146],"class_list":{"0":"post-105246","1":"post","2":"type-post","3":"status-publish","4":"format-standard","5":"has-post-thumbnail","7":"category-otsikot","8":"tag-breaking-news","9":"tag-breakingnews","10":"tag-donald-trump","11":"tag-featured-news","12":"tag-featurednews","13":"tag-fi","14":"tag-finland","15":"tag-finnish","16":"tag-headlines","17":"tag-kansainvalinen-politiikka","18":"tag-karibianmeri","19":"tag-latest-news","20":"tag-latestnews","21":"tag-main-news","22":"tag-mainnews","23":"tag-news","24":"tag-nicolas-maduro","25":"tag-otsikot","26":"tag-paauutiset","27":"tag-suomi","28":"tag-top-stories","29":"tag-topstories","30":"tag-ulkomaat","31":"tag-uutiset","32":"tag-venezuela","33":"tag-venezuelan-presidentti","34":"tag-yhdysvaltain-presidentti"},"share_on_mastodon":{"url":"https:\/\/pubeurope.com\/@fi\/115646909976864435","error":""},"_links":{"self":[{"href":"https:\/\/www.europesays.com\/fi\/wp-json\/wp\/v2\/posts\/105246","targetHints":{"allow":["GET"]}}],"collection":[{"href":"https:\/\/www.europesays.com\/fi\/wp-json\/wp\/v2\/posts"}],"about":[{"href":"https:\/\/www.europesays.com\/fi\/wp-json\/wp\/v2\/types\/post"}],"author":[{"embeddable":true,"href":"https:\/\/www.europesays.com\/fi\/wp-json\/wp\/v2\/users\/2"}],"replies":[{"embeddable":true,"href":"https:\/\/www.europesays.com\/fi\/wp-json\/wp\/v2\/comments?post=105246"}],"version-history":[{"count":0,"href":"https:\/\/www.europesays.com\/fi\/wp-json\/wp\/v2\/posts\/105246\/revisions"}],"wp:featuredmedia":[{"embeddable":true,"href":"https:\/\/www.europesays.com\/fi\/wp-json\/wp\/v2\/media\/105247"}],"wp:attachment":[{"href":"https:\/\/www.europesays.com\/fi\/wp-json\/wp\/v2\/media?parent=105246"}],"wp:term":[{"taxonomy":"category","embeddable":true,"href":"https:\/\/www.europesays.com\/fi\/wp-json\/wp\/v2\/categories?post=105246"},{"taxonomy":"post_tag","embeddable":true,"href":"https:\/\/www.europesays.com\/fi\/wp-json\/wp\/v2\/tags?post=105246"}],"curies":[{"name":"wp","href":"https:\/\/api.w.org\/{rel}","templated":true}]}}