{"id":105257,"date":"2025-12-01T23:53:09","date_gmt":"2025-12-01T23:53:09","guid":{"rendered":"https:\/\/www.europesays.com\/fi\/105257\/"},"modified":"2025-12-01T23:53:09","modified_gmt":"2025-12-01T23:53:09","slug":"poliisilla-iso-operaatio-oulussa-asemies-ryosti-taksin-ja-liikkui-kaupungilla-ilta-sanomat","status":"publish","type":"post","link":"https:\/\/www.europesays.com\/fi\/105257\/","title":{"rendered":"Poliisilla iso operaatio Oulussa \u2013 asemies ry\u00f6sti taksin ja liikkui kaupungilla &#8211; Ilta-Sanomat"},"content":{"rendered":"<ol>\n<li><a href=\"https:\/\/news.google.com\/rss\/articles\/CBMiYkFVX3lxTE1mWEY4NFcxT2p1OWtzdExHNm0yQ1pWaENBa1J1Yno4UVAwV01zX0dYODZ6TzBHNTI1WXVvSGJ2NDIxWGFZVVhPNmtnRWFvRkU1MU9saXVPXzBnM1J2M3dRN0tR?oc=5\" target=\"_blank\" rel=\"nofollow noopener\">Poliisilla iso operaatio Oulussa \u2013 asemies ry\u00f6sti taksin ja liikkui kaupungilla<\/a>&nbsp;&nbsp;Ilta-Sanomat<\/li>\n<li><a href=\"https:\/\/news.google.com\/rss\/articles\/CBMiQkFVX3lxTFBCRU5tZXRBMDVabHlWNE51X0RNTG5zSlhHVktIRC1oLThGWW94Z2xxY1o2MEUtaUpYMXlCeTFEd2Zodw?oc=5\" target=\"_blank\" rel=\"nofollow noopener\">Poliisi etsi Oulussa aseistettua ry\u00f6st\u00e4j\u00e4\u00e4 keskustasta \u2013 uhrina ainakin taksinkuljettaja<\/a>&nbsp;&nbsp;Yle<\/li>\n<li><a href=\"https:\/\/news.google.com\/rss\/articles\/CBMiV0FVX3lxTFBhTXM0YU5vT0MzT1R2NEluQ2VEMXFFc2tTSDQ0WGdNWUZITy1Ia3VXT0prRmJBOWprMFNWUnF1ZmhwTzBtNVhFd1A4YXB3QjdEampaakhuQQ?oc=5\" target=\"_blank\" rel=\"nofollow noopener\">Mies liikkui aseen kanssa Oulussa \u2013 poliisi tavoitti ry\u00f6st\u00f6ist\u00e4 ep\u00e4illyn miehen<\/a>&nbsp;&nbsp;Keskisuomalainen<\/li>\n<li><a href=\"https:\/\/news.google.com\/rss\/articles\/CBMiwAFBVV95cUxQWTJpd2ZIcjBPcUtfcC15UmFERm5KY08ycW9sNFVYNzhzNXQwMGl4aTdNOG5JQTlqZFFiemxHaklYRDZKOW5KV0p2MjlsNmplWEJwOGtpbTMtN2R6cDIydDhneUhGRVdva2ljeEdKeXlJc0hzbXp4d1h1Vkl3RjFWb0dUMmxNaUhfaldnOWVQTHRCRUNDVWFUSGc0em1icmJZYW9XTzJoRldtWWZyWXlMME5MbEpyRDIyYjlJR1Zjc1A?oc=5\" target=\"_blank\" rel=\"nofollow noopener\">Poliisi l\u00f6ysi Oulun keskustan ep\u00e4illyn asemiehen<\/a>&nbsp;&nbsp;mtvuutiset.fi<\/li>\n<li><a href=\"https:\/\/news.google.com\/rss\/articles\/CBMiiAFBVV95cUxNaDRrQjFkLTlaM0U1LUxScV9vcml4RDlFY21ZUWFlb19TVlBHVWpuLVlQcVhRSGhrdWJWYmRDa2tOcXFxSDA4ZjFfNTFGZnJYNkhwSU02N29aVUZGaVhCYk5KZXNZZjE3REJjTHRvcUkzUnhScWxUblhENFpxRUx1NFE2eEpLbXlE?oc=5\" target=\"_blank\" rel=\"nofollow noopener\">Poliisi otti aseen kanssa liikkuneen ry\u00f6st\u00e4j\u00e4n kiinni V\u00e4livainiolla \u2013 poliisin mukaan ry\u00f6st\u00f6j\u00e4 oli useita<\/a>&nbsp;&nbsp;Kaleva<\/li>\n<\/ol>\n","protected":false},"excerpt":{"rendered":"Poliisilla iso operaatio Oulussa \u2013 asemies ry\u00f6sti taksin ja liikkui kaupungilla&nbsp;&nbsp;Ilta-Sanomat Poliisi etsi Oulussa aseistettua ry\u00f6st\u00e4j\u00e4\u00e4 keskustasta \u2013&hellip;\n","protected":false},"author":2,"featured_media":105258,"comment_status":"","ping_status":"","sticky":false,"template":"","format":"standard","meta":{"footnotes":""},"categories":[12],"tags":[22,23,26,27,33,31,30,17,34,24,25,28,29,15,18,21,32,19,20,16],"class_list":{"0":"post-105257","1":"post","2":"type-post","3":"status-publish","4":"format-standard","5":"has-post-thumbnail","7":"category-suomi","8":"tag-breaking-news","9":"tag-breakingnews","10":"tag-featured-news","11":"tag-featurednews","12":"tag-fi","13":"tag-finland","14":"tag-finnish","15":"tag-headlines","16":"tag-ilta-sanomat","17":"tag-latest-news","18":"tag-latestnews","19":"tag-main-news","20":"tag-mainnews","21":"tag-news","22":"tag-otsikot","23":"tag-paauutiset","24":"tag-suomi","25":"tag-top-stories","26":"tag-topstories","27":"tag-uutiset"},"share_on_mastodon":{"url":"https:\/\/pubeurope.com\/@fi\/115647008212327185","error":""},"_links":{"self":[{"href":"https:\/\/www.europesays.com\/fi\/wp-json\/wp\/v2\/posts\/105257","targetHints":{"allow":["GET"]}}],"collection":[{"href":"https:\/\/www.europesays.com\/fi\/wp-json\/wp\/v2\/posts"}],"about":[{"href":"https:\/\/www.europesays.com\/fi\/wp-json\/wp\/v2\/types\/post"}],"author":[{"embeddable":true,"href":"https:\/\/www.europesays.com\/fi\/wp-json\/wp\/v2\/users\/2"}],"replies":[{"embeddable":true,"href":"https:\/\/www.europesays.com\/fi\/wp-json\/wp\/v2\/comments?post=105257"}],"version-history":[{"count":0,"href":"https:\/\/www.europesays.com\/fi\/wp-json\/wp\/v2\/posts\/105257\/revisions"}],"wp:featuredmedia":[{"embeddable":true,"href":"https:\/\/www.europesays.com\/fi\/wp-json\/wp\/v2\/media\/105258"}],"wp:attachment":[{"href":"https:\/\/www.europesays.com\/fi\/wp-json\/wp\/v2\/media?parent=105257"}],"wp:term":[{"taxonomy":"category","embeddable":true,"href":"https:\/\/www.europesays.com\/fi\/wp-json\/wp\/v2\/categories?post=105257"},{"taxonomy":"post_tag","embeddable":true,"href":"https:\/\/www.europesays.com\/fi\/wp-json\/wp\/v2\/tags?post=105257"}],"curies":[{"name":"wp","href":"https:\/\/api.w.org\/{rel}","templated":true}]}}