{"id":105267,"date":"2025-12-02T00:17:15","date_gmt":"2025-12-02T00:17:15","guid":{"rendered":"https:\/\/www.europesays.com\/fi\/105267\/"},"modified":"2025-12-02T00:17:15","modified_gmt":"2025-12-02T00:17:15","slug":"ruotsi-tekee-94-patria-6x6-ajoneuvon-lisatilauksen-cavs-hankkeen-puitteissa","status":"publish","type":"post","link":"https:\/\/www.europesays.com\/fi\/105267\/","title":{"rendered":"Ruotsi tekee 94 Patria 6&#215;6 -ajoneuvon lis\u00e4tilauksen CAVS-hankkeen puitteissa"},"content":{"rendered":"<p>&#13;<br \/>\n                        &#13;<br \/>\n&#13;<\/p>\n<p>                                    <img decoding=\"async\" src=\"https:\/\/www.europesays.com\/fi\/wp-content\/uploads\/2025\/12\/abb6da5869b457d5_800x800ar.jpg\"\/><br \/>\n                                &#13;<br \/>\n&#13;<\/p>\n<p>Ruotsin puolustusvoimat on antanut Ruotsin puolustusmateriaalivirastolle (FMV) teht\u00e4v\u00e4ksi 94 Patria 6&#215;6 -ajoneuvon lis\u00e4hankinnan, jotka tunnetaan Ruotsissa nimell\u00e4 Pansarterr\u00e4ngbil 300. Tilaus kattaa joukkojenkuljetus-, johtamisj\u00e4rjestelm\u00e4 (C2) &#8211; ja l\u00e4\u00e4kint\u00e4evakuointiversiot. Ajoneuvot toimittaa Patria, mutta ruotsalainen teollisuus osallistuu merkitt\u00e4v\u00e4sti tuotantoon. Sopimuksen kokonaisarvo on noin 1,5 miljardia kruunua eli noin 140 miljoonaa euroa.<\/p>\n<p>&#13;<\/p>\n<p style=\"margin-top:12px;\">&#8221;Ruotsin p\u00e4\u00e4t\u00f6s tilata lis\u00e4\u00e4 Patria 6&#215;6 -ajoneuvoja on vahva osoitus luottamuksesta ja Common Armoured Vehicle System (CAVS) -hankkeen yhteisest\u00e4 voimasta. T\u00e4m\u00e4 vahvistaa entisest\u00e4\u00e4n liittolaismaiden v\u00e4list\u00e4 kaluston yhteentoimivuutta ja toimitusvarmuutta&#8221;, sanoo <strong>Jussi J\u00e4rvinen<\/strong>, Patrian Protected Mobility -liiketoiminta-alueen johtaja.<\/p>\n<p>Vuonna 2024 FMV tilasi 321 Pansarterr\u00e4ngbil 300 -ajoneuvoa, ja nyt tehdyn lis\u00e4tilauksen my\u00f6t\u00e4 Ruotsin puolustusvoimille toimitetaan yhteens\u00e4 415 ajoneuvoa vuosien 2025-2030 aikana. Tilaus tehd\u00e4\u00e4n Suomen johtaman monikansallisen CAVS-hankkeen puitteissa, jossa Ruotsi on mukana yhdess\u00e4 Latvian, Tanskan, Norjan, Saksan ja Yhdistyneen kuningaskunnan kanssa.<\/p>\n<p>Patria johtaa panssaroitujen 6&#215;6-ajoneuvojen j\u00e4rjestelm\u00e4n kehityst\u00e4 CAVS-hankkeessa. Patrialla on yli nelj\u00e4n vuosikymmenen kokemus huippuluokan panssaroiduista ajoneuvoista ja j\u00e4rjestelm\u00e4integraatioiden kehitt\u00e4misest\u00e4 ja toimittamisesta. Ajoneuvojen toimituksissa hy\u00f6dynnet\u00e4\u00e4n osallistuvien maiden paikallisen teollisuuden osaamista, ja jokainen osallistujamaa vahvistaa koko yhteisty\u00f6j\u00e4rjestelm\u00e4n toimitusvarmuutta. Patria on saanut tilauksia yhteishankkeen kautta jo yli 1000 Patria 6&#215;6 -ajoneuvosta, ja on toimittanut yli 250. Hanke on avoin maille, joilla on samankaltaiset vaatimukset, muiden osallistuvien maiden hyv\u00e4ksynn\u00e4ll\u00e4.<\/p>\n<p>&#13;<br \/>\n&#13;<br \/>\n&#13;<\/p>\n<p>\u00a0<br \/><strong>Lis\u00e4tietoja<\/strong>:<\/p>\n<p><strong>Sirje Ahvenlampi-Hyv\u00f6nen<\/strong>, Patrian viestint\u00e4johtaja, puh. +358 50 557 3822, sirje.ahvenlampi-hyvonen@patriagroup.com<\/p>\n<p><strong>Jussi J\u00e4rvinen<\/strong>, Executive Vice President, Protected Mobility, Patria, puh. +358 40 869 66 25, jussi.jarvinen@patriagroup.com<\/p>\n<p>CAVS-yhteishanke: www.patriagroup.com\/about-us\/research-and-innovations\/common-armoured-vehicle-system-cavs-programme<\/p>\n<p>Patria 6&#215;6: www.patriagroup.com\/products-and-services\/protected-mobility\/wheeled-mobility\/patria-6&#215;6<\/p>\n<p>&#13;<\/p>\n<p><strong>Patria <\/strong>on kansainv\u00e4linen puolustusteollisuus- ja teknologiayhti\u00f6, jolla on yli 100 vuoden kokemus alalta. Patrian huippuluokan osaajien ja Protected Mobility, Defence and Weapon Systems ja Sustainment Solutions -liiketoiminta-alueiden avulla varmistamme asiakkaillemme luotettavan toiminnan ja olemme kumppanina kriittisiss\u00e4 toiminnoissa maalla, merell\u00e4 ja ilmassa &#8211; kun kaiken on pakko toimia. Patrialla on toimipisteit\u00e4 Suomen lis\u00e4ksi Ruotsissa, Norjassa, Belgiassa, Alankomaissa, Saksassa, Latviassa ja Japanissa.<br \/>Patrian omistavat Suomen valtio (50,1 %) ja norjalainen Kongsberg Defence &amp; Aerospace AS (49,9 %). Patria omistaa 50 % Nammosta, ja yhdess\u00e4 n\u00e4m\u00e4 kolme yrityst\u00e4 muodostavat johtavan pohjoismaisen puolustuskumppanuuden.<br \/><strong>www.patriagroup.com<\/strong><\/p>\n","protected":false},"excerpt":{"rendered":"&#13; &#13; &#13; &#13; &#13; Ruotsin puolustusvoimat on antanut Ruotsin puolustusmateriaalivirastolle (FMV) teht\u00e4v\u00e4ksi 94 Patria 6&#215;6 -ajoneuvon lis\u00e4hankinnan,&hellip;\n","protected":false},"author":2,"featured_media":105268,"comment_status":"","ping_status":"","sticky":false,"template":"","format":"standard","meta":{"footnotes":""},"categories":[76],"tags":[79,77,33,31,30,32,78],"class_list":{"0":"post-105267","1":"post","2":"type-post","3":"status-publish","4":"format-standard","5":"has-post-thumbnail","7":"category-talous","8":"tag-business","9":"tag-economy","10":"tag-fi","11":"tag-finland","12":"tag-finnish","13":"tag-suomi","14":"tag-talous"},"share_on_mastodon":{"url":"https:\/\/pubeurope.com\/@fi\/115647102734222725","error":""},"_links":{"self":[{"href":"https:\/\/www.europesays.com\/fi\/wp-json\/wp\/v2\/posts\/105267","targetHints":{"allow":["GET"]}}],"collection":[{"href":"https:\/\/www.europesays.com\/fi\/wp-json\/wp\/v2\/posts"}],"about":[{"href":"https:\/\/www.europesays.com\/fi\/wp-json\/wp\/v2\/types\/post"}],"author":[{"embeddable":true,"href":"https:\/\/www.europesays.com\/fi\/wp-json\/wp\/v2\/users\/2"}],"replies":[{"embeddable":true,"href":"https:\/\/www.europesays.com\/fi\/wp-json\/wp\/v2\/comments?post=105267"}],"version-history":[{"count":0,"href":"https:\/\/www.europesays.com\/fi\/wp-json\/wp\/v2\/posts\/105267\/revisions"}],"wp:featuredmedia":[{"embeddable":true,"href":"https:\/\/www.europesays.com\/fi\/wp-json\/wp\/v2\/media\/105268"}],"wp:attachment":[{"href":"https:\/\/www.europesays.com\/fi\/wp-json\/wp\/v2\/media?parent=105267"}],"wp:term":[{"taxonomy":"category","embeddable":true,"href":"https:\/\/www.europesays.com\/fi\/wp-json\/wp\/v2\/categories?post=105267"},{"taxonomy":"post_tag","embeddable":true,"href":"https:\/\/www.europesays.com\/fi\/wp-json\/wp\/v2\/tags?post=105267"}],"curies":[{"name":"wp","href":"https:\/\/api.w.org\/{rel}","templated":true}]}}