{"id":105269,"date":"2025-12-02T00:18:07","date_gmt":"2025-12-02T00:18:07","guid":{"rendered":"https:\/\/www.europesays.com\/fi\/105269\/"},"modified":"2025-12-02T00:18:07","modified_gmt":"2025-12-02T00:18:07","slug":"bbc-mielenosoittajia-vastaan-kaytettiin-ensimmaisen-maailmansodan-aikaista-myrkkya","status":"publish","type":"post","link":"https:\/\/www.europesays.com\/fi\/105269\/","title":{"rendered":"BBC: Mielenosoittajia vastaan k\u00e4ytettiin ensimm\u00e4isen maailmansodan aikaista myrkky\u00e4"},"content":{"rendered":"<p>Mielenosoituksiin osallistuneet kertovat k\u00e4rsineens\u00e4 viikkojen ajan erilaisista oireista.<\/p>\n<p>1.12. 23:52<\/p>\n<p class=\"article-body mb-nof-24 px-nof-16\">Georgian viranomaiset k\u00e4yttiv\u00e4t ensimm\u00e4isen maailmansodan aikaista kemiallista asetta taltuttaakseen hallituksen vastaisia mielenosoituksia viime vuonna, ilmenee <a class=\"article-genericlink\" href=\"https:\/\/www.bbc.com\/news\/articles\/czrk7g50e1po\" rel=\"nofollow noopener\" target=\"_blank\">BBC:n<\/a> ker\u00e4\u00e4mist\u00e4 todisteista.<\/p>\n<p class=\"article-body mb-nof-24 px-nof-16\">BBC:n haastattelemien kemiallisten aseiden asiantuntijoiden sek\u00e4 Georgian mellakkapoliisin l\u00e4hteiden ja l\u00e4\u00e4k\u00e4reiden mukaan todisteet osoittavat mielenosoittajia vastaan k\u00e4ytetyn ainetta, jolle Ranskan armeija ensimm\u00e4isess\u00e4 maailmansodassa antoi nimen \u201dcamite\u201d.<\/p>\n<p class=\"article-body mb-nof-24 px-nof-16\">Camiten k\u00e4yt\u00f6st\u00e4 on vain v\u00e4h\u00e4n tietoa, mutta se korvattiin 1930-luvulla kyynelkaasulla.<\/p>\n<p class=\"article-body mb-nof-24 px-nof-16\">Georgian viranomaisten mukaan BBC:n esitt\u00e4m\u00e4t v\u00e4itteet ovat \u201dabsurdeja\u201d ja ett\u00e4 poliisi on toiminut laillisesti.<\/p>\n<p class=\"article-body mb-nof-24 px-nof-16\">Mielenosoitukset alkoivat vuosi sitten, kun Georgian hallitseva puolue ilmoitti keskeytt\u00e4v\u00e4ns\u00e4 EU-j\u00e4senyysneuvottelut. EU-j\u00e4senyys on kirjattu Georgian perustuslakiin valtion tavoitteena.<\/p>\n<p class=\"article-body mb-nof-24 px-nof-16\">Mielenosoittajat kertovat saaneensa oireita kun heit\u00e4 p\u00e4in oli ruiskutettu vett\u00e4 vesitykeill\u00e4.<\/p>\n<p class=\"article-body mb-nof-24 px-nof-16\">\u2013 Vesi tuntui polttavalta, yksi mielenosoittaja kuvaili ihotuntemuksia, jotka kestiv\u00e4t pitk\u00e4\u00e4n.<\/p>\n<p class=\"article-body mb-nof-24 px-nof-16\">Muut mielenosoittajat ovat kertoneet saaneensa muitakin oireita, kuten hengitysvaikeuksia, yskimist\u00e4 sek\u00e4 oksentelua, jotka kestiv\u00e4t jopa viikkoja.<\/p>\n<p class=\"article-body mb-nof-24 px-nof-16\">Lastenl\u00e4\u00e4k\u00e4ri <a class=\"article-personlink\" href=\"https:\/\/www.is.fi\/haku\/?query=Konstantine%20Tshakhunashvili\" rel=\"nofollow noopener\" target=\"_blank\">Konstantine Tshakhunashvili<\/a> on tutkinut mielenosoittajien oireita saatuaan my\u00f6s itse oireita vesitykist\u00e4. H\u00e4n kertoi ihossaan olleen polttava tunne p\u00e4ivien ajan eik\u00e4 se parantunut edes pesem\u00e4ll\u00e4 ihoa.<\/p>\n<p class=\"article-body mb-nof-24 px-nof-16\">\u2013 Itse asiassa pesu vain pahensi tilannetta.<\/p>\n<p class=\"article-body mb-nof-24 px-nof-16\">Tohtori Tshakhunashvili kertoo saaneensa yhteyden liki 350 ihmiseen, joista noin puolet kertoi yhdest\u00e4 tai useammasta oireesta, jotka kestiv\u00e4t yli 30 p\u00e4iv\u00e4\u00e4.<\/p>\n<p class=\"article-body mb-nof-24 px-nof-16\">Tshakhunashvilin tutkimustulokset on vertaisarvioitu ja julkaistu kansainv\u00e4lisess\u00e4 l\u00e4\u00e4ketieteen julkaisussa.<\/p>\n<p class=\"article-body mb-nof-24 px-nof-16\">BBC:n mukaan Tshakhunashvilin tutkimukset vahvistavat muun muassa toimittajien, l\u00e4\u00e4k\u00e4reiden ja kansalaisoikeusj\u00e4rjest\u00f6jen v\u00e4itteet, ett\u00e4 vesitykeiss\u00e4 oli k\u00e4ytetty kemikaaleja.<\/p>\n<p class=\"article-body mb-nof-24 px-nof-16\">Georgian mellakkapoliisin aseistuksesta aikoinaan vastannut <a class=\"article-personlink\" href=\"https:\/\/www.is.fi\/haku\/?query=Lasha%20Shergelashvili\" rel=\"nofollow noopener\" target=\"_blank\">Lasha Shergelashvili<\/a> uskoo, ett\u00e4 samaa kemikaalia testattiin h\u00e4nen pyynn\u00f6st\u00e4\u00e4n vesitykeill\u00e4 jo 2009.<\/p>\n<p class=\"article-body mb-nof-24 px-nof-16\">\u2013 Havaitsimme, ett\u00e4 kemikaalin vaikutus ei tuntunut helpottavan, toisin kuin tavallisen kyynelkaasun.<\/p>\n<p class=\"article-body mb-nof-24 px-nof-16\">Shergelashvili sanoo suositelleensa kemikaalin k\u00e4yt\u00f6st\u00e4 luopumista, mutta h\u00e4nen mukaansa kemikaalia laitettiin vesitykkeihin ainakin vuoteen 2022 saakka, jolloin h\u00e4n irtisanoutui ja muutti pois maasta.<\/p>\n","protected":false},"excerpt":{"rendered":"Mielenosoituksiin osallistuneet kertovat k\u00e4rsineens\u00e4 viikkojen ajan erilaisista oireista. 1.12. 23:52 Georgian viranomaiset k\u00e4yttiv\u00e4t ensimm\u00e4isen maailmansodan aikaista kemiallista asetta&hellip;\n","protected":false},"author":2,"featured_media":105270,"comment_status":"","ping_status":"","sticky":false,"template":"","format":"standard","meta":{"footnotes":""},"categories":[14],"tags":[22,23,26,27,33,31,30,17,34,24,25,28,29,15,18,21,32,19,20,56,16,59,60,61],"class_list":{"0":"post-105269","1":"post","2":"type-post","3":"status-publish","4":"format-standard","5":"has-post-thumbnail","7":"category-ulkomaat","8":"tag-breaking-news","9":"tag-breakingnews","10":"tag-featured-news","11":"tag-featurednews","12":"tag-fi","13":"tag-finland","14":"tag-finnish","15":"tag-headlines","16":"tag-ilta-sanomat","17":"tag-latest-news","18":"tag-latestnews","19":"tag-main-news","20":"tag-mainnews","21":"tag-news","22":"tag-otsikot","23":"tag-paauutiset","24":"tag-suomi","25":"tag-top-stories","26":"tag-topstories","27":"tag-ulkomaat","28":"tag-uutiset","29":"tag-world","30":"tag-world-news","31":"tag-worldnews"},"share_on_mastodon":{"url":"https:\/\/pubeurope.com\/@fi\/115647106522227149","error":""},"_links":{"self":[{"href":"https:\/\/www.europesays.com\/fi\/wp-json\/wp\/v2\/posts\/105269","targetHints":{"allow":["GET"]}}],"collection":[{"href":"https:\/\/www.europesays.com\/fi\/wp-json\/wp\/v2\/posts"}],"about":[{"href":"https:\/\/www.europesays.com\/fi\/wp-json\/wp\/v2\/types\/post"}],"author":[{"embeddable":true,"href":"https:\/\/www.europesays.com\/fi\/wp-json\/wp\/v2\/users\/2"}],"replies":[{"embeddable":true,"href":"https:\/\/www.europesays.com\/fi\/wp-json\/wp\/v2\/comments?post=105269"}],"version-history":[{"count":0,"href":"https:\/\/www.europesays.com\/fi\/wp-json\/wp\/v2\/posts\/105269\/revisions"}],"wp:featuredmedia":[{"embeddable":true,"href":"https:\/\/www.europesays.com\/fi\/wp-json\/wp\/v2\/media\/105270"}],"wp:attachment":[{"href":"https:\/\/www.europesays.com\/fi\/wp-json\/wp\/v2\/media?parent=105269"}],"wp:term":[{"taxonomy":"category","embeddable":true,"href":"https:\/\/www.europesays.com\/fi\/wp-json\/wp\/v2\/categories?post=105269"},{"taxonomy":"post_tag","embeddable":true,"href":"https:\/\/www.europesays.com\/fi\/wp-json\/wp\/v2\/tags?post=105269"}],"curies":[{"name":"wp","href":"https:\/\/api.w.org\/{rel}","templated":true}]}}