{"id":105273,"date":"2025-12-02T00:20:12","date_gmt":"2025-12-02T00:20:12","guid":{"rendered":"https:\/\/www.europesays.com\/fi\/105273\/"},"modified":"2025-12-02T00:20:12","modified_gmt":"2025-12-02T00:20:12","slug":"junatyontekija-kuoli-traagisessa-turmassa-kuopiossa","status":"publish","type":"post","link":"https:\/\/www.europesays.com\/fi\/105273\/","title":{"rendered":"Junaty\u00f6ntekij\u00e4 kuoli traagisessa turmassa Kuopiossa"},"content":{"rendered":"<p>Opiskelijanuorukainen ajoi rekka-autolla junan eteen.<\/p>\n<p>1.12. 18:14<\/p>\n<p class=\"article-body mb-nof-24 px-nof-16\">VR:n Kuopion Kurkim\u00e4en lastausalueella tapahtui viime vuoden helmikuussa tasoristeysonnettomuus, jonka seurauksena junan kyydiss\u00e4 ollut junaty\u00f6ntekij\u00e4 sai surmansa.<\/p>\n<p class=\"article-body mb-nof-24 px-nof-16\">Syytt\u00e4j\u00e4 syytti ty\u00f6ntekij\u00e4n kuolemasta ja onnettomuudesta nuorta opiskelijamiest\u00e4, joka ajoi rekalla junan eteen. Syytt\u00e4j\u00e4 vaati h\u00e4nelle ehdollista vankeustuomiota.<\/p>\n<p class=\"article-body mb-nof-24 px-nof-16\">Oikeus antoi asiassa ratkaisunsa maanantaina.<\/p>\n<p class=\"article-body mb-nof-24 px-nof-16\">Oikeuden mukaan mies oli huolimaton ajaja, mutta ei vastuussa junaty\u00f6ntekij\u00e4n kuolemasta. Oikeus tuomitsi miehen liikenneturvallisuuden vaarantamisesta 45 p\u00e4iv\u00e4sakkoon. Kuolemantuottamussyyte kaatui.<\/p>\n<p><img decoding=\"async\" src=\"https:\/\/www.europesays.com\/fi\/wp-content\/uploads\/2025\/11\/1763363352_496_468.jpg\" alt=\"Onnettomuuspaikka kuvattu yl\u00e4ilmoista. Junaty\u00f6ntekij\u00e4 j\u00e4i ajoneuvoyhdistelm\u00e4n ja puutavarajunan v\u00e4liin ja menehtyi vammoihinsa.\" class=\"_Img_1rerz_1\" style=\"aspect-ratio:1.8233618233618234\" loading=\"eager\"\/><\/p>\n<p class=\"article-picture-caption\">Onnettomuuspaikka kuvattu yl\u00e4ilmoista. Junaty\u00f6ntekij\u00e4 j\u00e4i ajoneuvoyhdistelm\u00e4n ja puutavarajunan v\u00e4liin ja menehtyi vammoihinsa. Kuva:\u00a0Poliisi<\/p>\n<p class=\"article-body mb-nof-24 px-nof-16\">Onnettomuus tapahtui 6. helmikuuta 2024.<\/p>\n<p class=\"article-body mb-nof-24 px-nof-16\">Oikeuden mukaan mies oli huolimaton ajaja, koska t\u00e4m\u00e4 ajoi rekalla tasoristeykseen, vaikka samaan aikaan vasemmalta puolelta l\u00e4hestyi peruuttava puutavarajuna. Puutavarajuna ei ehtinyt jarruttaa ajoissa, ja se t\u00f6rm\u00e4si rekan per\u00e4vaunuun traagisin seurauksin.<\/p>\n<p class=\"article-body mb-nof-24 px-nof-16\">Puutavarajunan viimeisess\u00e4 vaunussa oli vaihtoty\u00f6n johtaja, joka j\u00e4i t\u00f6rm\u00e4yksess\u00e4 puristuksiin ajoneuvoyhdistelm\u00e4n per\u00e4vaunun renkaiden v\u00e4liin ja menehtyi saamiinsa vammoihin.<\/p>\n<p class=\"article-body mb-nof-24 px-nof-16\">Oikeuden mukaan kuolema oli tapaturmainen, eik\u00e4 rekkakuskin syy.<\/p>\n<p class=\"article-body mb-nof-24 px-nof-16\">Oikeuden mukaan rekkakuskin oli vaikea havaita l\u00e4hestyv\u00e4\u00e4 junaa auringonpaisteen ja lumivallin takia.<\/p>\n<p class=\"article-body mb-nof-24 px-nof-16\">Lis\u00e4ksi oikeuden mielest\u00e4 junaty\u00f6ntekij\u00e4n kuolemaan vaikutti t\u00e4m\u00e4n oman toiminta. Oikeuden mukaan h\u00e4n ei erehdyksest\u00e4 johtuen varoittanut k\u00e4simerkeill\u00e4 tai muilla eleill\u00e4 rekkakuskia l\u00e4hestyv\u00e4st\u00e4 junasta.<\/p>\n<p><img decoding=\"async\" src=\"https:\/\/www.europesays.com\/fi\/wp-content\/uploads\/2025\/11\/1763363352_250_468.jpg\" alt=\"T\u00e4ll\u00e4 ajoneuvolla nuorukainen ajoi.\" class=\"_Img_1rerz_1\" style=\"aspect-ratio:0.6625\" loading=\"eager\"\/><\/p>\n<p class=\"article-picture-caption\">T\u00e4ll\u00e4 ajoneuvolla nuorukainen ajoi. Kuva:\u00a0Poliisi<\/p>\n<p class=\"article-body mb-nof-24 px-nof-16\">Rekkakuski itse kiisti syytteet. H\u00e4nen mukaansa kyse oli useiden ep\u00e4onnisten sattumien summasta, johon h\u00e4n ei voinut vaikuttaa.<\/p>\n<p class=\"article-body mb-nof-24 px-nof-16\">H\u00e4n oli tapahtumien aikaan 18-vuotias ja suoritti kouluunsa liittyvi\u00e4 ajo-opintoja. H\u00e4n ajoi tapahtumap\u00e4iv\u00e4n\u00e4 ensimm\u00e4ist\u00e4 kertaa yksin rekalla.<\/p>\n<p class=\"article-body mb-nof-24 px-nof-16\">Mies ei kertomansa mukaan havainnut, ett\u00e4 juna liikkui hitaasti tasoristeyst\u00e4 kohti. H\u00e4n ajatteli, ett\u00e4 risteys oli turvallista ylitt\u00e4\u00e4.<\/p>\n<p class=\"article-body mb-nof-24 px-nof-16\">Tuomittu on nyky\u00e4\u00e4n 20-vuotias. Oikeuden maanantaina antama tuomio ei ole lainvoimainen.<\/p>\n<p><img decoding=\"async\" src=\"https:\/\/www.europesays.com\/fi\/wp-content\/uploads\/2025\/11\/1763363353_910_468.jpg\" alt=\"Onnettomuuspaikka.\" class=\"_Img_1rerz_1\" style=\"aspect-ratio:1.7777777777777777\" loading=\"eager\"\/><\/p>\n<p class=\"article-picture-caption\">Onnettomuuspaikka. Kuva:\u00a0Poliisi<\/p>\n<p><img decoding=\"async\" src=\"https:\/\/www.europesays.com\/fi\/wp-content\/uploads\/2025\/11\/1763363353_882_468.jpg\" alt=\"N\u00e4kym\u00e4 ajoneuvoyhdistelm\u00e4n hytist\u00e4 kuvattuna junan tulosuuntaan.\" class=\"_Img_1rerz_1\" style=\"aspect-ratio:1.509433962264151\" loading=\"eager\"\/><\/p>\n<p class=\"article-picture-caption\">N\u00e4kym\u00e4 ajoneuvoyhdistelm\u00e4n hytist\u00e4 kuvattuna junan tulosuuntaan. Kuva:\u00a0Poliisi<\/p>\n","protected":false},"excerpt":{"rendered":"Opiskelijanuorukainen ajoi rekka-autolla junan eteen. 1.12. 18:14 VR:n Kuopion Kurkim\u00e4en lastausalueella tapahtui viime vuoden helmikuussa tasoristeysonnettomuus, jonka seurauksena&hellip;\n","protected":false},"author":2,"featured_media":92244,"comment_status":"","ping_status":"","sticky":false,"template":"","format":"standard","meta":{"footnotes":""},"categories":[5],"tags":[22,23,26,27,33,31,30,17,34,24,25,28,29,15,18,21,32,19,20,16],"class_list":{"0":"post-105273","1":"post","2":"type-post","3":"status-publish","4":"format-standard","5":"has-post-thumbnail","7":"category-otsikot","8":"tag-breaking-news","9":"tag-breakingnews","10":"tag-featured-news","11":"tag-featurednews","12":"tag-fi","13":"tag-finland","14":"tag-finnish","15":"tag-headlines","16":"tag-ilta-sanomat","17":"tag-latest-news","18":"tag-latestnews","19":"tag-main-news","20":"tag-mainnews","21":"tag-news","22":"tag-otsikot","23":"tag-paauutiset","24":"tag-suomi","25":"tag-top-stories","26":"tag-topstories","27":"tag-uutiset"},"share_on_mastodon":{"url":"https:\/\/pubeurope.com\/@fi\/115647114378123576","error":""},"_links":{"self":[{"href":"https:\/\/www.europesays.com\/fi\/wp-json\/wp\/v2\/posts\/105273","targetHints":{"allow":["GET"]}}],"collection":[{"href":"https:\/\/www.europesays.com\/fi\/wp-json\/wp\/v2\/posts"}],"about":[{"href":"https:\/\/www.europesays.com\/fi\/wp-json\/wp\/v2\/types\/post"}],"author":[{"embeddable":true,"href":"https:\/\/www.europesays.com\/fi\/wp-json\/wp\/v2\/users\/2"}],"replies":[{"embeddable":true,"href":"https:\/\/www.europesays.com\/fi\/wp-json\/wp\/v2\/comments?post=105273"}],"version-history":[{"count":0,"href":"https:\/\/www.europesays.com\/fi\/wp-json\/wp\/v2\/posts\/105273\/revisions"}],"wp:featuredmedia":[{"embeddable":true,"href":"https:\/\/www.europesays.com\/fi\/wp-json\/wp\/v2\/media\/92244"}],"wp:attachment":[{"href":"https:\/\/www.europesays.com\/fi\/wp-json\/wp\/v2\/media?parent=105273"}],"wp:term":[{"taxonomy":"category","embeddable":true,"href":"https:\/\/www.europesays.com\/fi\/wp-json\/wp\/v2\/categories?post=105273"},{"taxonomy":"post_tag","embeddable":true,"href":"https:\/\/www.europesays.com\/fi\/wp-json\/wp\/v2\/tags?post=105273"}],"curies":[{"name":"wp","href":"https:\/\/api.w.org\/{rel}","templated":true}]}}