{"id":105274,"date":"2025-12-02T00:32:16","date_gmt":"2025-12-02T00:32:16","guid":{"rendered":"https:\/\/www.europesays.com\/fi\/105274\/"},"modified":"2025-12-02T00:32:16","modified_gmt":"2025-12-02T00:32:16","slug":"jaajo-linnonmaa-paljasti-yllatyksen-loppuvuoden-paras-uutinen","status":"publish","type":"post","link":"https:\/\/www.europesays.com\/fi\/105274\/","title":{"rendered":"Jaajo Linnonmaa paljasti yll\u00e4tyksen &#8211; &#8221;Loppuvuoden paras uutinen&#8221;"},"content":{"rendered":"<p>Juontaja <strong>Jaajo Linnonmaa<\/strong> paljasti jokin aika sitten salaisuuden ja kertoi kirjoittavansa kirjaa. Paljastuksen teki oikeastaan h\u00e4nen assistenttinsa. Jaajolla oli eilen mieless\u00e4 toinenkin salaisuus, jonka h\u00e4n paljasti t\u00e4n\u00e4\u00e4n.<\/p>\n<p>\u2013 Huomenna muuten tulee sitten ISO uutinen, josta tuutte tykk\u00e4\u00e4m\u00e4\u00e4n. Odotan innolla, ett\u00e4 p\u00e4\u00e4sen sen kertomaan. Arvauksia? Mielell\u00e4\u00e4n vain v\u00e4\u00e4ri\u00e4, kertoi Linnonmaa eilen.<\/p>\n<p>Arvauksia tuli paljon. Joku arveli h\u00e4nen osallistuvan Erikoisjoukot-ohjelmaan. Er\u00e4s mietti, voisiko h\u00e4n olla uusi Tanssii T\u00e4htien Kanssa -ohjelman juontaja. N\u00e4m\u00e4 arvaukset olivat v\u00e4\u00e4ri\u00e4.<\/p>\n<p>Jos et n\u00e4e upotusta, saat sen auki <a href=\"https:\/\/www.instagram.com\/p\/DRtakj9jLHp\/?utm_source=ig_web_copy_link&amp;igsh=MzRlODBiNWFlZA==\" target=\"_blank\" rel=\"noreferrer noopener nofollow\">t\u00e4st\u00e4<\/a>.<\/p>\n<p>Jaajo paljasti salaisuuden<\/p>\n<p>Jaajon eilen lupaama salaisuus on nyt paljastettu. H\u00e4n kertoi siit\u00e4 maanantaiaamuisessa julkaisussaan.<\/p>\n<p>\u2013 HYVI\u00c4 UUTISIA! Superterassi 2026 on ly\u00f6ty lukkoon. Viime kes\u00e4n Superterassi oli monella mittarilla Suomen historian suurin tapahtuma, paljasti Linnonmaa salaisuutensa.<\/p>\n<p>Jaajon uutinen on otettu ilolla vastaan.<\/p>\n<p>\u2013 Hyv\u00e4 homma! P\u00e4\u00e4see ensi kes\u00e4n\u00e4kin siis terdelle, on joku kommentoinut.<\/p>\n<p>\u2013 T\u00e4\u00e4 on t\u00e4n loppuvuoden paras uutinen, kirjoittaa er\u00e4s.<\/p>\n<p>Jos et n\u00e4e upotusta, saat sen auki <a href=\"https:\/\/www.instagram.com\/p\/DRtpMCSjEIR\/?utm_source=ig_web_copy_link&amp;igsh=MzRlODBiNWFlZA==\" target=\"_blank\" rel=\"noreferrer noopener nofollow\">t\u00e4st\u00e4<\/a>.<\/p>\n<p>Lue my\u00f6s: <a href=\"https:\/\/www.como.fi\/tilaa-comon-uutiskirje\/\" title=\"Tilaa Comon uutiskirje ja tied\u00e4t mist\u00e4 kahvitauolla puhutaan! Nappaa kotimaan tv-vinkit ja puheenaiheet suoraan s\u00e4hk\u00f6postiin t\u00e4st\u00e4.\" class=\"underline-custom !font-montserrat !font-bold !underline-offset-4 !decoration-4 !decoration-red-600 !text-md\" rel=\"nofollow noopener\" target=\"_blank\">Tilaa Comon uutiskirje ja tied\u00e4t mist\u00e4 kahvitauolla puhutaan! Nappaa kotimaan tv-vinkit ja puheenaiheet suoraan s\u00e4hk\u00f6postiin t\u00e4st\u00e4.<\/a><\/p>\n<p>\t\t\t<script async src=\"\/\/www.instagram.com\/embed.js\"><\/script><\/p>\n","protected":false},"excerpt":{"rendered":"Juontaja Jaajo Linnonmaa paljasti jokin aika sitten salaisuuden ja kertoi kirjoittavansa kirjaa. Paljastuksen teki oikeastaan h\u00e4nen assistenttinsa. Jaajolla&hellip;\n","protected":false},"author":2,"featured_media":105275,"comment_status":"","ping_status":"","sticky":false,"template":"","format":"standard","meta":{"footnotes":""},"categories":[136],"tags":[407,137,33,31,30,2681,408,32,109],"class_list":{"0":"post-105274","1":"post","2":"type-post","3":"status-publish","4":"format-standard","5":"has-post-thumbnail","7":"category-julkkikset","8":"tag-celebrities","9":"tag-entertainment","10":"tag-fi","11":"tag-finland","12":"tag-finnish","13":"tag-jaajo-linnonmaa","14":"tag-julkkikset","15":"tag-suomi","16":"tag-viihde"},"share_on_mastodon":{"url":"https:\/\/pubeurope.com\/@fi\/115647161515534155","error":""},"_links":{"self":[{"href":"https:\/\/www.europesays.com\/fi\/wp-json\/wp\/v2\/posts\/105274","targetHints":{"allow":["GET"]}}],"collection":[{"href":"https:\/\/www.europesays.com\/fi\/wp-json\/wp\/v2\/posts"}],"about":[{"href":"https:\/\/www.europesays.com\/fi\/wp-json\/wp\/v2\/types\/post"}],"author":[{"embeddable":true,"href":"https:\/\/www.europesays.com\/fi\/wp-json\/wp\/v2\/users\/2"}],"replies":[{"embeddable":true,"href":"https:\/\/www.europesays.com\/fi\/wp-json\/wp\/v2\/comments?post=105274"}],"version-history":[{"count":0,"href":"https:\/\/www.europesays.com\/fi\/wp-json\/wp\/v2\/posts\/105274\/revisions"}],"wp:featuredmedia":[{"embeddable":true,"href":"https:\/\/www.europesays.com\/fi\/wp-json\/wp\/v2\/media\/105275"}],"wp:attachment":[{"href":"https:\/\/www.europesays.com\/fi\/wp-json\/wp\/v2\/media?parent=105274"}],"wp:term":[{"taxonomy":"category","embeddable":true,"href":"https:\/\/www.europesays.com\/fi\/wp-json\/wp\/v2\/categories?post=105274"},{"taxonomy":"post_tag","embeddable":true,"href":"https:\/\/www.europesays.com\/fi\/wp-json\/wp\/v2\/tags?post=105274"}],"curies":[{"name":"wp","href":"https:\/\/api.w.org\/{rel}","templated":true}]}}