{"id":105287,"date":"2025-12-02T00:58:14","date_gmt":"2025-12-02T00:58:14","guid":{"rendered":"https:\/\/www.europesays.com\/fi\/105287\/"},"modified":"2025-12-02T00:58:14","modified_gmt":"2025-12-02T00:58:14","slug":"odottaako-johanna-harlin-tyttoa-vai-poikaa-nyt-se-paljastui","status":"publish","type":"post","link":"https:\/\/www.europesays.com\/fi\/105287\/","title":{"rendered":"Odottaako Johanna Harlin tytt\u00f6\u00e4 vai poikaa? \u2013 nyt se paljastui"},"content":{"rendered":"<p>Ohjaaja <strong>Renny Harlinin<\/strong> vaimo <strong>Johanna Harlin<\/strong> odottaa parin kolmatta yhteist\u00e4 lasta. Parin esikoinen on tytt\u00f6 ja toinen lapsi on poika. Johannan raskaus on jo niin pitk\u00e4ll\u00e4, ett\u00e4 on tiedossa kumpaa h\u00e4n t\u00e4ll\u00e4 kerralla odottaa.<\/p>\n<p>Lue my\u00f6s: <a href=\"https:\/\/www.como.fi\/uutiset\/raskaana-oleva-johanna-harlin-paljastaa-suosikkinimensa-lapselle\/\" title=\"Raskaana oleva Johanna Harlin paljastaa suosikkinimens\u00e4 lapselle\" class=\"underline-custom !font-montserrat !font-bold !underline-offset-4 !decoration-4 !decoration-red-600 !text-md\" rel=\"nofollow noopener\" target=\"_blank\">Raskaana oleva Johanna Harlin paljastaa suosikkinimens\u00e4 lapselle<\/a><\/p>\n<p>Johanna kertoi aiemmassa julkaisussaan, kuinka lapsen sukupuoli ei ole ollut viel\u00e4 heill\u00e4 itsell\u00e4\u00e4n selvill\u00e4. Se on lukenut kuitenkin kirjekuoren sis\u00e4ll\u00e4. Kirjekuori oli tarkoitus avata, kun perhe palaa kotiinsa Miamiin.<\/p>\n<p>Nyt perhe on jo ollut Miamin kodissaan jonkin aikaa. Renny ja Johanna ovat my\u00f6s j\u00e4rjest\u00e4neet tilaisuuden, jossa paljastui heid\u00e4n kolmannen lapsensa sukupuoli.<\/p>\n<p>Renny katsoo videossa kirjekuoren sis\u00e4lle ja valitsee vaaleanpunaisesta ja vaaleansinisest\u00e4 kukkakimpusta kuoren sis\u00e4ll\u00f6n mukaisen kimpun. H\u00e4n valitsee vaaleansinisen kimpun ja ojentaa sen Johannalle. Parille syntyy t\u00e4ten toinen yhteinen poika.<\/p>\n<p>\u2013 Kiitos perheellemme ja yst\u00e4villemme, jotka olitte paikalla tai liittyitte seuraamme kauempaa n\u00e4in ihanasta p\u00e4iv\u00e4st\u00e4 eilen. Syd\u00e4memme on t\u00e4ynn\u00e4, lukee parin yhteisess\u00e4 julkaisussa vapaasti suomennettuna.<\/p>\n<p>Jos upotus ei n\u00e4y, avaa se auki <a href=\"https:\/\/www.instagram.com\/reel\/DRuGoaiDT3a\/?utm_source=ig_web_copy_link&amp;igsh=NTc4MTIwNjQ2YQ==\" target=\"_blank\" rel=\"noreferrer noopener nofollow\">t\u00e4st\u00e4<\/a>.<\/p>\n<p>Lue my\u00f6s: <a href=\"https:\/\/www.como.fi\/tilaa-comon-uutiskirje\/\" title=\"Tilaa Comon uutiskirje ja tied\u00e4t mist\u00e4 kahvitauolla puhutaan! Nappaa kotimaan tv-vinkit ja puheenaiheet suoraan s\u00e4hk\u00f6postiin t\u00e4st\u00e4.\" class=\"underline-custom !font-montserrat !font-bold !underline-offset-4 !decoration-4 !decoration-red-600 !text-md\" rel=\"nofollow noopener\" target=\"_blank\">Tilaa Comon uutiskirje ja tied\u00e4t mist\u00e4 kahvitauolla puhutaan! Nappaa kotimaan tv-vinkit ja puheenaiheet suoraan s\u00e4hk\u00f6postiin t\u00e4st\u00e4.<\/a><\/p>\n<p>\t\t\t<script async src=\"\/\/www.instagram.com\/embed.js\"><\/script><\/p>\n","protected":false},"excerpt":{"rendered":"Ohjaaja Renny Harlinin vaimo Johanna Harlin odottaa parin kolmatta yhteist\u00e4 lasta. Parin esikoinen on tytt\u00f6 ja toinen lapsi&hellip;\n","protected":false},"author":2,"featured_media":105288,"comment_status":"","ping_status":"","sticky":false,"template":"","format":"standard","meta":{"footnotes":""},"categories":[136],"tags":[407,137,33,31,30,2623,408,2304,32,109],"class_list":{"0":"post-105287","1":"post","2":"type-post","3":"status-publish","4":"format-standard","5":"has-post-thumbnail","7":"category-julkkikset","8":"tag-celebrities","9":"tag-entertainment","10":"tag-fi","11":"tag-finland","12":"tag-finnish","13":"tag-johanna-harlin","14":"tag-julkkikset","15":"tag-renny-harlin","16":"tag-suomi","17":"tag-viihde"},"share_on_mastodon":{"url":"https:\/\/pubeurope.com\/@fi\/115647263737995433","error":""},"_links":{"self":[{"href":"https:\/\/www.europesays.com\/fi\/wp-json\/wp\/v2\/posts\/105287","targetHints":{"allow":["GET"]}}],"collection":[{"href":"https:\/\/www.europesays.com\/fi\/wp-json\/wp\/v2\/posts"}],"about":[{"href":"https:\/\/www.europesays.com\/fi\/wp-json\/wp\/v2\/types\/post"}],"author":[{"embeddable":true,"href":"https:\/\/www.europesays.com\/fi\/wp-json\/wp\/v2\/users\/2"}],"replies":[{"embeddable":true,"href":"https:\/\/www.europesays.com\/fi\/wp-json\/wp\/v2\/comments?post=105287"}],"version-history":[{"count":0,"href":"https:\/\/www.europesays.com\/fi\/wp-json\/wp\/v2\/posts\/105287\/revisions"}],"wp:featuredmedia":[{"embeddable":true,"href":"https:\/\/www.europesays.com\/fi\/wp-json\/wp\/v2\/media\/105288"}],"wp:attachment":[{"href":"https:\/\/www.europesays.com\/fi\/wp-json\/wp\/v2\/media?parent=105287"}],"wp:term":[{"taxonomy":"category","embeddable":true,"href":"https:\/\/www.europesays.com\/fi\/wp-json\/wp\/v2\/categories?post=105287"},{"taxonomy":"post_tag","embeddable":true,"href":"https:\/\/www.europesays.com\/fi\/wp-json\/wp\/v2\/tags?post=105287"}],"curies":[{"name":"wp","href":"https:\/\/api.w.org\/{rel}","templated":true}]}}