{"id":105289,"date":"2025-12-02T01:05:10","date_gmt":"2025-12-02T01:05:10","guid":{"rendered":"https:\/\/www.europesays.com\/fi\/105289\/"},"modified":"2025-12-02T01:05:10","modified_gmt":"2025-12-02T01:05:10","slug":"ylen-harski-video-puhuttaa-otamme-palautteen-aina-vakavasti","status":"publish","type":"post","link":"https:\/\/www.europesays.com\/fi\/105289\/","title":{"rendered":"Ylen h\u00e4rski video puhuttaa: \u201dOtamme palautteen aina vakavasti\u201d"},"content":{"rendered":"<p>Ylen Urheilustudion video nousi somehitiksi.<\/p>\n<p>1.12. 18:04<\/p>\n<p class=\"article-body mb-nof-24 px-nof-16\">Yle Urheilun lauantaina Instagramissa ja Tiktokissa julkaisema video on her\u00e4tt\u00e4nyt kiivasta keskustelua sosiaalisessa mediassa.<\/p>\n<p class=\"article-body mb-nof-24 px-nof-16\">Videolla toimittaja <a class=\"article-personlink\" href=\"https:\/\/www.is.fi\/haku\/?query=Riku%20Salmista\" rel=\"nofollow noopener\" target=\"_blank\">Riku Salmista<\/a> h\u00f6yn\u00e4ytet\u00e4\u00e4n h\u00e4rskisti. Somekansan reaktiot videoon ovat jakautuneet: monien mielest\u00e4 video on hauska, mutta osan mielest\u00e4 alatyylinen huumori ei ole soveliasta Ylelle.<\/p>\n<p class=\"article-body mb-nof-24 px-nof-16\">Yle Urheilun urheilutapahtumien toimitusp\u00e4\u00e4llikk\u00f6 <a class=\"article-personlink\" href=\"https:\/\/www.is.fi\/haku\/?query=Kristiina%20Kek%C3%A4l%C3%A4isen\" rel=\"nofollow noopener\" target=\"_blank\">Kristiina Kek\u00e4l\u00e4isen<\/a> mukaan Yle seuraa sen sis\u00e4lt\u00f6jen her\u00e4tt\u00e4m\u00e4\u00e4 keskustelua tarkasti.<\/p>\n<p class=\"article-body mb-nof-24 px-nof-16\">\u2013 Pyrimme tekem\u00e4\u00e4n monipuolisia sis\u00e4lt\u00f6j\u00e4 eri alustoille. Somevideolla on erilainen tarkoitus ja kohderyhm\u00e4 kuin vaikkapa tv-l\u00e4hetyksell\u00e4. Kokonaisuutena sis\u00e4lt\u00f6jemme ei pid\u00e4 kallistua alatyyliseen huumoriin, Kek\u00e4l\u00e4inen avaa.<\/p>\n<p class=\"article-body mb-nof-24 px-nof-16\">Video alkaa toimittaja<a class=\"article-personlink\" href=\"https:\/\/www.is.fi\/haku\/?query=%20Petra%20Mannerin\" rel=\"nofollow noopener\" target=\"_blank\"> Petra Mannerin<\/a> alustuksella:<\/p>\n<p class=\"article-body mb-nof-24 px-nof-16\">\u2013 Asioita, joita Urheilustudion porukka on tunkenut hanuriinsa.<\/p>\n<p class=\"article-body mb-nof-24 px-nof-16\">Manner sek\u00e4 m\u00e4kihyppylegenda ja Ylen nykyinen asiantuntija <a class=\"article-personlink\" href=\"https:\/\/www.is.fi\/haku\/?query=Janne%20Ahonen\" rel=\"nofollow noopener\" target=\"_blank\">Janne Ahonen<\/a> toteavat vuorotellen, etteiv\u00e4t ole ty\u00f6nt\u00e4neet takapuoleensa mit\u00e4\u00e4n.<\/p>\n<p class=\"article-body mb-nof-24 px-nof-16\">Sen j\u00e4lkeen video leikkaa Ylen Urheilustudion juontajaan Salmiseen, jolle on selv\u00e4sti esitetty t\u00e4ysin eri kysymys.<\/p>\n<p class=\"article-body mb-nof-24 px-nof-16\">\u2013 Muistiinpanoja v\u00e4h\u00e4n kaikenn\u00e4k\u00f6isiss\u00e4 eri muodoissa, sitten tietenkin kuulak\u00e4rkikyn\u00e4, mikrofoni \u2013 t\u00e4st\u00e4 pystyy s\u00e4\u00e4t\u00e4m\u00e4\u00e4n herkkyytt\u00e4 jollain tavalla, Salminen listaa hymyhuulin.<\/p>\n<p class=\"article-body mb-nof-24 px-nof-16\">Videon lopussa Salmiselle n\u00e4ytet\u00e4\u00e4n puhelimen n\u00e4yt\u00f6lt\u00e4 julkaisuvalmis versio videosta.<\/p>\n<p class=\"article-body mb-nof-24 px-nof-16\">\u2013 Mit\u00e4 oikeasti? Ootko s\u00e4 laittanut t\u00e4mm\u00f6isen julki, Salminen kyselee nauraen.<\/p>\n<p class=\"article-body mb-nof-24 px-nof-16\">Lue lis\u00e4\u00e4: <a class=\"article-genericlink\" href=\"https:\/\/www.is.fi\/viihde\/art-2000011659974.html\" rel=\"nofollow noopener\" target=\"_blank\">Ylen toimittajien h\u00e4rski temppu sai somekansan reagoimaan \u2013 \u201dAika erikoinen\u201d<\/a><\/p>\n<p class=\"article-body mb-nof-24 px-nof-16\">Kek\u00e4l\u00e4inen kertoo, ett\u00e4 videosta on keskusteltu somen lis\u00e4ksi my\u00f6s Ylen sis\u00e4ll\u00e4.<\/p>\n<p class=\"article-body mb-nof-24 px-nof-16\">\u2013 Joo, kyll\u00e4 tietysti on. Seuraamme aina tarkasti niit\u00e4 keskusteluja, mit\u00e4 esimerkiksi omilla some-kanavillamme k\u00e4yd\u00e4\u00e4n. Ymm\u00e4rr\u00e4mme, ett\u00e4 sis\u00e4lt\u00f6mme eri alustoilla her\u00e4tt\u00e4v\u00e4t tunteita ja seuraamme palautetta aina tarkasti.<\/p>\n<p class=\"article-body mb-nof-24 px-nof-16\">Kek\u00e4l\u00e4isen mukaan Salmisen jekutusvideosta on tullut Ylelle sek\u00e4 negatiivista ett\u00e4 positiivista palautetta.<\/p>\n<p class=\"article-body mb-nof-24 px-nof-16\">\u2013 Tiedostamme, ett\u00e4 osa yleis\u00f6st\u00e4 on voinut pit\u00e4\u00e4 videota mauttomana ja otamme palautteen aina vakavasti. Toisaalta videolla on Instagramissa ja Tiktokissa yhteens\u00e4 noin 40\u202f000 tykk\u00e4yst\u00e4. Moni ymm\u00e4rsi videon liittyv\u00e4n suosittuun TikTok-trendiin ja se toi sellaisena heille piristyst\u00e4 p\u00e4iv\u00e4\u00e4n.<\/p>\n<p class=\"article-body mb-nof-24 px-nof-16\">Videon kuvatekstiss\u00e4 kysyt\u00e4\u00e4n, oliko pila liian julma Salmiselle. Kek\u00e4l\u00e4isen mukaan video on tehty hyv\u00e4ss\u00e4 hengess\u00e4 ja kaikki videolla esiintyv\u00e4t henkil\u00f6t ovat antaneet luvan videon julkaisuun.<\/p>\n<p class=\"article-body mb-nof-24 px-nof-16\">Salminen vaikuttaa videolla hyvin yll\u00e4ttyneelt\u00e4, kun videon editoitu versio n\u00e4ytet\u00e4\u00e4n h\u00e4nelle. Kek\u00e4l\u00e4inen on varmistanut Salmiselta, ett\u00e4 videon julkaisuun oli toimittajan lupa.<\/p>\n<p class=\"article-body mb-nof-24 px-nof-16\">\u2013 Kun video oli kuvattu ja editoitu valmiiksi, se n\u00e4ytettiin Rikulle. Videolla n\u00e4hdyt reaktiot ovat siis aidot. N\u00e4hty\u00e4\u00e4n valmiin lopputuloksen, Riku antoi luvan julkaisulle molemmissa somekanavissa.<\/p>\n<p class=\"article-body mb-nof-24 px-nof-16\">Toimitus tavoitti my\u00f6s jekun kohteen, eli Riku Salmisen kommentoimaan hittivideota.<\/p>\n<p class=\"article-body mb-nof-24 px-nof-16\">\u2013 Reaktioni on aito. Siin\u00e4 vaiheessa kun sit\u00e4 minulle puhelimelta n\u00e4ytettiin, video oli leikattu valmiiksi, mutta sit\u00e4 ei oltu viel\u00e4 julkaistu somessa. Annoin oman suostumukseni ennen videon julkaisua.<\/p>\n<p class=\"article-body mb-nof-24 px-nof-16\">Kuten kuvatekstiss\u00e4 kysyt\u00e4\u00e4n, oliko pila liian julma Rikulle?<\/p>\n<p class=\"article-body mb-nof-24 px-nof-16\">\u2013 Ei tosiaankaan, Salminen vastaa painokkaasti.<\/p>\n","protected":false},"excerpt":{"rendered":"Ylen Urheilustudion video nousi somehitiksi. 1.12. 18:04 Yle Urheilun lauantaina Instagramissa ja Tiktokissa julkaisema video on her\u00e4tt\u00e4nyt kiivasta&hellip;\n","protected":false},"author":2,"featured_media":105290,"comment_status":"","ping_status":"","sticky":false,"template":"","format":"standard","meta":{"footnotes":""},"categories":[158],"tags":[33,31,30,34,159,32,160],"class_list":{"0":"post-105289","1":"post","2":"type-post","3":"status-publish","4":"format-standard","5":"has-post-thumbnail","7":"category-urheilu","8":"tag-fi","9":"tag-finland","10":"tag-finnish","11":"tag-ilta-sanomat","12":"tag-sports","13":"tag-suomi","14":"tag-urheilu"},"share_on_mastodon":{"url":"https:\/\/pubeurope.com\/@fi\/115647291309857305","error":""},"_links":{"self":[{"href":"https:\/\/www.europesays.com\/fi\/wp-json\/wp\/v2\/posts\/105289","targetHints":{"allow":["GET"]}}],"collection":[{"href":"https:\/\/www.europesays.com\/fi\/wp-json\/wp\/v2\/posts"}],"about":[{"href":"https:\/\/www.europesays.com\/fi\/wp-json\/wp\/v2\/types\/post"}],"author":[{"embeddable":true,"href":"https:\/\/www.europesays.com\/fi\/wp-json\/wp\/v2\/users\/2"}],"replies":[{"embeddable":true,"href":"https:\/\/www.europesays.com\/fi\/wp-json\/wp\/v2\/comments?post=105289"}],"version-history":[{"count":0,"href":"https:\/\/www.europesays.com\/fi\/wp-json\/wp\/v2\/posts\/105289\/revisions"}],"wp:featuredmedia":[{"embeddable":true,"href":"https:\/\/www.europesays.com\/fi\/wp-json\/wp\/v2\/media\/105290"}],"wp:attachment":[{"href":"https:\/\/www.europesays.com\/fi\/wp-json\/wp\/v2\/media?parent=105289"}],"wp:term":[{"taxonomy":"category","embeddable":true,"href":"https:\/\/www.europesays.com\/fi\/wp-json\/wp\/v2\/categories?post=105289"},{"taxonomy":"post_tag","embeddable":true,"href":"https:\/\/www.europesays.com\/fi\/wp-json\/wp\/v2\/tags?post=105289"}],"curies":[{"name":"wp","href":"https:\/\/api.w.org\/{rel}","templated":true}]}}