{"id":105297,"date":"2025-12-02T01:11:12","date_gmt":"2025-12-02T01:11:12","guid":{"rendered":"https:\/\/www.europesays.com\/fi\/105297\/"},"modified":"2025-12-02T01:11:12","modified_gmt":"2025-12-02T01:11:12","slug":"suomalaisrappari-vangittu-kytkeytyy-jere-karalahden-tapaukseen","status":"publish","type":"post","link":"https:\/\/www.europesays.com\/fi\/105297\/","title":{"rendered":"Suomalaisr\u00e4pp\u00e4ri vangittu \u2013 Kytkeytyy Jere Karalahden tapaukseen"},"content":{"rendered":"<p>Suomalaisr\u00e4pp\u00e4ri on vangittu ep\u00e4iltyn\u00e4 t\u00f6rke\u00e4st\u00e4 huumausainerikoksesta. Kyseess\u00e4 on sama kokonaisuus, jossa ep\u00e4iltyn\u00e4 on my\u00f6s j\u00e4\u00e4kiekkoilija Jere Karalahti.<\/p>\n<p><img decoding=\"async\" class=\"image image-show image-preview\" src=\"https:\/\/www.europesays.com\/fi\/wp-content\/uploads\/2025\/12\/a5c402e724daf0ad7dbfe929567393f92654ae31e019feadb58fcc034f6f148e.jpg\" alt=\"\"\/><img decoding=\"async\" class=\"image image-show\" src=\"https:\/\/www.europesays.com\/fi\/wp-content\/uploads\/2025\/12\/1764637872_996_a5c402e724daf0ad7dbfe929567393f92654ae31e019feadb58fcc034f6f148e.jpg\" alt=\"\"\/><\/p>\n<p>Helsingin k\u00e4r\u00e4j\u00e4oikeus vangitsi r\u00e4pp\u00e4rin ensi kerran syyskuun alussa. Inka Soveri<\/p>\n<p class=\"paragraph\">35-vuotiasta r\u00e4pp\u00e4ri\u00e4 ep\u00e4ill\u00e4\u00e4n t\u00f6rke\u00e4st\u00e4 huumausainerikoksesta.<\/p>\n<p class=\"paragraph\">Rikosep\u00e4ilyss\u00e4 on Iltalehden tietojen mukaan kyse samasta kokonaisuudesta, jossa ep\u00e4iltyn\u00e4 on my\u00f6s j\u00e4\u00e4kiekkoilija <a href=\"https:\/\/www.iltalehti.fi\/henkilot\/Jere Karalahti\" class=\"article-link-person-page\" rel=\"nofollow noopener\" target=\"_blank\">Jere Karalahti<\/a>, 50.<\/p>\n<p class=\"paragraph\">R\u00e4pp\u00e4ri vangittiin syyskuun alussa todenn\u00e4k\u00f6isin syin rikoksesta ep\u00e4iltyn\u00e4. H\u00e4n on edelleen vangittuna.<\/p>\n<p class=\"paragraph\">Tapauksen tutkinnanjohtaja, rikoskomisario <strong>Markku Juurikkam\u00e4ki<\/strong> kertoo Iltalehdelle, ett\u00e4 kokonaisuudessa on yhteens\u00e4 toistakymment\u00e4 ep\u00e4ilty\u00e4.<\/p>\n<p class=\"paragraph\">R\u00e4pp\u00e4riin kohdistuvasta rikosep\u00e4ilyst\u00e4 kertoi ensimm\u00e4isen\u00e4 <a href=\"https:\/\/www.seiska.fi\/rikos\/jere-karalahden-tapaus-suomalaisrappari-vangittu\/2004270\" target=\"_blank\" rel=\"noopener nofollow\">Seiska<\/a>.<\/p>\n<p class=\"paragraph\">R\u00e4pp\u00e4rin ep\u00e4ill\u00e4\u00e4n syyllistyneen t\u00f6rke\u00e4\u00e4n huumausainerikokseen 30. elokuuta. Karalahden osalta ep\u00e4illyn rikoksen tekoaika on l\u00e4hemm\u00e4s nelj\u00e4 kuukautta: kes\u00e4kuusta syyskuuhun.<\/p>\n<p class=\"paragraph\">Kokonaisuudessa on kyse useista t\u00f6rkeist\u00e4 huumausainerikoksista sek\u00e4 my\u00f6s muista, esitutkinnan edetess\u00e4 ilmenneist\u00e4 rikosep\u00e4ilyist\u00e4. Niist\u00e4 Juurikkam\u00e4ki ei toistaiseksi halua kertoa tarkemmin.<\/p>\n<p class=\"paragraph\">H\u00e4n arvelee, ett\u00e4 tapauksen esitutkinta valmistuu ensi viikolla. Poliisi tiedottanee asiasta yksityiskohtaisemmin t\u00e4ll\u00f6in. Syytteet on nostettava tammikuun puolessav\u00e4liss\u00e4.<\/p>\n<p>Tuore raiskaustuomio<\/p>\n<p class=\"paragraph\">T\u00f6rke\u00e4st\u00e4 huumausainerikoksesta ep\u00e4illyll\u00e4 r\u00e4pp\u00e4rill\u00e4 on Iltalehden tietojen mukaan runsaasti rikostaustaa.<\/p>\n<p class=\"paragraph\">H\u00e4net on viimeksi lokakuussa tuomittu ehdottomaan vankeusrangaistukseen raiskauksesta.<\/p>\n<p class=\"paragraph\">Mies raiskasi naisen kes\u00e4ll\u00e4 2022. H\u00e4n oli ehdottanut baarissa tapaamalleen naiselle jatkoja kaverinsa luona, mutta vienyt t\u00e4m\u00e4n helsinkil\u00e4iselle kamppailusalille ja raiskannut.<\/p>\n<p class=\"paragraph\">R\u00e4pp\u00e4ri tuomittiin puoleksitoista vuodeksi vankeuteen sek\u00e4 korvaamaan uhrilleen yhteens\u00e4 5\u00a0700 euroa k\u00e4rsimyksest\u00e4 ja tilap\u00e4isest\u00e4 haitasta. Tuomio ei ole lainvoimainen.<\/p>\n<p class=\"paragraph\">Miehell\u00e4 on tuomioita my\u00f6s muun muassa huumausainerikoksista: h\u00e4n on myynyt kannabista, pit\u00e4nyt hallussaan amfetamiinia ja k\u00e4ytt\u00e4nyt kokaiinia.<\/p>\n<p class=\"paragraph\">R\u00e4pp\u00e4ri on takavuosina kertonut julkisuudessakin haastavasta lapsuudestaan, rikoskierteest\u00e4\u00e4n ja p\u00e4ihdeongelmastaan. Mies on julkaissut musiikkia viimeksi kuluvan vuoden kev\u00e4\u00e4ll\u00e4.<\/p>\n","protected":false},"excerpt":{"rendered":"Suomalaisr\u00e4pp\u00e4ri on vangittu ep\u00e4iltyn\u00e4 t\u00f6rke\u00e4st\u00e4 huumausainerikoksesta. Kyseess\u00e4 on sama kokonaisuus, jossa ep\u00e4iltyn\u00e4 on my\u00f6s j\u00e4\u00e4kiekkoilija Jere Karalahti. Helsingin&hellip;\n","protected":false},"author":2,"featured_media":105298,"comment_status":"","ping_status":"","sticky":false,"template":"","format":"standard","meta":{"footnotes":""},"categories":[12],"tags":[35,22,23,26,27,33,31,30,17,9221,700,53,24,25,28,29,15,18,21,694,38,32,19,20,16],"class_list":{"0":"post-105297","1":"post","2":"type-post","3":"status-publish","4":"format-standard","5":"has-post-thumbnail","7":"category-suomi","8":"tag-24h","9":"tag-breaking-news","10":"tag-breakingnews","11":"tag-featured-news","12":"tag-featurednews","13":"tag-fi","14":"tag-finland","15":"tag-finnish","16":"tag-headlines","17":"tag-huumausainerikos","18":"tag-laakkeet-ja-paihteet","19":"tag-laki-oikeus-ja-rikos","20":"tag-latest-news","21":"tag-latestnews","22":"tag-main-news","23":"tag-mainnews","24":"tag-news","25":"tag-otsikot","26":"tag-paauutiset","27":"tag-paihteet","28":"tag-rikos","29":"tag-suomi","30":"tag-top-stories","31":"tag-topstories","32":"tag-uutiset"},"share_on_mastodon":{"url":"https:\/\/pubeurope.com\/@fi\/115647315181780445","error":""},"_links":{"self":[{"href":"https:\/\/www.europesays.com\/fi\/wp-json\/wp\/v2\/posts\/105297","targetHints":{"allow":["GET"]}}],"collection":[{"href":"https:\/\/www.europesays.com\/fi\/wp-json\/wp\/v2\/posts"}],"about":[{"href":"https:\/\/www.europesays.com\/fi\/wp-json\/wp\/v2\/types\/post"}],"author":[{"embeddable":true,"href":"https:\/\/www.europesays.com\/fi\/wp-json\/wp\/v2\/users\/2"}],"replies":[{"embeddable":true,"href":"https:\/\/www.europesays.com\/fi\/wp-json\/wp\/v2\/comments?post=105297"}],"version-history":[{"count":0,"href":"https:\/\/www.europesays.com\/fi\/wp-json\/wp\/v2\/posts\/105297\/revisions"}],"wp:featuredmedia":[{"embeddable":true,"href":"https:\/\/www.europesays.com\/fi\/wp-json\/wp\/v2\/media\/105298"}],"wp:attachment":[{"href":"https:\/\/www.europesays.com\/fi\/wp-json\/wp\/v2\/media?parent=105297"}],"wp:term":[{"taxonomy":"category","embeddable":true,"href":"https:\/\/www.europesays.com\/fi\/wp-json\/wp\/v2\/categories?post=105297"},{"taxonomy":"post_tag","embeddable":true,"href":"https:\/\/www.europesays.com\/fi\/wp-json\/wp\/v2\/tags?post=105297"}],"curies":[{"name":"wp","href":"https:\/\/api.w.org\/{rel}","templated":true}]}}