{"id":105305,"date":"2025-12-02T01:32:19","date_gmt":"2025-12-02T01:32:19","guid":{"rendered":"https:\/\/www.europesays.com\/fi\/105305\/"},"modified":"2025-12-02T01:32:19","modified_gmt":"2025-12-02T01:32:19","slug":"onko-niita-olemassa-turistit-luulivat-poroja-satuolennoiksi","status":"publish","type":"post","link":"https:\/\/www.europesays.com\/fi\/105305\/","title":{"rendered":"&#8221;Onko niit\u00e4 olemassa?&#8221; \u2013 Turistit luulivat poroja satuolennoiksi"},"content":{"rendered":"<p>Suomessa on nykytiedon mukaan pidetty poroa tuotantoel\u00e4imen\u00e4 1400-1600 luvuilta saakka. Poronhoito keskittyy meill\u00e4 l\u00e4hinn\u00e4 pohjoiseen Suomeen, jossa el\u00e4imi\u00e4 hoidetaan aktiivisesti mutta ne laiduntavat vapaina.<\/p>\n<p>Meik\u00e4l\u00e4isille porot ovat tuttuja el\u00e4imi\u00e4 etel\u00e4mm\u00e4ss\u00e4kin, mutta muualla maailmassa niist\u00e4 ei ole joka puolella v\u00e4ltt\u00e4m\u00e4tt\u00e4 kuultukaan. Tai jos onkin, niin l\u00e4hinn\u00e4 joulupukkikertomuksien kautta.<\/p>\n<p>Lue my\u00f6s: <a href=\"https:\/\/www.voice.fi\/hullu-maailma\/a-155983\" title=\"Kuusesta roikkuu p\u00f6k\u00e4le: Ep\u00e4onnistuneet joulukoristeet naurattavat ja kauhistuttavat\" class=\"underline-custom !font-montserrat !font-bold !underline-offset-4 !decoration-4 !decoration-tilt-light !text-md\" rel=\"nofollow noopener\" target=\"_blank\">Kuusesta roikkuu p\u00f6k\u00e4le: Ep\u00e4onnistuneet joulukoristeet naurattavat ja kauhistuttavat<\/a><\/p>\n<p>Lue my\u00f6s: <a href=\"https:\/\/www.voice.fi\/viihde\/uudenlainen-livelahetys-katsottavissa-joulukuussa-paatahtina-kaija-paula-ja-seppo\" title=\"Uudenlainen livel\u00e4hetys katsottavissa joulukuussa \u2013 p\u00e4\u00e4t\u00e4htin\u00e4 Kaija, Paula ja Seppo\" class=\"underline-custom !font-montserrat !font-bold !underline-offset-4 !decoration-4 !decoration-tilt-light !text-md\" rel=\"nofollow noopener\" target=\"_blank\">Uudenlainen livel\u00e4hetys katsottavissa joulukuussa \u2013 p\u00e4\u00e4t\u00e4htin\u00e4 Kaija, Paula ja Seppo<\/a><\/p>\n<p><a href=\"https:\/\/www.is.fi\/kotimaa\/art-2000011659507.html\" target=\"_blank\" rel=\"noreferrer noopener nofollow\">Ilta-Sanomien artikkelissa<\/a> Lapissa ty\u00f6skentelev\u00e4t ihmiset kertovat, mink\u00e4laisia tilanteita pohjoisen eksotiikan py\u00f6rteiss\u00e4 on joskus saattanut tulla.<\/p>\n<p>Helsinkil\u00e4inen <strong>Ronja<\/strong> kertoo ty\u00f6skennelleens\u00e4 Lapissa kolme talvikautta, ja h\u00e4n muistaa yhdelt\u00e4 talvelta tilanteen, kun Norjan puolelta oli saapunut turistiseurue.<\/p>\n<p>Ensin he eiv\u00e4t olleet ymm\u00e4rt\u00e4neet tulleensa toiseen maahan, vaan olivat ihmetelleet suomen kielt\u00e4 ja yritt\u00e4neet maksaa Norjan kruunuilla.<\/p>\n<p>Lopulta taskusta l\u00f6ytyneiden eurojen ansiosta suoritetun maksutapahtuman j\u00e4lkeen Ronja oli opastanut turisteja, ett\u00e4 he voisivat menn\u00e4 katselemaan aitauksessa olevia poroja.<\/p>\n<p>Lue my\u00f6s: <a href=\"https:\/\/www.voice.fi\/ilmiot\/poronomistajan-epaillaan-lavastaneen-usean-poron-kuoleman-lapissa\" title=\"Poronomistajan ep\u00e4ill\u00e4\u00e4n lavastaneen usean poron kuoleman Lapissa\" class=\"underline-custom !font-montserrat !font-bold !underline-offset-4 !decoration-4 !decoration-tilt-light !text-md\" rel=\"nofollow noopener\" target=\"_blank\">Poronomistajan ep\u00e4ill\u00e4\u00e4n lavastaneen usean poron kuoleman Lapissa<\/a><\/p>\n<p>Lue my\u00f6s: <a href=\"https:\/\/www.voice.fi\/ilmiot\/rovaniemi-vaarassa-menettaa-asemansa-joulupukin-virallisena-kotikaupunkina-hankkeen-takana-hollantilaismies\" title=\"Rovaniemi vaarassa menett\u00e4\u00e4 asemansa joulupukin virallisena kotikaupunkina \u2013 hankkeen takana hollantilaismies\" class=\"underline-custom !font-montserrat !font-bold !underline-offset-4 !decoration-4 !decoration-tilt-light !text-md\" rel=\"nofollow noopener\" target=\"_blank\">Rovaniemi vaarassa menett\u00e4\u00e4 asemansa joulupukin virallisena kotikaupunkina \u2013 hankkeen takana hollantilaismies<\/a><\/p>\n<p>Turistit olivat ihmetelleet, ett\u00e4 onko niit\u00e4 todella olemassa.<\/p>\n<p>\u2013 He luulivat porojen olevan ihan vain satuolentoja.<\/p>\n<p>Ronja kertoo my\u00f6s joutuneensa useampaan otteeseen neuvomaan ihmisi\u00e4 pukeutumisen suhteen, sill\u00e4 monet l\u00e4mpim\u00e4mmist\u00e4 maista kotoisin olevat turistit eiv\u00e4t tied\u00e4, kuinka ankara talvi voi Lapissa olla.<\/p>\n<p>Esimerkiksi brittituristit ovat joskus pukeneet lapsilleen vain ohuet sormikkaat.<\/p>\n<p>\u2013\u2009Tietenkin olivat ihan j\u00e4\u00e4ss\u00e4, ja sit\u00e4 sai itse tonttuna menn\u00e4 neuvovaan, ett\u00e4 kannattaa tumput ostaa ja ennen sit\u00e4 ottaa sormet nyrkkiin sormikkaista niin ett\u00e4 l\u00e4mmitt\u00e4v\u00e4t toisiaan.<\/p>\n","protected":false},"excerpt":{"rendered":"Suomessa on nykytiedon mukaan pidetty poroa tuotantoel\u00e4imen\u00e4 1400-1600 luvuilta saakka. Poronhoito keskittyy meill\u00e4 l\u00e4hinn\u00e4 pohjoiseen Suomeen, jossa el\u00e4imi\u00e4&hellip;\n","protected":false},"author":2,"featured_media":105306,"comment_status":"","ping_status":"","sticky":false,"template":"","format":"standard","meta":{"footnotes":""},"categories":[130],"tags":[137,33,31,30,1529,19869,32,19543,109],"class_list":{"0":"post-105305","1":"post","2":"type-post","3":"status-publish","4":"format-standard","5":"has-post-thumbnail","7":"category-viihde","8":"tag-entertainment","9":"tag-fi","10":"tag-finland","11":"tag-finnish","12":"tag-poro","13":"tag-satuolento","14":"tag-suomi","15":"tag-turisti","16":"tag-viihde"},"share_on_mastodon":{"url":"https:\/\/pubeurope.com\/@fi\/115647397418879386","error":""},"_links":{"self":[{"href":"https:\/\/www.europesays.com\/fi\/wp-json\/wp\/v2\/posts\/105305","targetHints":{"allow":["GET"]}}],"collection":[{"href":"https:\/\/www.europesays.com\/fi\/wp-json\/wp\/v2\/posts"}],"about":[{"href":"https:\/\/www.europesays.com\/fi\/wp-json\/wp\/v2\/types\/post"}],"author":[{"embeddable":true,"href":"https:\/\/www.europesays.com\/fi\/wp-json\/wp\/v2\/users\/2"}],"replies":[{"embeddable":true,"href":"https:\/\/www.europesays.com\/fi\/wp-json\/wp\/v2\/comments?post=105305"}],"version-history":[{"count":0,"href":"https:\/\/www.europesays.com\/fi\/wp-json\/wp\/v2\/posts\/105305\/revisions"}],"wp:featuredmedia":[{"embeddable":true,"href":"https:\/\/www.europesays.com\/fi\/wp-json\/wp\/v2\/media\/105306"}],"wp:attachment":[{"href":"https:\/\/www.europesays.com\/fi\/wp-json\/wp\/v2\/media?parent=105305"}],"wp:term":[{"taxonomy":"category","embeddable":true,"href":"https:\/\/www.europesays.com\/fi\/wp-json\/wp\/v2\/categories?post=105305"},{"taxonomy":"post_tag","embeddable":true,"href":"https:\/\/www.europesays.com\/fi\/wp-json\/wp\/v2\/tags?post=105305"}],"curies":[{"name":"wp","href":"https:\/\/api.w.org\/{rel}","templated":true}]}}