{"id":105309,"date":"2025-12-02T01:36:17","date_gmt":"2025-12-02T01:36:17","guid":{"rendered":"https:\/\/www.europesays.com\/fi\/105309\/"},"modified":"2025-12-02T01:36:17","modified_gmt":"2025-12-02T01:36:17","slug":"nain-ukraina-iski-venajan-varjolaivaston-tankkereihin","status":"publish","type":"post","link":"https:\/\/www.europesays.com\/fi\/105309\/","title":{"rendered":"N\u00e4in Ukraina iski Ven\u00e4j\u00e4n varjolaivaston tankkereihin"},"content":{"rendered":"<p class=\"ai-optimize-8 ai-optimize-introduction\">Ukrainan t\u00e4m\u00e4n viikkoiset iskut ven\u00e4l\u00e4isen varjolaivaston tankkereihin toteutettiin Sea Baby -meridroonien avulla.<\/p>\n<p class=\"ai-optimize-30\">Kyseess\u00e4 on Ukrainan turvallisuuspalvelu SBU:n kehitt\u00e4m\u00e4\u00e4 meridrooni. Iskut SBU toteutetti yhdess\u00e4 Ukrainan laivaston kanssa.<\/p>\n<p class=\"ai-optimize-31\"><a href=\"https:\/\/www.verkkouutiset.fi\/a\/rajahdyksia-merella-kaksi-kremlin-oljytankkeria-tulessa\/#af504501\" target=\"_blank\" rel=\"noopener nofollow\">Verkkouutiset<\/a> kertoi aiemmin kahden Ven\u00e4j\u00e4n varjolaivastoon kuuluvan \u00f6ljytankkerin syttyneen tuleen\u00a0Mustallamerell\u00e4.<\/p>\n<p class=\"ai-optimize-8 ai-optimize-introduction\">Iskut kohdistuivat kahteen eri alukseen, SBU vahvistaa <a href=\"https:\/\/kyivindependent.com\/ukrainian-naval-drones-behind-successful-strike-on-2-russian-shadow-fleet-tankers\/\" target=\"_blank\" rel=\"noopener nofollow\">Kyiv Independentille<\/a>.<\/p>\n<p class=\"ai-optimize-16\"><a href=\"https:\/\/www.bbc.com\/news\/articles\/cp9ky5z2gx0o\" target=\"_blank\" rel=\"noopener nofollow\">BBC:n<\/a> vahvistamalla videolla n\u00e4kyy, kuinka meridroonit kiit\u00e4v\u00e4t aaltojen l\u00e4pi kohti alusta ja r\u00e4j\u00e4ht\u00e4v\u00e4t tulipalloksi mustan savun noustessa ilmaan.<\/p>\n<p class=\"ai-optimize-14\">Turvallisuuspalvelun l\u00e4hteen mukaan operaation kohteena olleet alukset olivat matkalla Ven\u00e4j\u00e4n Novorossijskin satamaan lastaamaan \u00f6ljy\u00e4 ja olivat tyhjill\u00e4\u00e4n iskun aikaan.<\/p>\n<p class=\"ai-optimize-14\">Ne olisivat voineet kuljettaa l\u00e4hes 70 miljoonan dollarin arvosta \u00f6ljy\u00e4 ja auttaa Moskovaa kiert\u00e4m\u00e4\u00e4n kansainv\u00e4lisi\u00e4 pakotteita, turvallisuusl\u00e4hde sanoo.<\/p>\n<p class=\"ai-optimize-6 ai-optimize-introduction\">Ukrainalainen turvallisuusl\u00e4hde kommentoi <a href=\"https:\/\/edition.cnn.com\/2025\/11\/29\/europe\/russia-shadow-fleet-ukraine-explosions-intl\" target=\"_blank\" rel=\"noopener nofollow\">CNN<\/a>:lle, ett\u00e4 molemmat ven\u00e4l\u00e4istankkerit vaurioituivat operaatiossa merkitt\u00e4v\u00e4sti ja ovat nyt poissa liikenn\u00f6innist\u00e4.<\/p>\n<p class=\"ai-optimize-6 ai-optimize-introduction\">\u2013 T\u00e4m\u00e4 on merkitt\u00e4v\u00e4 isku ven\u00e4l\u00e4isen \u00f6ljyn kuljetukselle, ukrainalaisl\u00e4hde sanoo. Ven\u00e4j\u00e4 ei ole toistaiseksi kommentoinut tapausta.<\/p>\n<p class=\"ai-optimize-17\" data-start=\"1752\" data-end=\"1923\">Iskuja pidet\u00e4\u00e4n Ukrainan varoituksena: Mustallamerell\u00e4 ven\u00e4l\u00e4ist\u00e4 \u00f6ljy\u00e4 kuljettavat alukset saattavat kohdata l\u00e4nsimaisten pakotteiden lis\u00e4ksi my\u00f6s riskin suorasta hy\u00f6kk\u00e4yksest\u00e4.<\/p>\n<p class=\"ai-optimize-22\" data-start=\"1752\" data-end=\"1923\">Kaspianmeren alueelta \u00f6ljy\u00e4 kuljettava Caspian Pipeline Consortium -yhti\u00f6 on kertonut keskeytt\u00e4neens\u00e4 lastauksen Ven\u00e4j\u00e4n Mustanmeren satamassa Novorossijskissa tehdyn hy\u00f6kk\u00e4yksen j\u00e4lkeen.<\/p>\n<p class=\"ai-optimize-29\" data-start=\"1752\" data-end=\"1923\">Ven\u00e4j\u00e4 ja Kazakstan ovat yhti\u00f6n suuria osakkaita. Lis\u00e4ksi sen omistajina ovat my\u00f6s l\u00e4nsimaalaiset yhti\u00f6t, kuten Exxon Mobil, Chevron ja Shell.<\/p>\n<p>Poimintoja videosis\u00e4ll\u00f6ist\u00e4mme<\/p>\n<p class=\"ai-optimize-23\" data-start=\"1752\" data-end=\"1923\">Konsortio sanoo hy\u00f6kk\u00e4yksen aiheuttaneen merkitt\u00e4vi\u00e4 vaurioita laivojen kiinnityspisteelle.<\/p>\n<p class=\"ai-optimize-19\" data-start=\"1925\" data-end=\"2129\">Ukrainan isku Mustallamerell\u00e4 on heikent\u00e4nyt Kazakstanin ja Ukrainan v\u00e4lisi\u00e4 suhteita, kommentoi\u00a0 Kazakstanin ulkoministeri\u00f6n tiedottaja <strong>Aibek Smadiyarov<\/strong>. H\u00e4n ilmaisi paheksuntansa hy\u00f6kk\u00e4yst\u00e4 kohtaan ja kertoi sen olevan kolmas laatuaan.<\/p>\n<p class=\"ai-optimize-28\" data-start=\"1925\" data-end=\"2129\">Smadiyarovin mukaan maalle on t\u00e4rke\u00e4\u00e4 \u201dvakaan ja keskeytym\u00e4tt\u00f6m\u00e4n\u201d energiantoimituksen varmistaminen Mustallamerell\u00e4. H\u00e4n on kehottanut Kiovaa \u201dryhtym\u00e4\u00e4n konkreettisiin toimiin vastaavien tilanteiden ehk\u00e4isemiseksi\u201d.<\/p>\n","protected":false},"excerpt":{"rendered":"Ukrainan t\u00e4m\u00e4n viikkoiset iskut ven\u00e4l\u00e4isen varjolaivaston tankkereihin toteutettiin Sea Baby -meridroonien avulla. Kyseess\u00e4 on Ukrainan turvallisuuspalvelu SBU:n kehitt\u00e4m\u00e4\u00e4&hellip;\n","protected":false},"author":2,"featured_media":105310,"comment_status":"","ping_status":"","sticky":false,"template":"","format":"standard","meta":{"footnotes":""},"categories":[14],"tags":[22,23,26,27,33,31,30,17,24,25,28,29,15,18,21,32,19,20,56,16,987,59,60,61],"class_list":{"0":"post-105309","1":"post","2":"type-post","3":"status-publish","4":"format-standard","5":"has-post-thumbnail","7":"category-ulkomaat","8":"tag-breaking-news","9":"tag-breakingnews","10":"tag-featured-news","11":"tag-featurednews","12":"tag-fi","13":"tag-finland","14":"tag-finnish","15":"tag-headlines","16":"tag-latest-news","17":"tag-latestnews","18":"tag-main-news","19":"tag-mainnews","20":"tag-news","21":"tag-otsikot","22":"tag-paauutiset","23":"tag-suomi","24":"tag-top-stories","25":"tag-topstories","26":"tag-ulkomaat","27":"tag-uutiset","28":"tag-venajan-hyokkays","29":"tag-world","30":"tag-world-news","31":"tag-worldnews"},"share_on_mastodon":{"url":"https:\/\/pubeurope.com\/@fi\/115647413162291139","error":""},"_links":{"self":[{"href":"https:\/\/www.europesays.com\/fi\/wp-json\/wp\/v2\/posts\/105309","targetHints":{"allow":["GET"]}}],"collection":[{"href":"https:\/\/www.europesays.com\/fi\/wp-json\/wp\/v2\/posts"}],"about":[{"href":"https:\/\/www.europesays.com\/fi\/wp-json\/wp\/v2\/types\/post"}],"author":[{"embeddable":true,"href":"https:\/\/www.europesays.com\/fi\/wp-json\/wp\/v2\/users\/2"}],"replies":[{"embeddable":true,"href":"https:\/\/www.europesays.com\/fi\/wp-json\/wp\/v2\/comments?post=105309"}],"version-history":[{"count":0,"href":"https:\/\/www.europesays.com\/fi\/wp-json\/wp\/v2\/posts\/105309\/revisions"}],"wp:featuredmedia":[{"embeddable":true,"href":"https:\/\/www.europesays.com\/fi\/wp-json\/wp\/v2\/media\/105310"}],"wp:attachment":[{"href":"https:\/\/www.europesays.com\/fi\/wp-json\/wp\/v2\/media?parent=105309"}],"wp:term":[{"taxonomy":"category","embeddable":true,"href":"https:\/\/www.europesays.com\/fi\/wp-json\/wp\/v2\/categories?post=105309"},{"taxonomy":"post_tag","embeddable":true,"href":"https:\/\/www.europesays.com\/fi\/wp-json\/wp\/v2\/tags?post=105309"}],"curies":[{"name":"wp","href":"https:\/\/api.w.org\/{rel}","templated":true}]}}