{"id":105311,"date":"2025-12-02T01:37:07","date_gmt":"2025-12-02T01:37:07","guid":{"rendered":"https:\/\/www.europesays.com\/fi\/105311\/"},"modified":"2025-12-02T01:37:07","modified_gmt":"2025-12-02T01:37:07","slug":"lansirata-kirkkonummen-kunnanhallitus-hylkasi-osakassopimuksen-paikalliset","status":"publish","type":"post","link":"https:\/\/www.europesays.com\/fi\/105311\/","title":{"rendered":"L\u00e4nsirata | Kirkkonummen kunnanhallitus hylk\u00e4si osakassopimuksen | Paikalliset"},"content":{"rendered":"<p>Kirkkonummen kunnanhallitus ei hyv\u00e4ksynyt L\u00e4nsirata Oy:n osakassopimusta. Sopimus kaatui \u00e4\u00e4nin 5-8 kokoomusp\u00e4\u00e4tt\u00e4j\u00e4n vastaesityksest\u00e4. Kunnanvaltuuston kokouksesta odotettavissa tiukka.<\/p>\n<p>Kirkkonummen kunnanhallitus hylk\u00e4si L\u00e4nsirata Oy:n osakassopimuksen my\u00f6h\u00e4\u00e4n maanantai-iltana. Sopimus kaatui kunnanhallituksessa \u00e4\u00e4nin 5\u20138.<\/p>\n","protected":false},"excerpt":{"rendered":"Kirkkonummen kunnanhallitus ei hyv\u00e4ksynyt L\u00e4nsirata Oy:n osakassopimusta. Sopimus kaatui \u00e4\u00e4nin 5-8 kokoomusp\u00e4\u00e4tt\u00e4j\u00e4n vastaesityksest\u00e4. Kunnanvaltuuston kokouksesta odotettavissa tiukka. Kirkkonummen&hellip;\n","protected":false},"author":2,"featured_media":105312,"comment_status":"","ping_status":"","sticky":false,"template":"","format":"standard","meta":{"footnotes":""},"categories":[12],"tags":[22,23,400,2409,5977,26,27,33,31,30,17,2887,3349,24,25,481,28,29,15,18,21,637,32,19,20,16],"class_list":{"0":"post-105311","1":"post","2":"type-post","3":"status-publish","4":"format-standard","5":"has-post-thumbnail","7":"category-suomi","8":"tag-breaking-news","9":"tag-breakingnews","10":"tag-espoo","11":"tag-espoon-kaupunki","12":"tag-espoon-kaupunki-hallinto","13":"tag-featured-news","14":"tag-featurednews","15":"tag-fi","16":"tag-finland","17":"tag-finnish","18":"tag-headlines","19":"tag-julkinen-liikenne","20":"tag-kirkkonummi","21":"tag-latest-news","22":"tag-latestnews","23":"tag-lohja","24":"tag-main-news","25":"tag-mainnews","26":"tag-news","27":"tag-otsikot","28":"tag-paauutiset","29":"tag-politiikka","30":"tag-suomi","31":"tag-top-stories","32":"tag-topstories","33":"tag-uutiset"},"share_on_mastodon":{"url":"https:\/\/pubeurope.com\/@fi\/115647417144127406","error":""},"_links":{"self":[{"href":"https:\/\/www.europesays.com\/fi\/wp-json\/wp\/v2\/posts\/105311","targetHints":{"allow":["GET"]}}],"collection":[{"href":"https:\/\/www.europesays.com\/fi\/wp-json\/wp\/v2\/posts"}],"about":[{"href":"https:\/\/www.europesays.com\/fi\/wp-json\/wp\/v2\/types\/post"}],"author":[{"embeddable":true,"href":"https:\/\/www.europesays.com\/fi\/wp-json\/wp\/v2\/users\/2"}],"replies":[{"embeddable":true,"href":"https:\/\/www.europesays.com\/fi\/wp-json\/wp\/v2\/comments?post=105311"}],"version-history":[{"count":0,"href":"https:\/\/www.europesays.com\/fi\/wp-json\/wp\/v2\/posts\/105311\/revisions"}],"wp:featuredmedia":[{"embeddable":true,"href":"https:\/\/www.europesays.com\/fi\/wp-json\/wp\/v2\/media\/105312"}],"wp:attachment":[{"href":"https:\/\/www.europesays.com\/fi\/wp-json\/wp\/v2\/media?parent=105311"}],"wp:term":[{"taxonomy":"category","embeddable":true,"href":"https:\/\/www.europesays.com\/fi\/wp-json\/wp\/v2\/categories?post=105311"},{"taxonomy":"post_tag","embeddable":true,"href":"https:\/\/www.europesays.com\/fi\/wp-json\/wp\/v2\/tags?post=105311"}],"curies":[{"name":"wp","href":"https:\/\/api.w.org\/{rel}","templated":true}]}}