{"id":105315,"date":"2025-12-02T01:50:17","date_gmt":"2025-12-02T01:50:17","guid":{"rendered":"https:\/\/www.europesays.com\/fi\/105315\/"},"modified":"2025-12-02T01:50:17","modified_gmt":"2025-12-02T01:50:17","slug":"berliinin-yokerhot-ongelmissa-ilta-sanomat","status":"publish","type":"post","link":"https:\/\/www.europesays.com\/fi\/105315\/","title":{"rendered":"Berliinin y\u00f6kerhot ongelmissa &#8211; Ilta-Sanomat"},"content":{"rendered":"<p>\u201dK\u00f6yh\u00e4\u00e4 mutta seksik\u00e4st\u00e4\u201d bilekaupunki Berliini\u00e4 ovat muuttaneet kaupunginosien keskiluokkaistuminen ja v\u00e4est\u00f6nkasvu.<\/p>\n<p>30.11. 22:51<\/p>\n<p class=\"article-body mb-nof-24 px-nof-16\">Saksan p\u00e4\u00e4kaupunki Berliini on pitk\u00e4\u00e4n ollut yksi maailman mahtavimmista bilekaupungeista, mutta nyt sen teknoklubit taistelevat henkiinj\u00e4\u00e4misest\u00e4. Haasteiksi ovat muodostuneet nousevat kustannukset, muuttuva musiikkimaku sek\u00e4 kiristyneet kiinteist\u00f6markkinat.<\/p>\n<p class=\"article-body mb-nof-24 px-nof-16\">Toistaiseksi tunnelma on kuitenkin riehakas sokkeloisessa Renate-klubissa, joka is\u00e4nn\u00f6i useita DJ:t\u00e4 ja sijaitsee h\u00e4m\u00e4r\u00e4sti valaistussa rakennuskompleksissa Spreejoen varrella. Klubi juhli vastik\u00e4\u00e4n 18-vuotisp\u00e4iv\u00e4\u00e4ns\u00e4.<\/p>\n<p class=\"article-body mb-nof-24 px-nof-16\">Konemusiikin tahdit, sykkiv\u00e4t basso ja v\u00e4rivalot t\u00e4ytt\u00e4v\u00e4t tanssilattian kuten aina. Moni kuitenkin pelk\u00e4\u00e4, ett\u00e4 musiikki lakkaa, kun klubin vuokrasopimus p\u00e4\u00e4ttyy vuoden lopussa.<\/p>\n<p class=\"article-body mb-nof-24 px-nof-16\">30-vuotiasta brittik\u00e4vij\u00e4\u00e4 <a class=\"article-personlink\" href=\"https:\/\/www.is.fi\/haku\/?query=Oscar%20Listeri%C3%A4\" rel=\"nofollow noopener\" target=\"_blank\">Oscar Listeri\u00e4<\/a> harmittaa, sill\u00e4 h\u00e4n on luultavasti viimeist\u00e4 kertaa rakastamassaan Renatessa.<\/p>\n<p class=\"article-body mb-nof-24 px-nof-16\">33-vuotias berliinil\u00e4inen <a class=\"article-personlink\" href=\"https:\/\/www.is.fi\/haku\/?query=Maike%20Sch%C3%B6neberg\" rel=\"nofollow noopener\" target=\"_blank\">Maike Sch\u00f6neberg<\/a> pohtii, ett\u00e4 kaikki klubit, jotka ovat saavuttaneet t\u00e4ysi-i\u00e4n, sulkevat ovensa. H\u00e4nest\u00e4 Berliinin klubikulttuuri on tuhoutumassa.<\/p>\n<p class=\"article-body mb-nof-24 px-nof-16\">Berliinist\u00e4 tuli teknon ja reivien keskus sen j\u00e4lkeen kun Berliinin muuri murtui 1989. Tuolloin anarkistinen kulttuuri siirtyi hyl\u00e4ttyihin teollisuusrakennuksiin luoden tiloja musiikille, tanssille ja taiteelle.<\/p>\n<p class=\"article-body mb-nof-24 px-nof-16\">Vuosikymmenten saatossa yhdistyneen Saksan v\u00e4est\u00f6nkasvu ja kaupunginosien keskiluokkaistuminen ovat kuitenkin muuttaneet kaupunkia, jota entinen pormestari <a class=\"article-personlink\" href=\"https:\/\/www.is.fi\/haku\/?query=Klaus%20Wowereit\" rel=\"nofollow noopener\" target=\"_blank\">Klaus Wowereit<\/a> aikanaan kuvaili k\u00f6yh\u00e4ksi mutta seksikk\u00e4\u00e4ksi.<\/p>\n<p class=\"article-body mb-nof-24 px-nof-16\">Viime vuosina klubit ovat k\u00e4rsineet muun muassa koronapandemiasta ja rajusta inflaatiosta. Samalla viikonlopputuristeja kaupunkiin tuoneet halpalennot ovat v\u00e4hentyneet ja nuoremmat sukupolvet ovat kiinnostuneet enemm\u00e4n ulkoilmafestivaaleista kuin klubeista.<\/p>\n<p class=\"article-body mb-nof-24 px-nof-16\">Taloudellinen paine on pakottanut monet paikat nostamaan sis\u00e4\u00e4np\u00e4\u00e4symaksujaan ja juomien hintoja. T\u00e4m\u00e4 on johtanut noidankeh\u00e4\u00e4n, jossa yh\u00e4 useampi nuori ja pitk\u00e4aikainen k\u00e4vij\u00e4 joutuu j\u00e4tt\u00e4m\u00e4\u00e4n juhlat v\u00e4list\u00e4.<\/p>\n<p class=\"article-body mb-nof-24 px-nof-16\">Maailmankuulu berliinil\u00e4inen Berghain-klubi on yh\u00e4 voimissaan, mutta ilmi\u00f6, jota on alettu kutsua klubikuolemaksi, on jo vienyt monia muita tunnettuja y\u00f6kerhoja.<\/p>\n<p class=\"article-body mb-nof-24 px-nof-16\">Vuoden 2024 lopulla Berliinin klubeja edustava yhdistys nimelt\u00e4\u00e4n Clubcommission varoitti, ett\u00e4 46 prosenttia sen j\u00e4senist\u00e4 harkitsi sulkemista seuraavan 12 kuukauden aikana.<\/p>\n<p class=\"article-body mb-nof-24 px-nof-16\">Heist\u00e4 l\u00e4hes kaksi kolmasosaa ilmoitti kokeneensa merkitt\u00e4v\u00e4\u00e4 laskua liikevaihdossa.<\/p>\n<p class=\"article-body mb-nof-24 px-nof-16\">Surullinen kohtalo on kohdannut my\u00f6s SchwuZ-klubin, joka johtajansa <a class=\"article-personlink\" href=\"https:\/\/www.is.fi\/haku\/?query=Katja%20J%C3%A4gerin\" rel=\"nofollow noopener\" target=\"_blank\">Katja J\u00e4gerin<\/a> mukaan on Saksan ellei koko Euroopan vanhin ja suurin queerklubi.<\/p>\n<p class=\"article-body mb-nof-24 px-nof-16\">\u2013\u2009Vuodesta 2024 olemme todella huomanneet tuottojen putoamisen, h\u00e4n kertoi AFP:lle ja lis\u00e4si, ett\u00e4 vaje on ollut noin 50\u202f000 euroa kuukaudessa.<\/p>\n<p class=\"article-body mb-nof-24 px-nof-16\">Klubik\u00e4vij\u00e4t eiv\u00e4t my\u00f6sk\u00e4\u00e4n k\u00e4yt\u00e4 rahaa kuten ennen.<\/p>\n<p class=\"article-body mb-nof-24 px-nof-16\">\u2013\u2009Ihmiset eiv\u00e4t osta kolmea tai nelj\u00e4\u00e4 juomaa, ehk\u00e4 vain yhden, J\u00e4ger sanoi.<\/p>\n<p class=\"article-body mb-nof-24 px-nof-16\">Kes\u00e4ll\u00e4 SchwuZ ilmoitti olevansa maksukyvyt\u00f6n ja pyysi Berliinin sukupuoli- ja seksuaaliv\u00e4hemmist\u00f6jen yhteis\u00f6j\u00e4 palaamaan juhlimaan, jotta klubi ei sulkeutuisi lopullisesti.<\/p>\n<p class=\"article-body mb-nof-24 px-nof-16\">Klubi aloitti syksyll\u00e4 my\u00f6s varainkeruukampanjan, johon oli lokakuun loppuun menness\u00e4 kertynyt noin 51\u202f000 euroa lahjoituksia.<\/p>\n<p class=\"article-body mb-nof-24 px-nof-16\">J\u00e4gerin mukaan SchwuZ yritt\u00e4\u00e4 my\u00f6s hy\u00f6dynt\u00e4\u00e4 1\u202f600 neli\u00f6metrin tilojaan vuokraamalla niit\u00e4 esimerkiksi yksityistapahtumiin, teatteriesityksiin ja p\u00e4iv\u00e4saikaan j\u00e4rjestett\u00e4viin juhliin.<\/p>\n<p class=\"article-body mb-nof-24 px-nof-16\">Lokakuussa p\u00e4\u00e4ttyneess\u00e4 Clubcommissionin j\u00e4rjest\u00e4m\u00e4ss\u00e4 festivaalissa yhdistettiin klubikulttuuria muihin taiteen muotoihin n\u00e4yttelyiden ja esitysten kautta. Festivaalilla jaettiin my\u00f6s palkintoja innovatiivisille klubeille.<\/p>\n<p class=\"article-body mb-nof-24 px-nof-16\">Yksi palkituista oli uusi, Afrikasta ja sen diasporasta inspiraationsa saanut kulttuurikeskus Maaya. Maayan perustaja <a class=\"article-personlink\" href=\"https:\/\/www.is.fi\/haku\/?query=Aziz%20Sarr\" rel=\"nofollow noopener\" target=\"_blank\">Aziz Sarr<\/a> sanoi AFP:lle, ett\u00e4 keskus on ollut suuri menestys. Keskuksessa j\u00e4rjestet\u00e4\u00e4n muun muassa musiikki-iltoja sek\u00e4 ruoka- ja kulttuuritapahtumia. Siell\u00e4 on my\u00f6s uima-allas.<\/p>\n<p class=\"article-body mb-nof-24 px-nof-16\">Clubcommissionin johtaja <a class=\"article-personlink\" href=\"https:\/\/www.is.fi\/haku\/?query=Katharin%20Ahrend\" rel=\"nofollow noopener\" target=\"_blank\">Katharin Ahrend<\/a> painotti, ettei kaikki ole synkk\u00e4\u00e4.<\/p>\n<p class=\"article-body mb-nof-24 px-nof-16\">\u2013\u2009Uusia projekteja syntyy, ja uusia paikkoja avautuu, vaikkei kovin monia, h\u00e4n sanoi AFP:lle.<\/p>\n<p class=\"article-body mb-nof-24 px-nof-16\">Yhdistyksen tiedottaja <a class=\"article-personlink\" href=\"https:\/\/www.is.fi\/haku\/?query=Emiko%20Gejic\" rel=\"nofollow noopener\" target=\"_blank\">Emiko Gejic <\/a>lis\u00e4si, ett\u00e4 esiin on noussut monia uusia formaatteja, sukupuoli- ja seksuaaliv\u00e4hemmist\u00f6jen ja ei-valkoisten yhteis\u00f6jen kollektiiveja sek\u00e4 raittiita reivej\u00e4.<\/p>\n<p class=\"article-body mb-nof-24 px-nof-16\">\u2013\u2009Luulen, ett\u00e4 Berliini on kaupunki, joka keksii itsens\u00e4 aina uudelleen, usein juhliva 32-vuotias <a class=\"article-personlink\" href=\"https:\/\/www.is.fi\/haku\/?query=Anne\" rel=\"nofollow noopener\" target=\"_blank\">Anne<\/a> sanoo AFP:lle.<\/p>\n<p class=\"article-body mb-nof-24 px-nof-16\">H\u00e4n kertoo nauttineensa joistakin uusista paikoista enemm\u00e4n kuin aiemmista, sill\u00e4 ne ovat luoneet uusia tapoja kokea y\u00f6el\u00e4m\u00e4\u00e4 Berliinin suurten klubien ulkopuolella.<\/p>\n","protected":false},"excerpt":{"rendered":"\u201dK\u00f6yh\u00e4\u00e4 mutta seksik\u00e4st\u00e4\u201d bilekaupunki Berliini\u00e4 ovat muuttaneet kaupunginosien keskiluokkaistuminen ja v\u00e4est\u00f6nkasvu. 30.11. 22:51 Saksan p\u00e4\u00e4kaupunki Berliini on pitk\u00e4\u00e4n&hellip;\n","protected":false},"author":2,"featured_media":105316,"comment_status":"","ping_status":"","sticky":false,"template":"","format":"standard","meta":{"footnotes":""},"categories":[136],"tags":[407,137,33,31,30,34,408,32,109],"class_list":{"0":"post-105315","1":"post","2":"type-post","3":"status-publish","4":"format-standard","5":"has-post-thumbnail","7":"category-julkkikset","8":"tag-celebrities","9":"tag-entertainment","10":"tag-fi","11":"tag-finland","12":"tag-finnish","13":"tag-ilta-sanomat","14":"tag-julkkikset","15":"tag-suomi","16":"tag-viihde"},"share_on_mastodon":{"url":"https:\/\/pubeurope.com\/@fi\/115647468203734243","error":""},"_links":{"self":[{"href":"https:\/\/www.europesays.com\/fi\/wp-json\/wp\/v2\/posts\/105315","targetHints":{"allow":["GET"]}}],"collection":[{"href":"https:\/\/www.europesays.com\/fi\/wp-json\/wp\/v2\/posts"}],"about":[{"href":"https:\/\/www.europesays.com\/fi\/wp-json\/wp\/v2\/types\/post"}],"author":[{"embeddable":true,"href":"https:\/\/www.europesays.com\/fi\/wp-json\/wp\/v2\/users\/2"}],"replies":[{"embeddable":true,"href":"https:\/\/www.europesays.com\/fi\/wp-json\/wp\/v2\/comments?post=105315"}],"version-history":[{"count":0,"href":"https:\/\/www.europesays.com\/fi\/wp-json\/wp\/v2\/posts\/105315\/revisions"}],"wp:featuredmedia":[{"embeddable":true,"href":"https:\/\/www.europesays.com\/fi\/wp-json\/wp\/v2\/media\/105316"}],"wp:attachment":[{"href":"https:\/\/www.europesays.com\/fi\/wp-json\/wp\/v2\/media?parent=105315"}],"wp:term":[{"taxonomy":"category","embeddable":true,"href":"https:\/\/www.europesays.com\/fi\/wp-json\/wp\/v2\/categories?post=105315"},{"taxonomy":"post_tag","embeddable":true,"href":"https:\/\/www.europesays.com\/fi\/wp-json\/wp\/v2\/tags?post=105315"}],"curies":[{"name":"wp","href":"https:\/\/api.w.org\/{rel}","templated":true}]}}