{"id":105321,"date":"2025-12-02T01:58:21","date_gmt":"2025-12-02T01:58:21","guid":{"rendered":"https:\/\/www.europesays.com\/fi\/105321\/"},"modified":"2025-12-02T01:58:21","modified_gmt":"2025-12-02T01:58:21","slug":"nyt-se-on-varmaa-jaajo-linnonmaan-superterassi-jarjestetaan-myos-ensi-kesana-paikalliset","status":"publish","type":"post","link":"https:\/\/www.europesays.com\/fi\/105321\/","title":{"rendered":"Nyt se on varmaa! Jaajo Linnonmaan Superterassi j\u00e4rjestet\u00e4\u00e4n my\u00f6s ensi kes\u00e4n\u00e4 | Paikalliset"},"content":{"rendered":"<p>Kasarmitorin Superterassi j\u00e4rjestet\u00e4\u00e4n my\u00f6s ensi kes\u00e4n\u00e4.<\/p>\n<p>Asiasta kertovat tapahtumaj\u00e4rjest\u00e4j\u00e4t<strong> Jaajo Linnonmaa<\/strong> ja <strong>Aki Keskitalo<\/strong> sosiaalisen median p\u00e4ivityksiss\u00e4\u00e4n.  <\/p>\n<p><strong class=\"diks-storyline__impact\">Kaksikko<\/strong> kertoo perustaneensa Superterassi Oy:n, joka tuottaa ensi kes\u00e4n Superterassin Kasarmitorilla sek\u00e4 siihen linkittyv\u00e4t tapahtumat.<\/p>\n<p>Keskitalo toimii yrityksen toimitusjohtajana.<\/p>\n<p>\u2013 Otan entist\u00e4 vahvemmin yhti\u00f6n liiketoiminnan vastuulleni toimitusjohtajan roolissa, tietenkin Jaajon kanssa tiiviisti ty\u00f6parina, Keskitalo kertoo julkaisussaan.<\/p>\n<p>\t\t<a class=\"diks-gallery__link\" href=\"https:\/\/i.media.fi\/incoming\/3n7chu\/10906356.jpg\/alternates\/FREE_1440\/10906356.jpg\" data-thumbnail=\"\" data-sub-html=\"Kasarmitorin ravintolakeidas viime kes\u00e4n\u00e4. Sanna Jompero-Lahokoski\" aria-label=\"Katso isompi kuva\" rel=\"nofollow noopener\" target=\"_blank\"><br \/>\n\t\t\t\t<img class=\"diks-figure__image\" src=\"https:\/\/www.europesays.com\/fi\/wp-content\/uploads\/2025\/12\/10906356.jpg\" loading=\"lazy\" decoding=\"sync\" alt=\"\"\/><\/p>\n<p>\t\t\t<\/a><br \/>\n\t\t\t\t\tKasarmitorin ravintolakeidas viime kes\u00e4n\u00e4. Sanna Jompero-Lahokoski<\/p>\n<p>\t\t\t\t\t<img class=\"diks-card__image\" src=\"https:\/\/www.europesays.com\/fi\/wp-content\/uploads\/2025\/12\/11002961.jpg\"   loading=\"lazy\" decoding=\"sync\" alt=\"\"\/><\/p>\n<p><strong class=\"diks-storyline__impact\">Ravintoloiden <\/strong>haku ensi kes\u00e4n terassille alkaa pian.<\/p>\n<p><strong class=\"diks-storyline__impact\">Terassin <\/strong>avausp\u00e4iv\u00e4 julkaistaan ensi viikolla, Keskitalo kertoo Helsingin Uutisille.<\/p>\n<p>Ravintoloiden<strong class=\"diks-storyline__impact\"> <\/strong>haku ensi kes\u00e4n terassille alkaa pian.<\/p>\n<p><strong class=\"diks-storyline__impact\">Viime <\/strong>kes\u00e4n\u00e4 Superterassilla k\u00e4vi <a href=\"https:\/\/www.helsinginuutiset.fi\/paikalliset\/8770211\" rel=\"nofollow noopener\" target=\"_blank\">j\u00e4rjest\u00e4jien arvion mukaan noin 400 000 ihmist\u00e4.<\/a><\/p>\n<p><strong class=\"diks-storyline__impact\">Keskitalon<\/strong> ja Linnonmaan yhteisty\u00f6 alkoi vuonna 2023 kun Keskitalo voitti Linnonmaan luotsaaman Diili-ohjelman.<\/p>\n<p>\t\t\t\t\t<img class=\"diks-card__image\" src=\"https:\/\/www.europesays.com\/fi\/wp-content\/uploads\/2025\/12\/10907054.jpg\"   loading=\"lazy\" decoding=\"sync\" alt=\"\"\/><\/p>\n<p>\t\t\t\t\t<img class=\"diks-card__image\" src=\"https:\/\/www.europesays.com\/fi\/wp-content\/uploads\/2025\/08\/10943645.jpg\"   loading=\"lazy\" decoding=\"sync\" alt=\"\"\/><\/p>\n<p>\t\t\t\t\t<img class=\"diks-card__image\" src=\"https:\/\/www.europesays.com\/fi\/wp-content\/uploads\/2025\/12\/11058509.jpg\"   loading=\"lazy\" decoding=\"sync\" alt=\"\"\/><\/p>\n<p>\t\t\t\t\t<img class=\"diks-card__image\" src=\"https:\/\/www.europesays.com\/fi\/wp-content\/uploads\/2025\/08\/10963195.jpg\"   loading=\"lazy\" decoding=\"sync\" alt=\"\"\/><\/p>\n","protected":false},"excerpt":{"rendered":"Kasarmitorin Superterassi j\u00e4rjestet\u00e4\u00e4n my\u00f6s ensi kes\u00e4n\u00e4. Asiasta kertovat tapahtumaj\u00e4rjest\u00e4j\u00e4t Jaajo Linnonmaa ja Aki Keskitalo sosiaalisen median p\u00e4ivityksiss\u00e4\u00e4n. Kaksikko&hellip;\n","protected":false},"author":2,"featured_media":6816,"comment_status":"","ping_status":"","sticky":false,"template":"","format":"standard","meta":{"footnotes":""},"categories":[130],"tags":[2678,137,33,31,30,104,12107,979,1999,32,140,139,109],"class_list":{"0":"post-105321","1":"post","2":"type-post","3":"status-publish","4":"format-standard","5":"has-post-thumbnail","7":"category-viihde","8":"tag-diili","9":"tag-entertainment","10":"tag-fi","11":"tag-finland","12":"tag-finnish","13":"tag-helsinki","14":"tag-mtv-mtv3","15":"tag-sahkoinen-media","16":"tag-suomalaiset-tv-ohjelmat","17":"tag-suomi","18":"tag-tv-ja-elokuvat","19":"tag-tv-ohjelmat","20":"tag-viihde"},"share_on_mastodon":{"url":"https:\/\/pubeurope.com\/@fi\/115647500007638085","error":""},"_links":{"self":[{"href":"https:\/\/www.europesays.com\/fi\/wp-json\/wp\/v2\/posts\/105321","targetHints":{"allow":["GET"]}}],"collection":[{"href":"https:\/\/www.europesays.com\/fi\/wp-json\/wp\/v2\/posts"}],"about":[{"href":"https:\/\/www.europesays.com\/fi\/wp-json\/wp\/v2\/types\/post"}],"author":[{"embeddable":true,"href":"https:\/\/www.europesays.com\/fi\/wp-json\/wp\/v2\/users\/2"}],"replies":[{"embeddable":true,"href":"https:\/\/www.europesays.com\/fi\/wp-json\/wp\/v2\/comments?post=105321"}],"version-history":[{"count":0,"href":"https:\/\/www.europesays.com\/fi\/wp-json\/wp\/v2\/posts\/105321\/revisions"}],"wp:featuredmedia":[{"embeddable":true,"href":"https:\/\/www.europesays.com\/fi\/wp-json\/wp\/v2\/media\/6816"}],"wp:attachment":[{"href":"https:\/\/www.europesays.com\/fi\/wp-json\/wp\/v2\/media?parent=105321"}],"wp:term":[{"taxonomy":"category","embeddable":true,"href":"https:\/\/www.europesays.com\/fi\/wp-json\/wp\/v2\/categories?post=105321"},{"taxonomy":"post_tag","embeddable":true,"href":"https:\/\/www.europesays.com\/fi\/wp-json\/wp\/v2\/tags?post=105321"}],"curies":[{"name":"wp","href":"https:\/\/api.w.org\/{rel}","templated":true}]}}