{"id":105335,"date":"2025-12-02T02:28:08","date_gmt":"2025-12-02T02:28:08","guid":{"rendered":"https:\/\/www.europesays.com\/fi\/105335\/"},"modified":"2025-12-02T02:28:08","modified_gmt":"2025-12-02T02:28:08","slug":"putin-kavi-komentopaikalla-ja-puhui-taas-pokrovskin-valtauksesta","status":"publish","type":"post","link":"https:\/\/www.europesays.com\/fi\/105335\/","title":{"rendered":"Putin k\u00e4vi komentopaikalla ja puhui taas Pokrovskin valtauksesta"},"content":{"rendered":"<p>Ukrainan sota|Kenraali v\u00e4itti Putinille, ett\u00e4 Pokrovsk on vallattu, mutta se ei n\u00e4yt\u00e4 olevan t\u00e4ysin totta.<\/p>\n<p class=\"article-body mb-nof-24 px-nof-16\">Ven\u00e4j\u00e4n johtajan <a class=\"article-personlink\" href=\"https:\/\/www.hs.fi\/haku\/?query=Vladimir%20Putinin\" rel=\"nofollow noopener\" target=\"_blank\">Vladimir Putinin<\/a> mukaan Pokrovskin kaupungin valtaaminen Ukrainassa mahdollistaa armeijan etenemisen syvemm\u00e4lle Ukrainaan.<\/p>\n<p class=\"article-body mb-nof-24 px-nof-16\">\u201dSe mahdollistaa ratkaisut, joiden avulla etenemme kohti tavoitteita, jotka asetimme sotilaallisen erikoisoperaation alussa\u201d, Putin sanoi uutistoimisto Reutersin mukaan ven\u00e4l\u00e4isille uutistoimistoille.<\/p>\n<p class=\"article-body mb-nof-24 px-nof-16\">Ven\u00e4j\u00e4 k\u00e4ytt\u00e4\u00e4 hy\u00f6kk\u00e4yssodastaan nimityst\u00e4 sotilaallinen erikoisoperaatio. Putinin kerrottiin puhuneen rintamatilanteesta sunnuntaina, kun h\u00e4n vieraili komentopaikalla Ukrainan sodassa.<\/p>\n<p class=\"article-body mb-nof-24 px-nof-16\">Komentopaikalla kenraali <a class=\"article-personlink\" href=\"https:\/\/www.hs.fi\/haku\/?query=Valeri%20Gerasimov\" rel=\"nofollow noopener\" target=\"_blank\">Valeri Gerasimov<\/a> kertoi Putinille, ett\u00e4 Pokrovsin ja Volhanskin kaupungit on \u201dvapautettu\u201d, kertoi ven\u00e4l\u00e4inen uutistoimisto <a class=\"article-genericlink\" href=\"https:\/\/ria.ru\/20251201\/volchansk-2059049673.html\" rel=\"nofollow noopener\" target=\"_blank\">Ria Novosti<\/a> maanantai-iltana. Uutistoimisto k\u00e4ytti Pokrovskista sen vanhaa nime\u00e4 Krasnoarmeisk. Vapauttaminen tarkoittaa Ven\u00e4j\u00e4n propagandassa kaupungin valtaamista.<\/p>\n<p class=\"article-body mb-nof-24 px-nof-16\">Ven\u00e4j\u00e4 on ennenkin kehunut vallanneensa Pokrovskin. Putin <a class=\"article-genericlink\" href=\"https:\/\/www.hs.fi\/maailma\/art-2000011534757.html\" rel=\"nofollow noopener\" target=\"_blank\">mainitsi <\/a>jo lokakuun alussa, ett\u00e4 Ven\u00e4j\u00e4 on edennyt kaupunkiin.<\/p>\n<p class=\"article-body mb-nof-24 px-nof-16\">Pokrovsk on t\u00e4rke\u00e4 risteyskaupunki, jonka saatuaan Ven\u00e4j\u00e4n voisi olla helpompi jatkaa hy\u00f6kk\u00e4yst\u00e4\u00e4n kohti l\u00e4ntt\u00e4 ja pohjoista. On kuitenkin yh\u00e4 kyseenalaista, onko Ven\u00e4j\u00e4 vallannut sit\u00e4.<\/p>\n<p class=\"article-body mb-nof-24 px-nof-16\">Esimerkiksi yhdysvaltalaisen ajatushautomon ISW:n mukaan edelleenkin vain osa Pokrovskista on ven\u00e4l\u00e4isten hallussa.<\/p>\n<p class=\"article-body mb-nof-24 px-nof-16\">\u201dVen\u00e4j\u00e4n joukot etenev\u00e4t yh\u00e4 hitaasti eiv\u00e4tk\u00e4 ole onnistuneet valtaamaan Pokrovskia kokonaan, vaikka ovat hallinneet asemia kaupungissa yli 120 p\u00e4iv\u00e4\u00e4, ISW kirjoittaa sunnuntaina julkaisemassaan <a class=\"article-genericlink\" href=\"https:\/\/understandingwar.org\/research\/russia-ukraine\/russian-offensive-campaign-assessment-november-30-2025\/\" rel=\"nofollow noopener\" target=\"_blank\">tilannekatsauksessa<\/a>.<\/p>\n<p class=\"article-body mb-nof-24 px-nof-16\">\u201dVaikka tilanne joillakin tietyill\u00e4 rintamasektoreilla on vakava, varsinkin Pokrovskin ja Hulyaipolen suunnalla, Kremlin yritys esitt\u00e4\u00e4 Ven\u00e4j\u00e4n voitto Ukrainassa v\u00e4\u00e4j\u00e4\u00e4m\u00e4tt\u00f6m\u00e4n\u00e4 ei vastaa taistelukent\u00e4n todellisuutta\u201d, ISW toteaa.<\/p>\n<p class=\"article-body mb-nof-24 px-nof-16\">Ven\u00e4j\u00e4 pyrkii propagandassaan paisuttelemaan menestyst\u00e4\u00e4n rintamalla.<\/p>\n<p class=\"article-body mb-nof-24 px-nof-16\">\u201dTelevisiosta tuleva informaatiosis\u00e4lt\u00f6 taistelujen uutisoinnissa on j\u00e4lleen alkanut muistuttaa iloisen typer\u00e4\u00e4 vaaleanpunaista hurmoksellista hourailua\u201d, kuvailee ven\u00e4l\u00e4inen sotabloggari\u00adnimimerkki Kaksi majuria <a class=\"article-genericlink\" href=\"https:\/\/t.me\/dva_majors\/84181\" rel=\"nofollow\">Telegramissa<\/a>.<\/p>\n","protected":false},"excerpt":{"rendered":"Ukrainan sota|Kenraali v\u00e4itti Putinille, ett\u00e4 Pokrovsk on vallattu, mutta se ei n\u00e4yt\u00e4 olevan t\u00e4ysin totta. Ven\u00e4j\u00e4n johtajan Vladimir&hellip;\n","protected":false},"author":2,"featured_media":105336,"comment_status":"","ping_status":"","sticky":false,"template":"","format":"standard","meta":{"footnotes":""},"categories":[14],"tags":[22,23,26,27,33,31,30,17,46,24,25,28,29,15,18,21,32,19,20,56,16,59,60,61],"class_list":{"0":"post-105335","1":"post","2":"type-post","3":"status-publish","4":"format-standard","5":"has-post-thumbnail","7":"category-ulkomaat","8":"tag-breaking-news","9":"tag-breakingnews","10":"tag-featured-news","11":"tag-featurednews","12":"tag-fi","13":"tag-finland","14":"tag-finnish","15":"tag-headlines","16":"tag-helsingin-sanomat","17":"tag-latest-news","18":"tag-latestnews","19":"tag-main-news","20":"tag-mainnews","21":"tag-news","22":"tag-otsikot","23":"tag-paauutiset","24":"tag-suomi","25":"tag-top-stories","26":"tag-topstories","27":"tag-ulkomaat","28":"tag-uutiset","29":"tag-world","30":"tag-world-news","31":"tag-worldnews"},"share_on_mastodon":{"url":"https:\/\/pubeurope.com\/@fi\/115647617726495979","error":""},"_links":{"self":[{"href":"https:\/\/www.europesays.com\/fi\/wp-json\/wp\/v2\/posts\/105335","targetHints":{"allow":["GET"]}}],"collection":[{"href":"https:\/\/www.europesays.com\/fi\/wp-json\/wp\/v2\/posts"}],"about":[{"href":"https:\/\/www.europesays.com\/fi\/wp-json\/wp\/v2\/types\/post"}],"author":[{"embeddable":true,"href":"https:\/\/www.europesays.com\/fi\/wp-json\/wp\/v2\/users\/2"}],"replies":[{"embeddable":true,"href":"https:\/\/www.europesays.com\/fi\/wp-json\/wp\/v2\/comments?post=105335"}],"version-history":[{"count":0,"href":"https:\/\/www.europesays.com\/fi\/wp-json\/wp\/v2\/posts\/105335\/revisions"}],"wp:featuredmedia":[{"embeddable":true,"href":"https:\/\/www.europesays.com\/fi\/wp-json\/wp\/v2\/media\/105336"}],"wp:attachment":[{"href":"https:\/\/www.europesays.com\/fi\/wp-json\/wp\/v2\/media?parent=105335"}],"wp:term":[{"taxonomy":"category","embeddable":true,"href":"https:\/\/www.europesays.com\/fi\/wp-json\/wp\/v2\/categories?post=105335"},{"taxonomy":"post_tag","embeddable":true,"href":"https:\/\/www.europesays.com\/fi\/wp-json\/wp\/v2\/tags?post=105335"}],"curies":[{"name":"wp","href":"https:\/\/api.w.org\/{rel}","templated":true}]}}