{"id":105343,"date":"2025-12-02T02:49:11","date_gmt":"2025-12-02T02:49:11","guid":{"rendered":"https:\/\/www.europesays.com\/fi\/105343\/"},"modified":"2025-12-02T02:49:11","modified_gmt":"2025-12-02T02:49:11","slug":"antti-pennanen-ihasteli-nhl-reissullaan-oliver-kapasen-kypsyytta-leijonat-suuntaa-eht-jaille-ilman-liigan-pelaajia-urheilu-2","status":"publish","type":"post","link":"https:\/\/www.europesays.com\/fi\/105343\/","title":{"rendered":"Antti Pennanen ihasteli NHL-reissullaan Oliver Kapasen kypsyytt\u00e4 \u2013 Leijonat suuntaa EHT-j\u00e4ille ilman Liigan pelaajia | Urheilu"},"content":{"rendered":"<p>Suomen j\u00e4\u00e4kiekkomaajoukkueen p\u00e4\u00e4valmentaja Antti Pennanen valitsi leijonamanageri Jere Lehtisen kanssa kokoa, rutiinia ja kamppailuvoimaa Sveitsiss\u00e4 j\u00e4rjestett\u00e4v\u00e4\u00e4n kauden toiseen EHT-turnaukseen.<\/p>\n<p>Leijonien pelaajaryhm\u00e4ss\u00e4 on kymmenkunta MM-kisoissa pelannutta pelaajaa Ruotsin ja Sveitsin liigoista, mutta kotimaan Liigan kiekkoilijoita ei ensi viikon turnauksessa n\u00e4hd\u00e4. Liigan ottelut py\u00f6riv\u00e4t joulukuun turnauksen aikana kiivaalla tahdilla, samoin kuin viime vuonna.<\/p>\n<p>\u2013\u2009Halusimme pit\u00e4\u00e4 tilanteen reiluna kaikille liigajoukkueille, mutta toivottavasti saisimme tulevaisuudessa sellaisen systeemin, joka tukee kaikkia osapuolia. N\u00e4m\u00e4 tapahtumat ovat monelle liigapelaajalle t\u00e4rkeit\u00e4 heid\u00e4n tulevaisuuttaankin ajatellen. NHL-scoutit ovat katsomassa EHT-pelej\u00e4, Pennanen sanoi maanantaina J\u00e4\u00e4kiekkoliiton mediatilaisuudessa.<\/p>\n<p>Leijonat aloitti EHT-kauden marraskuussa Tampereella voitolla ja kahdella tappiolla. Uuteen EHT-ryhm\u00e4\u00e4n valittiin lis\u00e4\u00e4 kokoa, sill\u00e4 maajoukkuevalmennuksen analyysin mukaan Leijonat j\u00e4i kotiturnauksessaan kakkoseksi maalineduskamppailuissa.<\/p>\n<p>Joukkueessa on my\u00f6s yksi maajoukkuedebytantti, maalivahti Waltteri Ignatjew. Helsinkil\u00e4isvahti on kulkenut Kiekko-Espoon Mestis-joukkueen, Ruotsin kakkostason Moran ja AHL:n kautta ruotsalaisen liigajoukkue Link\u00f6pingin torjujaksi.<\/p>\n<p>\u2013\u2009H\u00e4n on pelannut viime aikoina todella hyvin. Valitsimme h\u00e4net joukkueeseen tulevaisuuttakin silm\u00e4ll\u00e4 pit\u00e4en, Pennanen arvioi t\u00e4ll\u00e4 viikolla 26 vuotta t\u00e4ytt\u00e4v\u00e4\u00e4 maalivahtia.<\/p>\n<p>\t\t\t\tNHL-reissulla n\u00e4ht\u00e4v\u00e4\u00e4 ja juteltavaa<\/p>\n<p>Pennanen, Lehtinen ja Leijonat etenev\u00e4t j\u00e4\u00e4kiekkokautta vankasti kaksilla rattailla, sill\u00e4 helmikuun olympialaisissa Suomen kokoonpano koostuu l\u00e4hes pelk\u00e4st\u00e4\u00e4n NHL-pelaajista.<\/p>\n<p>Euroopasta Suomen olympiakoneeseen valitaan luultavimmin vain jokunen pelaaja. Todenn\u00e4k\u00f6isin nimi lienee puolustaja Mikko Lehtonen, joka on mukana my\u00f6s Sveitsin EHT-turnauksessa.<\/p>\n<p>Pennanen ja Lehtinen tekiv\u00e4t marraskuussa ahkerasti olympiavalmisteluita. Kaksikon kaksi ja puoli viikkoa kest\u00e4nyt Pohjois-Amerikan reissu p\u00e4\u00e4ttyi viikonloppuna ja sis\u00e4lsi toistakymment\u00e4 NHL-ottelua.<\/p>\n<p>\u2013\u2009Se oli antoisa reissu. N\u00e4imme 25 suomalaispelaajaa j\u00e4\u00e4ll\u00e4 ja k\u00e4vimme keskusteluja sellaistenkin pelaajien kanssa, jotka eiv\u00e4t pelanneet, Lehtinen valaisi.<\/p>\n<p>P\u00e4\u00e4valmentaja Pennanen nosti yksitt\u00e4isist\u00e4 suomalaisista esiin Montrealin 22-vuotiaan tulokassentterin Oliver Kapasen nimen. KalPassa ja Timr\u00e5ssa viime vuosina pelitaitojaan hionut Kapanen on ottanut ikonisessa NHL-seurassa vahvan pelipaikan.<\/p>\n<p>\u2013\u2009Tuon tyyppisi\u00e4 tarinoita meill\u00e4 pit\u00e4isi olla Suomi-kiekossa enemm\u00e4n, nyt ja tulevaisuudessa. Pelipaikan saaminen on NHL:ss\u00e4 tosi vaikeaa. Pelaajakehityksen kannalta meid\u00e4n on otettava t\u00e4m\u00e4 asia vakavasti, ett\u00e4 saamme nuoria huippupelaajia NHL:\u00e4\u00e4n ja he vakiinnuttaisivat pelipaikkansa, p\u00e4\u00e4valmentaja pohdiskeli.<\/p>\n<p>\t\t\t\t&#8221;Odotetunlainen p\u00e4\u00e4t\u00f6s&#8221;<\/p>\n<p>Pennanen antoi my\u00f6s arvionsa viime viikon puhuttaneesta kiekkoaiheesta, kotimaisen Liigan sarjauudistuksesta. Liiga ilmoitti siirtyv\u00e4ns\u00e4 kaudella 2027\u20132028 kaksitasoiseen, 14+10 joukkueen sarjamalliin. Paikat sarjoissa seulotaan ensi kaudella.<\/p>\n<p>\u2013\u2009Se oli odotetunlainen p\u00e4\u00e4t\u00f6s, ei siin\u00e4 ollut mit\u00e4\u00e4n ihmeellist\u00e4. Suoran nousun mahdollisuus (sarjojen v\u00e4lill\u00e4) on makea juttu, Pennanen sanoi.<\/p>\n<p>\u2013\u2009Nyt tarvitaan kovasti harteita, ett\u00e4 saamme enemm\u00e4n pelaajia kotimaiseen liigaan. Meill\u00e4 voi olla elinvoimainen sarja 14+10 joukkueella, mutta se edellytt\u00e4\u00e4 sit\u00e4, ett\u00e4 meill\u00e4 on riitt\u00e4v\u00e4sti kotimaisia pelaajia.<\/p>\n","protected":false},"excerpt":{"rendered":"Suomen j\u00e4\u00e4kiekkomaajoukkueen p\u00e4\u00e4valmentaja Antti Pennanen valitsi leijonamanageri Jere Lehtisen kanssa kokoa, rutiinia ja kamppailuvoimaa Sveitsiss\u00e4 j\u00e4rjestett\u00e4v\u00e4\u00e4n kauden toiseen&hellip;\n","protected":false},"author":2,"featured_media":105344,"comment_status":"","ping_status":"","sticky":false,"template":"","format":"standard","meta":{"footnotes":""},"categories":[158],"tags":[1274,400,33,31,30,1143,41,159,32,1145,551,712,160],"class_list":{"0":"post-105343","1":"post","2":"type-post","3":"status-publish","4":"format-standard","5":"has-post-thumbnail","7":"category-urheilu","8":"tag-ammattiurheilu","9":"tag-espoo","10":"tag-fi","11":"tag-finland","12":"tag-finnish","13":"tag-jaakiekko","14":"tag-liikunta-ja-urheilu","15":"tag-sports","16":"tag-suomi","17":"tag-talviurheilu","18":"tag-tampere","19":"tag-tampereen-seutukunta","20":"tag-urheilu"},"share_on_mastodon":{"url":"https:\/\/pubeurope.com\/@fi\/115647700358820901","error":""},"_links":{"self":[{"href":"https:\/\/www.europesays.com\/fi\/wp-json\/wp\/v2\/posts\/105343","targetHints":{"allow":["GET"]}}],"collection":[{"href":"https:\/\/www.europesays.com\/fi\/wp-json\/wp\/v2\/posts"}],"about":[{"href":"https:\/\/www.europesays.com\/fi\/wp-json\/wp\/v2\/types\/post"}],"author":[{"embeddable":true,"href":"https:\/\/www.europesays.com\/fi\/wp-json\/wp\/v2\/users\/2"}],"replies":[{"embeddable":true,"href":"https:\/\/www.europesays.com\/fi\/wp-json\/wp\/v2\/comments?post=105343"}],"version-history":[{"count":0,"href":"https:\/\/www.europesays.com\/fi\/wp-json\/wp\/v2\/posts\/105343\/revisions"}],"wp:featuredmedia":[{"embeddable":true,"href":"https:\/\/www.europesays.com\/fi\/wp-json\/wp\/v2\/media\/105344"}],"wp:attachment":[{"href":"https:\/\/www.europesays.com\/fi\/wp-json\/wp\/v2\/media?parent=105343"}],"wp:term":[{"taxonomy":"category","embeddable":true,"href":"https:\/\/www.europesays.com\/fi\/wp-json\/wp\/v2\/categories?post=105343"},{"taxonomy":"post_tag","embeddable":true,"href":"https:\/\/www.europesays.com\/fi\/wp-json\/wp\/v2\/tags?post=105343"}],"curies":[{"name":"wp","href":"https:\/\/api.w.org\/{rel}","templated":true}]}}