{"id":105349,"date":"2025-12-02T02:54:08","date_gmt":"2025-12-02T02:54:08","guid":{"rendered":"https:\/\/www.europesays.com\/fi\/105349\/"},"modified":"2025-12-02T02:54:08","modified_gmt":"2025-12-02T02:54:08","slug":"moni-poistui-itkien-suomalaisyhtyeen-keikka-slovakiassa-sai-traagisen-lopun","status":"publish","type":"post","link":"https:\/\/www.europesays.com\/fi\/105349\/","title":{"rendered":"&#8221;Moni poistui itkien&#8221; \u2013 Suomalaisyhtyeen keikka Slovakiassa sai traagisen lopun"},"content":{"rendered":"<p>Suomalaisen metalliyhtye Battle Beastin maanantainen keikka Bratislavassa jouduttiin keskeytt\u00e4m\u00e4\u00e4n, kun yleis\u00f6ss\u00e4 ollut mies sai sairaskohtauksen.<\/p>\n<p><img decoding=\"async\" class=\"image image-show image-preview\" src=\"https:\/\/www.europesays.com\/fi\/wp-content\/uploads\/2025\/12\/3e318b8be701f83cddbc0167fc7d3aa167529f2b5d4d12e549a068998dc92882.jpg\" alt=\"\"\/><img decoding=\"async\" class=\"image image-show\" src=\"https:\/\/www.europesays.com\/fi\/wp-content\/uploads\/2025\/12\/1764644048_812_3e318b8be701f83cddbc0167fc7d3aa167529f2b5d4d12e549a068998dc92882.jpg\" alt=\"\"\/><\/p>\n<p>Battle Beast on tunnettu suomalainen metalliyhti\u00f6. Kuvituskuva b\u00e4ndin keikalta Wackenista vuonna 2019. Torsten Gadegast, ZumaWire \/ MVPHOTOS<\/p>\n<p class=\"paragraph\">Suomalainen metalliyhtye Battle Beast joutui maanantai-iltana lopettamaan keikkansa vain kahden kappaleen j\u00e4lkeen, kun yleis\u00f6ss\u00e4 ollut mies sai sairaskohtauksen. Yhtye esiintyi Slovakian p\u00e4\u00e4kaupungissa Bratislavassa 1. joulukuuta.<\/p>\n<p class=\"paragraph\">Yleis\u00f6\u00f6n kantautuneen tiedon mukaan noin 60-vuotias mies olisi elvytysyrityksist\u00e4 menehtynyt. Paikalla ollut suomalaisfani <strong>Kalle Pesonen<\/strong> kertoo yleis\u00f6n olleen hyvin j\u00e4rkyttyneit\u00e4 tapahtuneesta.<\/p>\n<p class=\"paragraph\">\u2013 Eero Sipil\u00e4 nappasi mikin Nooralta yht\u00e4kki\u00e4 ja kertoi, ett\u00e4 yleis\u00f6ss\u00e4 on sairaskohtaus, Pesonen aloittaa.<\/p>\n<p class=\"paragraph\">\u2013 Sipil\u00e4 kertoi, ett\u00e4 keikka keskeytet\u00e4\u00e4n ja pyysi kaikkia pysyttelem\u00e4\u00e4n rauhallisina. Saliin laitettiin valot ja b\u00e4ndi poistui lavalta.<\/p>\n<p class=\"paragraph\">Miehen elvytys aloitettiin v\u00e4litt\u00f6m\u00e4sti. Pesosen mukaan ambulanssi ja hoitohenkil\u00f6kunta reagoivat nopeasti ja ensiapu oli paikalla noin viidess\u00e4 minuutissa. Elvytyksest\u00e4 huolimatta Kallen tietojen mukaan mies menehtyi.<\/p>\n<p class=\"paragraph\">\u2013 H\u00e4nt\u00e4 elvytettiin yli puoli tuntia, mutta kuulemma menehtyi. Koko yleis\u00f6 oli luonnollisesti tapahtuneesta j\u00e4rkyttynyt.<\/p>\n<p class=\"paragraph\">Battle Beastin keikkaa ei jatkettu. Pesosen mukaan moni fani poistui keikkapaikalta itkien.<\/p>\n<p class=\"paragraph\">\u2013 Aivan hirve\u00e4 tilanne. Kamalinta mit\u00e4 olen joutunut koskaan kokemaan.<\/p>\n<p class=\"paragraph\">Juttu jatkuu kuvan j\u00e4lkeen.<\/p>\n<p>Battle Beastin keikka Bratislavassa 1. joulukuuta loppui lyhyeen, kun yleis\u00f6ss\u00e4 ollut mies sai sairaskohtauksen. Lukijan kuva<\/p>\n<p>Sipil\u00e4: \u201dAivan kammottava tilanne kaikille\u201d<\/p>\n<p class=\"paragraph\">Battle Beastin basisti <a href=\"https:\/\/www.iltalehti.fi\/henkilot\/Eero Sipil\u00e4\" class=\"article-link-person-page\" rel=\"nofollow noopener\" target=\"_blank\">Eero Sipil\u00e4<\/a> vahvistaa Iltalehdelle, ett\u00e4 keikka keskeytyi yleis\u00f6ss\u00e4 sattuneen sairaskohtauksen vuoksi.<\/p>\n<p class=\"paragraph\">\u2013 Pit\u00e4\u00e4 valitettavasti paikkansa. Kyseess\u00e4 oli yleis\u00f6n edustaja, joten meid\u00e4n henkil\u00f6kunnallamme on kaikki ok, Sipil\u00e4 aloittaa.<\/p>\n<p class=\"paragraph\">Sipil\u00e4 kertoo b\u00e4ndin keskeytt\u00e4neen keikkansa v\u00e4litt\u00f6m\u00e4sti, kun promoottori ilmoitti yleis\u00f6ss\u00e4 sattuneesta sairaskohtauksesta.<\/p>\n<p class=\"paragraph\">\u2013 Tapahtuman promoottori antoi lavalle tiedon sairastapauksesta yleis\u00f6ss\u00e4 soitettuamme kaksi biisi\u00e4. T\u00e4m\u00e4n j\u00e4lkeen keskeytimme heti keikan antaaksemme hoitohenkil\u00f6kunnalle parhaan mahdollisen ty\u00f6rauhan.<\/p>\n<p class=\"paragraph\">Sipil\u00e4 sanoo b\u00e4ndin pysytelleen takahuoneessa, jotta hoitohenkil\u00f6kunta saisi rauhassa tehd\u00e4 ty\u00f6ns\u00e4. Tapahtuman promoottori ilmoitti b\u00e4ndille noin tuntia my\u00f6hemmin, ett\u00e4 keikka t\u00e4ytyy lopettaa. T\u00e4m\u00e4n tarkempia tietoja b\u00e4ndille ei annettu. Promoottori ilmoitti antavansa lis\u00e4tiedot omilla sosiaalisen median kanavillaan.<\/p>\n","protected":false},"excerpt":{"rendered":"Suomalaisen metalliyhtye Battle Beastin maanantainen keikka Bratislavassa jouduttiin keskeytt\u00e4m\u00e4\u00e4n, kun yleis\u00f6ss\u00e4 ollut mies sai sairaskohtauksen. Battle Beast on&hellip;\n","protected":false},"author":2,"featured_media":105350,"comment_status":"","ping_status":"","sticky":false,"template":"","format":"standard","meta":{"footnotes":""},"categories":[14],"tags":[35,138,22,23,26,27,33,31,30,17,24,25,28,29,47,141,15,18,21,2461,32,484,19,20,56,16,59,60,61],"class_list":{"0":"post-105349","1":"post","2":"type-post","3":"status-publish","4":"format-standard","5":"has-post-thumbnail","7":"category-ulkomaat","8":"tag-24h","9":"tag-audio","10":"tag-breaking-news","11":"tag-breakingnews","12":"tag-featured-news","13":"tag-featurednews","14":"tag-fi","15":"tag-finland","16":"tag-finnish","17":"tag-headlines","18":"tag-latest-news","19":"tag-latestnews","20":"tag-main-news","21":"tag-mainnews","22":"tag-musiikki","23":"tag-muusikot-bandit","24":"tag-news","25":"tag-otsikot","26":"tag-paauutiset","27":"tag-sairaalat-ja-terveyskeskukset","28":"tag-suomi","29":"tag-taiteellinen-ilmaisu-ja-mediat","30":"tag-top-stories","31":"tag-topstories","32":"tag-ulkomaat","33":"tag-uutiset","34":"tag-world","35":"tag-world-news","36":"tag-worldnews"},"share_on_mastodon":{"url":"https:\/\/pubeurope.com\/@fi\/115647719984561353","error":""},"_links":{"self":[{"href":"https:\/\/www.europesays.com\/fi\/wp-json\/wp\/v2\/posts\/105349","targetHints":{"allow":["GET"]}}],"collection":[{"href":"https:\/\/www.europesays.com\/fi\/wp-json\/wp\/v2\/posts"}],"about":[{"href":"https:\/\/www.europesays.com\/fi\/wp-json\/wp\/v2\/types\/post"}],"author":[{"embeddable":true,"href":"https:\/\/www.europesays.com\/fi\/wp-json\/wp\/v2\/users\/2"}],"replies":[{"embeddable":true,"href":"https:\/\/www.europesays.com\/fi\/wp-json\/wp\/v2\/comments?post=105349"}],"version-history":[{"count":0,"href":"https:\/\/www.europesays.com\/fi\/wp-json\/wp\/v2\/posts\/105349\/revisions"}],"wp:featuredmedia":[{"embeddable":true,"href":"https:\/\/www.europesays.com\/fi\/wp-json\/wp\/v2\/media\/105350"}],"wp:attachment":[{"href":"https:\/\/www.europesays.com\/fi\/wp-json\/wp\/v2\/media?parent=105349"}],"wp:term":[{"taxonomy":"category","embeddable":true,"href":"https:\/\/www.europesays.com\/fi\/wp-json\/wp\/v2\/categories?post=105349"},{"taxonomy":"post_tag","embeddable":true,"href":"https:\/\/www.europesays.com\/fi\/wp-json\/wp\/v2\/tags?post=105349"}],"curies":[{"name":"wp","href":"https:\/\/api.w.org\/{rel}","templated":true}]}}