{"id":105351,"date":"2025-12-02T02:55:11","date_gmt":"2025-12-02T02:55:11","guid":{"rendered":"https:\/\/www.europesays.com\/fi\/105351\/"},"modified":"2025-12-02T02:55:11","modified_gmt":"2025-12-02T02:55:11","slug":"auto-tormasi-pyorailijaan-risteyksessa-vakavin-seurauksin-poliisi-pyytaa-havaintoja-uutissuomalainen","status":"publish","type":"post","link":"https:\/\/www.europesays.com\/fi\/105351\/","title":{"rendered":"Auto t\u00f6rm\u00e4si py\u00f6r\u00e4ilij\u00e4\u00e4n risteyksess\u00e4 vakavin seurauksin \u2013 poliisi pyyt\u00e4\u00e4 havaintoja | Uutissuomalainen"},"content":{"rendered":"<p>Polkupy\u00f6r\u00e4ilij\u00e4 loukkaantui vakavasti Ilmajoen keskustassa Etel\u00e4-Pohjanmaalla sunnuntaina tapahtuneessa liikenneonnettomuudessa.<\/p>\n<p>Autoilija t\u00f6rm\u00e4si py\u00f6r\u00e4ilij\u00e4\u00e4n noin kello 14.45 Kauppatien ja Asematien risteyksess\u00e4.<\/p>\n<p>Vakavasti loukkaantunut py\u00f6r\u00e4ilij\u00e4 vietiin jatkohoitoon.<\/p>\n<p>Autoilija j\u00e4i onnettomuuspaikalle, ja poliisilla on h\u00e4nen tietonsa.<\/p>\n<p>Poliisi pyyt\u00e4\u00e4 nyt havaintoja henkil\u00f6ilt\u00e4, jotka n\u00e4kiv\u00e4t onnettomuuden tai osalliset hieman ennen tapahtumaa.<\/p>\n<p>Mahdolliset silminn\u00e4kij\u00e4t voivat ilmoittaa yhteystietonsa Pohjanmaan poliisille s\u00e4hk\u00f6postitse osoitteeseen vihjeet.pohjanmaa@poliisi.fi tai puhelimitse numeroon 0295 415 501.<\/p>\n","protected":false},"excerpt":{"rendered":"Polkupy\u00f6r\u00e4ilij\u00e4 loukkaantui vakavasti Ilmajoen keskustassa Etel\u00e4-Pohjanmaalla sunnuntaina tapahtuneessa liikenneonnettomuudessa. Autoilija t\u00f6rm\u00e4si py\u00f6r\u00e4ilij\u00e4\u00e4n noin kello 14.45 Kauppatien ja Asematien&hellip;\n","protected":false},"author":2,"featured_media":49136,"comment_status":"","ping_status":"","sticky":false,"template":"","format":"standard","meta":{"footnotes":""},"categories":[12],"tags":[22,23,26,27,33,31,30,17,2455,5291,683,24,25,121,28,29,15,18,21,122,54,3999,32,128,19,20,16],"class_list":{"0":"post-105351","1":"post","2":"type-post","3":"status-publish","4":"format-standard","5":"has-post-thumbnail","7":"category-suomi","8":"tag-breaking-news","9":"tag-breakingnews","10":"tag-featured-news","11":"tag-featurednews","12":"tag-fi","13":"tag-finland","14":"tag-finnish","15":"tag-headlines","16":"tag-hengenvaara-ja-loukkaantuminen","17":"tag-ilmajoki","18":"tag-kuolema","19":"tag-latest-news","20":"tag-latestnews","21":"tag-liikenne-ja-kuljetus","22":"tag-main-news","23":"tag-mainnews","24":"tag-news","25":"tag-otsikot","26":"tag-paauutiset","27":"tag-pelastaminen","28":"tag-pelastuspalvelut","29":"tag-seinajoen-seutukunta","30":"tag-suomi","31":"tag-tieliikenne","32":"tag-top-stories","33":"tag-topstories","34":"tag-uutiset"},"share_on_mastodon":{"url":"https:\/\/pubeurope.com\/@fi\/115647723787134243","error":""},"_links":{"self":[{"href":"https:\/\/www.europesays.com\/fi\/wp-json\/wp\/v2\/posts\/105351","targetHints":{"allow":["GET"]}}],"collection":[{"href":"https:\/\/www.europesays.com\/fi\/wp-json\/wp\/v2\/posts"}],"about":[{"href":"https:\/\/www.europesays.com\/fi\/wp-json\/wp\/v2\/types\/post"}],"author":[{"embeddable":true,"href":"https:\/\/www.europesays.com\/fi\/wp-json\/wp\/v2\/users\/2"}],"replies":[{"embeddable":true,"href":"https:\/\/www.europesays.com\/fi\/wp-json\/wp\/v2\/comments?post=105351"}],"version-history":[{"count":0,"href":"https:\/\/www.europesays.com\/fi\/wp-json\/wp\/v2\/posts\/105351\/revisions"}],"wp:featuredmedia":[{"embeddable":true,"href":"https:\/\/www.europesays.com\/fi\/wp-json\/wp\/v2\/media\/49136"}],"wp:attachment":[{"href":"https:\/\/www.europesays.com\/fi\/wp-json\/wp\/v2\/media?parent=105351"}],"wp:term":[{"taxonomy":"category","embeddable":true,"href":"https:\/\/www.europesays.com\/fi\/wp-json\/wp\/v2\/categories?post=105351"},{"taxonomy":"post_tag","embeddable":true,"href":"https:\/\/www.europesays.com\/fi\/wp-json\/wp\/v2\/tags?post=105351"}],"curies":[{"name":"wp","href":"https:\/\/api.w.org\/{rel}","templated":true}]}}