{"id":105357,"date":"2025-12-02T03:16:08","date_gmt":"2025-12-02T03:16:08","guid":{"rendered":"https:\/\/www.europesays.com\/fi\/105357\/"},"modified":"2025-12-02T03:16:08","modified_gmt":"2025-12-02T03:16:08","slug":"indie-ja-vaihtoehtomusiikin-festivaali-kesarauha-jalleen-itameren-aalloilla-esiintyjat-ja-ohjelma-julki","status":"publish","type":"post","link":"https:\/\/www.europesays.com\/fi\/105357\/","title":{"rendered":"Indie- ja vaihtoehtomusiikin festivaali Kes\u00e4rauha j\u00e4lleen It\u00e4meren aalloilla \u2013 esiintyj\u00e4t ja ohjelma julki"},"content":{"rendered":"<p>Turkulainen indie- ja vaihtoehtomusiikin festivaali M\/S Kes\u00e4rauha n\u00e4hd\u00e4\u00e4n j\u00e4lleen It\u00e4meren aalloilla ensi vuonna. Viking Grace l\u00e4htee Turun Satamasta perjantaina 30.1.2026 ja risteilyll\u00e4 vietet\u00e4\u00e4n l\u00e4hes vuorokausi. Luvassa on indieartistien keikkoja ja Kes\u00e4rauha-henkeen kuratoitu sideshow-ohjelmisto. \u00a0<\/p>\n<p>Viking Gracen Retro Barin ja Club Voguen lavoilla n\u00e4hd\u00e4\u00e4n pitk\u00e4lt\u00e4 tauolta palaava\u00a0<strong>T\u00f6\u00f6l\u00f6n Ketter\u00e4<\/strong>,\u00a0<strong>Vesta\u00a0<\/strong>ja\u00a0<strong>Jonna Tervomaa<\/strong>, pop-t\u00e4hti\u00a0<strong>Olga<\/strong>, indiepoppari\u00a0<strong>Jaakko Kulta<\/strong>, r\u00e4ppi\u00e4 ja hyperpoppia sekoitteleva\u00a0<strong>Louna0nline\u00a0<\/strong>sek\u00e4 uuden albuminsa alkuvuodesta julkaiseva\u00a0<strong>Malla<\/strong>.\u00a0<\/p>\n<p>Lue my\u00f6s: <a href=\"https:\/\/www.rumba.fi\/uutiset\/legendaarinen-progeyhtye-saapuu-suomeen\/\" title=\"Legendaarinen progeyhtye saapuu Suomeen\" class=\"underline-custom !font-montserrat !font-bold !underline-offset-4 !decoration-4 !decoration-tilt-light !text-md\" rel=\"nofollow noopener\" target=\"_blank\">Legendaarinen progeyhtye saapuu Suomeen<\/a><\/p>\n<p>Lue my\u00f6s: <a href=\"https:\/\/www.rumba.fi\/uutiset\/legendaarinen-zz-top-saapuu-suomeen\/\" title=\"Legendaarinen ZZ Top saapuu Suomeen\" class=\"underline-custom !font-montserrat !font-bold !underline-offset-4 !decoration-4 !decoration-tilt-light !text-md\" rel=\"nofollow noopener\" target=\"_blank\">Legendaarinen ZZ Top saapuu Suomeen<\/a><\/p>\n<p>Risteilyohjelmasta vastaavat t\u00e4n\u00e4 vuonna\u00a0<strong>Tatskatytt\u00f6jen\u00a0<\/strong>deitti- ja kamukonsepti Speed Dating, turkulainen dj-kollektiivi\u00a0<strong>Slottgatan 7 DJ\u2019s<\/strong>,\u00a0<strong>B\u00e4ngerBINGO<\/strong>, <strong>Jay Macker\u00a0<\/strong>keynote-luennollaan \u201cJay Macker \u2013 Road to Caribbean\u2013 Joukkorahoitettu unelma liven\u00e4 &amp; kuvina\u201d sek\u00e4 Kes\u00e4rauhan ikioma\u00a0<strong>M\/S<\/strong>\u00a0<strong>Karaoke<\/strong>, jossa kuullaan kovimmat indiehitit ja ikoniset karaokeklassikot.\u00a0<\/p>\n<p>Lipputietoa ja muuta mukavaa <a href=\"https:\/\/www.kesarauha.fi\/m-s-kesarauhan-ohjelmisto-julkistettu\/\" rel=\"nofollow noopener\" target=\"_blank\">t\u00e4\u00e4lt\u00e4<\/a>.<\/p>\n","protected":false},"excerpt":{"rendered":"Turkulainen indie- ja vaihtoehtomusiikin festivaali M\/S Kes\u00e4rauha n\u00e4hd\u00e4\u00e4n j\u00e4lleen It\u00e4meren aalloilla ensi vuonna. Viking Grace l\u00e4htee Turun Satamasta&hellip;\n","protected":false},"author":2,"featured_media":105358,"comment_status":"","ping_status":"","sticky":false,"template":"","format":"standard","meta":{"footnotes":""},"categories":[130],"tags":[137,33,31,30,19871,19872,32,109],"class_list":{"0":"post-105357","1":"post","2":"type-post","3":"status-publish","4":"format-standard","5":"has-post-thumbnail","7":"category-viihde","8":"tag-entertainment","9":"tag-fi","10":"tag-finland","11":"tag-finnish","12":"tag-kesarauha","13":"tag-m-s-kesarauha","14":"tag-suomi","15":"tag-viihde"},"share_on_mastodon":{"url":"https:\/\/pubeurope.com\/@fi\/115647806336260733","error":""},"_links":{"self":[{"href":"https:\/\/www.europesays.com\/fi\/wp-json\/wp\/v2\/posts\/105357","targetHints":{"allow":["GET"]}}],"collection":[{"href":"https:\/\/www.europesays.com\/fi\/wp-json\/wp\/v2\/posts"}],"about":[{"href":"https:\/\/www.europesays.com\/fi\/wp-json\/wp\/v2\/types\/post"}],"author":[{"embeddable":true,"href":"https:\/\/www.europesays.com\/fi\/wp-json\/wp\/v2\/users\/2"}],"replies":[{"embeddable":true,"href":"https:\/\/www.europesays.com\/fi\/wp-json\/wp\/v2\/comments?post=105357"}],"version-history":[{"count":0,"href":"https:\/\/www.europesays.com\/fi\/wp-json\/wp\/v2\/posts\/105357\/revisions"}],"wp:featuredmedia":[{"embeddable":true,"href":"https:\/\/www.europesays.com\/fi\/wp-json\/wp\/v2\/media\/105358"}],"wp:attachment":[{"href":"https:\/\/www.europesays.com\/fi\/wp-json\/wp\/v2\/media?parent=105357"}],"wp:term":[{"taxonomy":"category","embeddable":true,"href":"https:\/\/www.europesays.com\/fi\/wp-json\/wp\/v2\/categories?post=105357"},{"taxonomy":"post_tag","embeddable":true,"href":"https:\/\/www.europesays.com\/fi\/wp-json\/wp\/v2\/tags?post=105357"}],"curies":[{"name":"wp","href":"https:\/\/api.w.org\/{rel}","templated":true}]}}