{"id":105363,"date":"2025-12-02T03:21:11","date_gmt":"2025-12-02T03:21:11","guid":{"rendered":"https:\/\/www.europesays.com\/fi\/105363\/"},"modified":"2025-12-02T03:21:11","modified_gmt":"2025-12-02T03:21:11","slug":"ukraina-paattaa-millaiseen-rauhansopimukseen-on-valmis","status":"publish","type":"post","link":"https:\/\/www.europesays.com\/fi\/105363\/","title":{"rendered":"Ukraina p\u00e4\u00e4tt\u00e4\u00e4 millaiseen rauhan\u00adsopimukseen on valmis"},"content":{"rendered":"<p>\u201dVain Ukraina voi m\u00e4\u00e4ritell\u00e4, miss\u00e4 olosuhteissa ja mill\u00e4 ehdoilla rauha voidaan tehd\u00e4\u201d, Ruotsin p\u00e4\u00e4ministeri Ulf Kristersson sanoi maanantaina. Petteri Orpo oli kollegansa kanssa samoilla linjoilla.<\/p>\n<p>1.12. 21:42<\/p>\n<p>Lue tiivistelm\u00e4<\/p>\n<p>Tiivistelm\u00e4 on teko\u00e4lyn tekem\u00e4 ja ihmisen tarkistama.<\/p>\n<p class=\"article-body mb-nof-24 px-nof-16 sndp-summary-bullet-point-font\">P\u00e4\u00e4ministeri Petteri Orpo sanoo, ett\u00e4 tiistaina n\u00e4hd\u00e4\u00e4n, kuinka tosissaan Ven\u00e4j\u00e4 on rauhasta, kun Yhdysvaltain presidentin Donald Trumpin erityisl\u00e4hettil\u00e4s Steve Witkoff tapaa Ven\u00e4j\u00e4n presidentin Vladimir Putinin Moskovassa.<\/p>\n<p class=\"article-body mb-nof-24 px-nof-16 sndp-summary-bullet-point-font\">Orpo ja Ruotsin p\u00e4\u00e4ministeri Ulf Kristersson korostivat Kes\u00e4rannassa, ett\u00e4 vain Ukraina voi p\u00e4\u00e4tt\u00e4\u00e4, mink\u00e4laiseen rauhansopimukseen se on valmis.<\/p>\n<p class=\"article-body mb-nof-24 px-nof-16 sndp-summary-bullet-point-font\">Kristersson sanoi, ett\u00e4 Ven\u00e4j\u00e4n osalta ei ole t\u00e4h\u00e4n asti n\u00e4hty mink\u00e4\u00e4nlaisia haluja rauhan solmimiseen.<\/p>\n<p class=\"article-body mb-nof-24 px-nof-16\">P\u00e4\u00e4ministeri <a class=\"article-personlink\" href=\"https:\/\/www.aamulehti.fi\/haku\/?query=Petteri%20Orpo\" rel=\"nofollow noopener\" target=\"_blank\">Petteri Orpo<\/a> ja Ruotsin p\u00e4\u00e4ministeri <a class=\"article-personlink\" href=\"https:\/\/www.aamulehti.fi\/haku\/?query=Ulf%20Kristersson\" rel=\"nofollow noopener\" target=\"_blank\">Ulf Kristersson<\/a> korostivat lyhyess\u00e4 yhteisess\u00e4 tiedotustilaisuudessaan maanantai-iltana, ett\u00e4 vain Ukraina voi p\u00e4\u00e4tt\u00e4\u00e4, millaiseen rauhansopimukseen se on valmis.<\/p>\n<p class=\"article-body mb-nof-24 px-nof-16\">Yhdysvaltain presidentin <a class=\"article-personlink\" href=\"https:\/\/www.aamulehti.fi\/haku\/?query=Donald%20Trumpin\" rel=\"nofollow noopener\" target=\"_blank\">Donald Trumpin<\/a> erityisl\u00e4hettil\u00e4s <a class=\"article-personlink\" href=\"https:\/\/www.aamulehti.fi\/haku\/?query=Steve%20Witkoff\" rel=\"nofollow noopener\" target=\"_blank\">Steve Witkoff<\/a> ja Ven\u00e4j\u00e4n presidentti <a class=\"article-personlink\" href=\"https:\/\/www.aamulehti.fi\/haku\/?query=Vladimir%20Putin\" rel=\"nofollow noopener\" target=\"_blank\">Vladimir Putin<\/a> tapaavat tiistaina Moskovassa. Tapaaminen on Orpon ja Kristerssonin mukaan \u00e4\u00e4rimm\u00e4isen t\u00e4rke\u00e4.<\/p>\n<p class=\"article-body mb-nof-24 px-nof-16\">\u201dOlemme n\u00e4hneet positiivisia merkkej\u00e4 viime aikoina. Huomenna n\u00e4emme, kuinka tosissaan Ven\u00e4j\u00e4 on\u201d, Orpo kommentoi Putinin ja Witkoffin tapaamista.<\/p>\n<p><img decoding=\"async\" src=\"https:\/\/www.europesays.com\/fi\/wp-content\/uploads\/2025\/12\/1764645671_61_468.jpg\" alt=\"Orpo kertoi, ett\u00e4 h\u00e4n aikoi my\u00f6hemmin illalla vied\u00e4 Kristerssonin Kes\u00e4rannan saunaan.\" class=\"_Img_1rerz_1\" style=\"aspect-ratio:1.5\" loading=\"eager\"\/><\/p>\n<p class=\"article-picture-caption\">Orpo kertoi, ett\u00e4 h\u00e4n aikoi my\u00f6hemmin illalla vied\u00e4 Kristerssonin Kes\u00e4rannan saunaan. Kuva:\u00a0Rio Gandara \/ Sanoma<\/p>\n<p>Selv\u00e4 viesti<\/p>\n<p class=\"article-body mb-nof-24 px-nof-16\">Kristersson sanoi, ett\u00e4 viime p\u00e4ivin\u00e4 on ollut Ukrainan rauhanneuvotteluiden tiimoilta paljon tapaamisia ja viel\u00e4 enemm\u00e4n huhuja.<\/p>\n<p class=\"article-body mb-nof-24 px-nof-16\">Kristersson alleviivasi, ett\u00e4 t\u00e4h\u00e4n asti Ven\u00e4j\u00e4n osalta ei ole k\u00e4yt\u00e4nn\u00f6ss\u00e4 n\u00e4hty mink\u00e4\u00e4nlaisia haluja rauhan solmimiseen.<\/p>\n<p class=\"article-body mb-nof-24 px-nof-16\">P\u00e4\u00e4ministerilt\u00e4 kysyttiin, voisivatko Suomi ja Ruotsi miss\u00e4\u00e4n olosuhteissa tunnustaa Ven\u00e4j\u00e4n Ukrainalta valloittamien alueiden liitt\u00e4mist\u00e4 Ven\u00e4j\u00e4\u00e4n.<\/p>\n<p class=\"article-body mb-nof-24 px-nof-16\">\u201dViestimme on selv\u00e4. Ukrainan teht\u00e4v\u00e4 on m\u00e4\u00e4ritell\u00e4 ehdot rauhalle. Vain Ukraina voi m\u00e4\u00e4ritell\u00e4, miss\u00e4 olosuhteissa ja mill\u00e4 ehdoilla rauha voidaan tehd\u00e4\u201d, Kristersson sanoi. Orpo oli kollegansa kanssa samoilla linjoilla.<\/p>\n<p class=\"article-body mb-nof-24 px-nof-16\">Orpolta ja Kristerssonilta kysyttiin my\u00f6s, pit\u00e4isik\u00f6 EU:lla olla oma rauhansuunnitelma Ukrainaan. Ongelmaksihan on muodostunut se, ett\u00e4 Yhdysvallat ja Ven\u00e4j\u00e4 tuntuvat jatkuvasti neuvottelevan Ukrainan rauhasta sek\u00e4 Ukrainan ett\u00e4 Euroopan ohi.<\/p>\n<p class=\"article-body mb-nof-24 px-nof-16\">Orpo vastasi, ett\u00e4 EU ei tarvitse omaa suunnitelmaa. Sen sijaan EU pyrkii parhaansa mukaan ty\u00f6skentelem\u00e4\u00e4n liittolaistensa kanssa rauhan edist\u00e4miseksi.<\/p>\n<p class=\"article-body mb-nof-24 px-nof-16\">Kristersson sanoi, ett\u00e4 t\u00e4rkeint\u00e4 on Ukrainan vahvistaminen poliittisesti, rahallisesti ja aseellisesti.<\/p>\n<p class=\"article-body mb-nof-24 px-nof-16\">\u201dRauhaa voiman avulla. N\u00e4in luomme parhaat edellytykset rauhalle\u201d, Kristersson sanoi.<\/p>\n<p class=\"article-body mb-nof-24 px-nof-16\">Ruotsin p\u00e4\u00e4ministeri Kristersson tuli maanantai-iltana kaksip\u00e4iv\u00e4iselle Suomen vierailulle. Vierailu alkoi illalla tapaamisella Orpon kanssa p\u00e4\u00e4ministerin virka-asunnolla Kes\u00e4rannassa.<\/p>\n<p class=\"article-body mb-nof-24 px-nof-16\">Orpo kertoi, ett\u00e4 h\u00e4n aikoi my\u00f6hemmin illalla vied\u00e4 Kristerssonin Kes\u00e4rannan saunaan.<\/p>\n<p class=\"article-body mb-nof-24 px-nof-16\">Tiistaina Orpo ja Kristersson osallistuvat Hanasaaren ruotsalais-suomalaisen kulttuurikeskuksen 50-vuotisjuhla\u00adtilaisuuteen.<\/p>\n","protected":false},"excerpt":{"rendered":"\u201dVain Ukraina voi m\u00e4\u00e4ritell\u00e4, miss\u00e4 olosuhteissa ja mill\u00e4 ehdoilla rauha voidaan tehd\u00e4\u201d, Ruotsin p\u00e4\u00e4ministeri Ulf Kristersson sanoi maanantaina.&hellip;\n","protected":false},"author":2,"featured_media":105364,"comment_status":"","ping_status":"","sticky":false,"template":"","format":"standard","meta":{"footnotes":""},"categories":[12],"tags":[157,22,23,26,27,33,31,30,17,24,25,28,29,15,18,21,32,19,20,16],"class_list":{"0":"post-105363","1":"post","2":"type-post","3":"status-publish","4":"format-standard","5":"has-post-thumbnail","7":"category-suomi","8":"tag-aamulehti","9":"tag-breaking-news","10":"tag-breakingnews","11":"tag-featured-news","12":"tag-featurednews","13":"tag-fi","14":"tag-finland","15":"tag-finnish","16":"tag-headlines","17":"tag-latest-news","18":"tag-latestnews","19":"tag-main-news","20":"tag-mainnews","21":"tag-news","22":"tag-otsikot","23":"tag-paauutiset","24":"tag-suomi","25":"tag-top-stories","26":"tag-topstories","27":"tag-uutiset"},"share_on_mastodon":{"url":"https:\/\/pubeurope.com\/@fi\/115647826359162275","error":""},"_links":{"self":[{"href":"https:\/\/www.europesays.com\/fi\/wp-json\/wp\/v2\/posts\/105363","targetHints":{"allow":["GET"]}}],"collection":[{"href":"https:\/\/www.europesays.com\/fi\/wp-json\/wp\/v2\/posts"}],"about":[{"href":"https:\/\/www.europesays.com\/fi\/wp-json\/wp\/v2\/types\/post"}],"author":[{"embeddable":true,"href":"https:\/\/www.europesays.com\/fi\/wp-json\/wp\/v2\/users\/2"}],"replies":[{"embeddable":true,"href":"https:\/\/www.europesays.com\/fi\/wp-json\/wp\/v2\/comments?post=105363"}],"version-history":[{"count":0,"href":"https:\/\/www.europesays.com\/fi\/wp-json\/wp\/v2\/posts\/105363\/revisions"}],"wp:featuredmedia":[{"embeddable":true,"href":"https:\/\/www.europesays.com\/fi\/wp-json\/wp\/v2\/media\/105364"}],"wp:attachment":[{"href":"https:\/\/www.europesays.com\/fi\/wp-json\/wp\/v2\/media?parent=105363"}],"wp:term":[{"taxonomy":"category","embeddable":true,"href":"https:\/\/www.europesays.com\/fi\/wp-json\/wp\/v2\/categories?post=105363"},{"taxonomy":"post_tag","embeddable":true,"href":"https:\/\/www.europesays.com\/fi\/wp-json\/wp\/v2\/tags?post=105363"}],"curies":[{"name":"wp","href":"https:\/\/api.w.org\/{rel}","templated":true}]}}