{"id":105365,"date":"2025-12-02T03:22:10","date_gmt":"2025-12-02T03:22:10","guid":{"rendered":"https:\/\/www.europesays.com\/fi\/105365\/"},"modified":"2025-12-02T03:22:10","modified_gmt":"2025-12-02T03:22:10","slug":"lahdessa-aloitti-uusi-klassisen-musiikin-sekakuoro-paijat-hame","status":"publish","type":"post","link":"https:\/\/www.europesays.com\/fi\/105365\/","title":{"rendered":"Lahdessa aloitti uusi klassisen musiikin sekakuoro | P\u00e4ij\u00e4t-H\u00e4me"},"content":{"rendered":"<p>Lahden Sinfoniakuoro pyrkii yhteisty\u00f6h\u00f6n kaupunginorkesterin kanssa. Debyyttikonserttinsa kuoro laulaa kotiyleis\u00f6n edess\u00e4 itsen\u00e4isyysp\u00e4iv\u00e4n\u00e4.<\/p>\n<p>Lahteen on perustettu uusi klassiseen musiikkiin keskittyv\u00e4 sekakuoro. Lahden Sinfoniakuoro esiintyy ensimm\u00e4ist\u00e4 kertaa itsen\u00e4isyysp\u00e4iv\u00e4n\u00e4, Sibeliustalossa j\u00e4rjestett\u00e4v\u00e4ss\u00e4 kansalaisjuhlassa.<\/p>\n","protected":false},"excerpt":{"rendered":"Lahden Sinfoniakuoro pyrkii yhteisty\u00f6h\u00f6n kaupunginorkesterin kanssa. Debyyttikonserttinsa kuoro laulaa kotiyleis\u00f6n edess\u00e4 itsen\u00e4isyysp\u00e4iv\u00e4n\u00e4. Lahteen on perustettu uusi klassiseen musiikkiin&hellip;\n","protected":false},"author":2,"featured_media":105366,"comment_status":"","ping_status":"","sticky":false,"template":"","format":"standard","meta":{"footnotes":""},"categories":[5],"tags":[22,23,26,27,33,31,30,17,108,1801,24,25,28,29,47,15,18,21,5979,742,32,2599,19,20,16],"class_list":{"0":"post-105365","1":"post","2":"type-post","3":"status-publish","4":"format-standard","5":"has-post-thumbnail","7":"category-otsikot","8":"tag-breaking-news","9":"tag-breakingnews","10":"tag-featured-news","11":"tag-featurednews","12":"tag-fi","13":"tag-finland","14":"tag-finnish","15":"tag-headlines","16":"tag-kulttuuri","17":"tag-lahti","18":"tag-latest-news","19":"tag-latestnews","20":"tag-main-news","21":"tag-mainnews","22":"tag-musiikki","23":"tag-news","24":"tag-otsikot","25":"tag-paauutiset","26":"tag-sinfonia-lahti","27":"tag-suomalainen-musiikki","28":"tag-suomi","29":"tag-tapahtumat-ja-tapahtumatiedot","30":"tag-top-stories","31":"tag-topstories","32":"tag-uutiset"},"share_on_mastodon":{"url":"https:\/\/pubeurope.com\/@fi\/115647830033684853","error":""},"_links":{"self":[{"href":"https:\/\/www.europesays.com\/fi\/wp-json\/wp\/v2\/posts\/105365","targetHints":{"allow":["GET"]}}],"collection":[{"href":"https:\/\/www.europesays.com\/fi\/wp-json\/wp\/v2\/posts"}],"about":[{"href":"https:\/\/www.europesays.com\/fi\/wp-json\/wp\/v2\/types\/post"}],"author":[{"embeddable":true,"href":"https:\/\/www.europesays.com\/fi\/wp-json\/wp\/v2\/users\/2"}],"replies":[{"embeddable":true,"href":"https:\/\/www.europesays.com\/fi\/wp-json\/wp\/v2\/comments?post=105365"}],"version-history":[{"count":0,"href":"https:\/\/www.europesays.com\/fi\/wp-json\/wp\/v2\/posts\/105365\/revisions"}],"wp:featuredmedia":[{"embeddable":true,"href":"https:\/\/www.europesays.com\/fi\/wp-json\/wp\/v2\/media\/105366"}],"wp:attachment":[{"href":"https:\/\/www.europesays.com\/fi\/wp-json\/wp\/v2\/media?parent=105365"}],"wp:term":[{"taxonomy":"category","embeddable":true,"href":"https:\/\/www.europesays.com\/fi\/wp-json\/wp\/v2\/categories?post=105365"},{"taxonomy":"post_tag","embeddable":true,"href":"https:\/\/www.europesays.com\/fi\/wp-json\/wp\/v2\/tags?post=105365"}],"curies":[{"name":"wp","href":"https:\/\/api.w.org\/{rel}","templated":true}]}}