{"id":105369,"date":"2025-12-02T03:35:09","date_gmt":"2025-12-02T03:35:09","guid":{"rendered":"https:\/\/www.europesays.com\/fi\/105369\/"},"modified":"2025-12-02T03:35:09","modified_gmt":"2025-12-02T03:35:09","slug":"103-metrinen-torni-pimeni-keskella-helsinkia-valojarjestelma-tuli-kayttoikansa-paahan-new-articles","status":"publish","type":"post","link":"https:\/\/www.europesays.com\/fi\/105369\/","title":{"rendered":"103-metrinen torni pimeni keskell\u00e4 Helsinki\u00e4 \u2013 &#8221;Valoj\u00e4rjestelm\u00e4 tuli k\u00e4ytt\u00f6ik\u00e4ns\u00e4 p\u00e4\u00e4h\u00e4n&#8221; | New Articles"},"content":{"rendered":"<p>Monen helsinkil\u00e4isen talviperinteisiin kuuluu Elisan linkkitornin v\u00e4rivalojen ihailu. Yli 103-metrist\u00e4 linkkitornia on valaistu viime vuosina n\u00e4ytt\u00e4vill\u00e4 valoilla. Torni seisoo Elisan p\u00e4\u00e4konttorin pihalla It\u00e4-Pasilassa.<\/p>\n<p>T\u00e4ll\u00e4 hetkell\u00e4 korkeassa tornissa on kuitenkin en\u00e4\u00e4 vain lain vaatimat huomiovalot.<\/p>\n<p>Miksi tornia ei en\u00e4\u00e4 valaista talvisin?<\/p>\n<p>\u2013\u2009Syy on niinkin yksinkertainen, ett\u00e4 entinen valoj\u00e4rjestelm\u00e4 tuli teknisen k\u00e4ytt\u00f6ik\u00e4ns\u00e4 p\u00e4\u00e4h\u00e4n ja uuden hankkimisesta ei viel\u00e4 ole tehty p\u00e4\u00e4t\u00f6st\u00e4, Elisan viestinn\u00e4st\u00e4 kerrotaan.<\/p>\n<p>\t\t<a class=\"diks-gallery__link\" href=\"https:\/\/i.media.fi\/incoming\/h48t2i\/11173820.jpg\/alternates\/FREE_1440\/11173820.jpg\" data-thumbnail=\"\" data-sub-html=\"Elisan linkkitorni vuonna 2020. CC BY-SA 4.0\/Paasikivi\" aria-label=\"Katso isompi kuva\" rel=\"nofollow noopener\" target=\"_blank\"><br \/>\n\t\t\t\t<img class=\"diks-figure__image\" src=\"https:\/\/www.europesays.com\/fi\/wp-content\/uploads\/2025\/12\/11173820.jpg\" loading=\"lazy\" decoding=\"sync\" alt=\"\"\/><\/p>\n<p>\t\t\t<\/a><br \/>\n\t\t\t\t\tElisan linkkitorni vuonna 2020. CC BY-SA 4.0\/Paasikivi<\/p>\n<p>Linkkitorni on rakennettu Helsingin Puhelinyhdistyksen (HPY) toimitaloon vuonna 1988. Valmistuessaan se oli Helsingin toiseksi korkein torni Yleisradion linkkitornin j\u00e4lkeen.<\/p>\n<p>\t\t<a class=\"diks-gallery__link\" href=\"https:\/\/i.media.fi\/incoming\/6s5uxn\/11173807.jpg\/alternates\/FREE_1440\/11173807.jpg\" data-thumbnail=\"\" data-sub-html=\"Elisan linkkitorni ei juuri erotu Triplan valoloisteen takaa. Vain huomiovalot ovat p\u00e4\u00e4ll\u00e4. Linkkitorni on kuvassa keskell\u00e4 takana. Aapo Siippainen\" aria-label=\"Katso isompi kuva\" rel=\"nofollow noopener\" target=\"_blank\"><br \/>\n\t\t\t\t<img class=\"diks-figure__image\" src=\"https:\/\/www.europesays.com\/fi\/wp-content\/uploads\/2025\/12\/11173807.jpg\" loading=\"lazy\" decoding=\"sync\" alt=\"\"\/><\/p>\n<p>\t\t\t<\/a><br \/>\n\t\t\t\t\tElisan linkkitorni ei juuri erotu Triplan valoloisteen takaa. Vain huomiovalot ovat p\u00e4\u00e4ll\u00e4. Linkkitorni on kuvassa keskell\u00e4 takana. Aapo Siippainen<\/p>\n<p>Elisa on muuttamassa p\u00e4\u00e4konttoriaan Keski-Pasilaan. 32-kerroksisen The Node -tornitalon on tarkoitus valmistua vuonna 2028.<\/p>\n<p>\t\t<a class=\"diks-gallery__link\" href=\"https:\/\/i.media.fi\/incoming\/i3k8tb\/10936008.jpg\/alternates\/FREE_1440\/10936008.jpg\" data-thumbnail=\"\" data-sub-html=\"Havainnekuva Pasilaan rakennettavasta The Node -tornitalosta. Elisan p\u00e4\u00e4konttori muuttaa siihen arviolta vuonna 2028. Ty\u00f6el\u00e4keyhti\u00f6 Varma \" aria-label=\"Katso isompi kuva\" rel=\"nofollow noopener\" target=\"_blank\"><br \/>\n\t\t\t\t<img class=\"diks-figure__image\" src=\"https:\/\/www.europesays.com\/fi\/wp-content\/uploads\/2025\/12\/10936008.jpg\" loading=\"lazy\" decoding=\"sync\" alt=\"\"\/><\/p>\n<p>\t\t\t<\/a><br \/>\n\t\t\t\t\tHavainnekuva Pasilaan rakennettavasta The Node -tornitalosta. Elisan p\u00e4\u00e4konttori muuttaa siihen arviolta vuonna 2028. Ty\u00f6el\u00e4keyhti\u00f6 Varma <\/p>\n<p>T\u00e4m\u00e4 juttu on tehty lukijan vinkist\u00e4.<\/p>\n","protected":false},"excerpt":{"rendered":"Monen helsinkil\u00e4isen talviperinteisiin kuuluu Elisan linkkitornin v\u00e4rivalojen ihailu. Yli 103-metrist\u00e4 linkkitornia on valaistu viime vuosina n\u00e4ytt\u00e4vill\u00e4 valoilla. Torni&hellip;\n","protected":false},"author":2,"featured_media":105370,"comment_status":"","ping_status":"","sticky":false,"template":"","format":"standard","meta":{"footnotes":""},"categories":[135],"tags":[2888,389,387,388,390,137,33,31,30,104,2011,10161,402,32,394,393,391,392,149,8745,109],"class_list":{"0":"post-105369","1":"post","2":"type-post","3":"status-publish","4":"format-standard","5":"has-post-thumbnail","7":"category-taiteet-ja-suunnittelu","8":"tag-alpit","9":"tag-arts","10":"tag-arts-and-design","11":"tag-artsanddesign","12":"tag-design","13":"tag-entertainment","14":"tag-fi","15":"tag-finland","16":"tag-finnish","17":"tag-helsinki","18":"tag-internet-yhteys","19":"tag-operaattorit","20":"tag-rakentaminen-kiinteistot","21":"tag-suomi","22":"tag-suunnittelu","23":"tag-taiteet","24":"tag-taiteet-ja-suunnittelu","25":"tag-taiteetsuunnittelu","26":"tag-tietojenkasittely-ja-informaatioteknologia","27":"tag-vallila","28":"tag-viihde"},"share_on_mastodon":{"url":"https:\/\/pubeurope.com\/@fi\/115647881207058578","error":""},"_links":{"self":[{"href":"https:\/\/www.europesays.com\/fi\/wp-json\/wp\/v2\/posts\/105369","targetHints":{"allow":["GET"]}}],"collection":[{"href":"https:\/\/www.europesays.com\/fi\/wp-json\/wp\/v2\/posts"}],"about":[{"href":"https:\/\/www.europesays.com\/fi\/wp-json\/wp\/v2\/types\/post"}],"author":[{"embeddable":true,"href":"https:\/\/www.europesays.com\/fi\/wp-json\/wp\/v2\/users\/2"}],"replies":[{"embeddable":true,"href":"https:\/\/www.europesays.com\/fi\/wp-json\/wp\/v2\/comments?post=105369"}],"version-history":[{"count":0,"href":"https:\/\/www.europesays.com\/fi\/wp-json\/wp\/v2\/posts\/105369\/revisions"}],"wp:featuredmedia":[{"embeddable":true,"href":"https:\/\/www.europesays.com\/fi\/wp-json\/wp\/v2\/media\/105370"}],"wp:attachment":[{"href":"https:\/\/www.europesays.com\/fi\/wp-json\/wp\/v2\/media?parent=105369"}],"wp:term":[{"taxonomy":"category","embeddable":true,"href":"https:\/\/www.europesays.com\/fi\/wp-json\/wp\/v2\/categories?post=105369"},{"taxonomy":"post_tag","embeddable":true,"href":"https:\/\/www.europesays.com\/fi\/wp-json\/wp\/v2\/tags?post=105369"}],"curies":[{"name":"wp","href":"https:\/\/api.w.org\/{rel}","templated":true}]}}