{"id":105371,"date":"2025-12-02T03:41:17","date_gmt":"2025-12-02T03:41:17","guid":{"rendered":"https:\/\/www.europesays.com\/fi\/105371\/"},"modified":"2025-12-02T03:41:17","modified_gmt":"2025-12-02T03:41:17","slug":"aamulehti-benjamin-korhonen-liittyy-ensi-kaudella-ilvekseen","status":"publish","type":"post","link":"https:\/\/www.europesays.com\/fi\/105371\/","title":{"rendered":"Aamulehti: Benjamin Korhonen liittyy ensi kaudella Ilvekseen"},"content":{"rendered":"<p>KalPan t\u00e4htihy\u00f6kk\u00e4\u00e4j\u00e4 liittyy ensi kaudella Ilveksen riveihin, kertoo Aamulehti.<\/p>\n<p>1.12. 12:44<\/p>\n<p class=\"article-body mb-nof-24 px-nof-16\">KalPan paidassa Suomen mestaruuden viime kaudella voittanut <a class=\"article-personlink\" href=\"https:\/\/www.is.fi\/haku\/?query=Benjamin%20Korhonen\" rel=\"nofollow noopener\" target=\"_blank\">Benjamin Korhonen<\/a> on tulevaisuudessa Ilveksen mies, uutisoi <a class=\"article-genericlink\" href=\"https:\/\/www.aamulehti.fi\/liiga\/art-2000011661550.html\" rel=\"nofollow noopener\" target=\"_blank\">Aamulehti<\/a>.<\/p>\n<p class=\"article-body mb-nof-24 px-nof-16\">A-maajoukkuedebyyttins\u00e4 kuluvalla kaudella tehnyt Korhonen, 24, kiekkoilee viel\u00e4 t\u00e4m\u00e4n kauden Kuopiossa.<\/p>\n<p class=\"article-body mb-nof-24 px-nof-16\">Viime kaudella 57 ottelussa tehot 6+8 ker\u00e4nnyt Korhonen on ylt\u00e4nyt jo t\u00e4ss\u00e4 vaiheessa kautta viime kauden pistem\u00e4\u00e4r\u00e4\u00e4ns\u00e4. T\u00e4ll\u00e4 kaudella hy\u00f6kk\u00e4\u00e4j\u00e4 on saanut 14 pistett\u00e4 (4+10) kasaan 24 ottelussa.<\/p>\n<p><img decoding=\"async\" src=\"https:\/\/www.europesays.com\/fi\/wp-content\/uploads\/2025\/12\/1764646877_411_468.jpg\" alt=\"Benjamin Korhonen on kiekkoillut kuluvan kauden KalPassa.\" class=\"_Img_1rerz_1\" style=\"aspect-ratio:1.7777777777777777\" loading=\"eager\"\/><\/p>\n<p class=\"article-picture-caption\">Benjamin Korhonen on kiekkoillut kuluvan kauden KalPassa. Kuva:\u00a0Tomi Natri \/ All Over Press<\/p>\n<p class=\"article-body mb-nof-24 px-nof-16\">Korhonen edusti Suomea marraskuussa Euro Hockey Tourilla. A-maajoukkuedebytantti pelasi kaksi ottelua Tampereella. Pisteit\u00e4 h\u00e4n ei n\u00e4iss\u00e4 otteluissa tehnyt.<\/p>\n<p class=\"article-body mb-nof-24 px-nof-16\">Nuorissa Leijonissa Korhonen pelasi vuoden 2021 alle 20-vuotiaiden MM-kisoissa, joissa Suomi voitti pronssia. Korhonen ker\u00e4si tuolloin viiteen otteluun kaksi sy\u00f6tt\u00f6pistett\u00e4.<\/p>\n<p class=\"article-body nof-ui-body-medium mb-nof-24 px-nof-16\">Oikaisu 1.12.2025 klo 13.54: Korhonen teki viime kaudella 6+8 tehopistett\u00e4 runkosarjassa, ei 6+18, kuten jutussa alun perin kirjoitettiin.<\/p>\n","protected":false},"excerpt":{"rendered":"KalPan t\u00e4htihy\u00f6kk\u00e4\u00e4j\u00e4 liittyy ensi kaudella Ilveksen riveihin, kertoo Aamulehti. 1.12. 12:44 KalPan paidassa Suomen mestaruuden viime kaudella voittanut&hellip;\n","protected":false},"author":2,"featured_media":105372,"comment_status":"","ping_status":"","sticky":false,"template":"","format":"standard","meta":{"footnotes":""},"categories":[158],"tags":[33,31,30,34,159,32,160],"class_list":{"0":"post-105371","1":"post","2":"type-post","3":"status-publish","4":"format-standard","5":"has-post-thumbnail","7":"category-urheilu","8":"tag-fi","9":"tag-finland","10":"tag-finnish","11":"tag-ilta-sanomat","12":"tag-sports","13":"tag-suomi","14":"tag-urheilu"},"share_on_mastodon":{"url":"https:\/\/pubeurope.com\/@fi\/115647905019767253","error":""},"_links":{"self":[{"href":"https:\/\/www.europesays.com\/fi\/wp-json\/wp\/v2\/posts\/105371","targetHints":{"allow":["GET"]}}],"collection":[{"href":"https:\/\/www.europesays.com\/fi\/wp-json\/wp\/v2\/posts"}],"about":[{"href":"https:\/\/www.europesays.com\/fi\/wp-json\/wp\/v2\/types\/post"}],"author":[{"embeddable":true,"href":"https:\/\/www.europesays.com\/fi\/wp-json\/wp\/v2\/users\/2"}],"replies":[{"embeddable":true,"href":"https:\/\/www.europesays.com\/fi\/wp-json\/wp\/v2\/comments?post=105371"}],"version-history":[{"count":0,"href":"https:\/\/www.europesays.com\/fi\/wp-json\/wp\/v2\/posts\/105371\/revisions"}],"wp:featuredmedia":[{"embeddable":true,"href":"https:\/\/www.europesays.com\/fi\/wp-json\/wp\/v2\/media\/105372"}],"wp:attachment":[{"href":"https:\/\/www.europesays.com\/fi\/wp-json\/wp\/v2\/media?parent=105371"}],"wp:term":[{"taxonomy":"category","embeddable":true,"href":"https:\/\/www.europesays.com\/fi\/wp-json\/wp\/v2\/categories?post=105371"},{"taxonomy":"post_tag","embeddable":true,"href":"https:\/\/www.europesays.com\/fi\/wp-json\/wp\/v2\/tags?post=105371"}],"curies":[{"name":"wp","href":"https:\/\/api.w.org\/{rel}","templated":true}]}}