{"id":105373,"date":"2025-12-02T03:42:20","date_gmt":"2025-12-02T03:42:20","guid":{"rendered":"https:\/\/www.europesays.com\/fi\/105373\/"},"modified":"2025-12-02T03:42:20","modified_gmt":"2025-12-02T03:42:20","slug":"nyt-netflixissa-anne-ricen-kauhuisa-noitasarja-saapui-suoratoistoon-paaosassa-true-detective-tahti-alexandra-daddario","status":"publish","type":"post","link":"https:\/\/www.europesays.com\/fi\/105373\/","title":{"rendered":"Nyt Netflixiss\u00e4: Anne Ricen kauhuisa noitasarja saapui suoratoistoon &#8211; p\u00e4\u00e4osassa True Detective -t\u00e4hti Alexandra Daddario"},"content":{"rendered":"<p>Veren vangit ei ole ainoa <strong>Anne Rice <\/strong>-sarja, joka on saapunut nyt Netflixiin. T\u00e4n\u00e4\u00e4n maanantaina 1. joulukuuta suoratoistopalveluun on lis\u00e4tty katseltavaksi my\u00f6s Anne Rice\u2019s Mayfair Witches -sarjan kaksi ensimm\u00e4ist\u00e4 tuotantokautta.<\/p>\n<p>Neurokirurgina ty\u00f6skentelev\u00e4 Rowan (<strong>Alexandra Daddario<\/strong>; Percy Jackson ja salamavaras, True Detective) saa tiet\u00e4\u00e4 olevansa voimakkaan noitasuvun perillinen. H\u00e4nen maailmansa mullistuukin t\u00e4m\u00e4n my\u00f6t\u00e4 t\u00e4yteen mystisyytt\u00e4, magiaa ja vaaroja.<\/p>\n<p>Lue my\u00f6s: <a href=\"https:\/\/www.episodi.fi\/uutiset\/nyt-netflixissa-anne-ricen-goottilaiseen-vampyyriklassikkoon-pohjaava-kauhusarja-viimein-katseltavissa-myos-suomessa\/\" title=\"Nyt Netflixiss\u00e4: Anne Ricen goottilaiseen vampyyriklassikkoon pohjaava kauhusarja viimein katseltavissa my\u00f6s Suomessa\" class=\"underline-custom !font-montserrat !font-bold !underline-offset-4 !decoration-4 !decoration-episodi-blue !text-md\" rel=\"nofollow noopener\" target=\"_blank\">Nyt Netflixiss\u00e4: Anne Ricen goottilaiseen vampyyriklassikkoon pohjaava kauhusarja viimein katseltavissa my\u00f6s Suomessa<\/a><\/p>\n<p>Lue my\u00f6s: <a href=\"https:\/\/www.episodi.fi\/uutiset\/interview-with-the-vampire-sarja-loysi-lestat-vampyyrinsa-australiasta\/\" title=\"Interview with the Vampire -sarja l\u00f6ysi Lestat-vampyyrins\u00e4 Australiasta\" class=\"underline-custom !font-montserrat !font-bold !underline-offset-4 !decoration-4 !decoration-episodi-blue !text-md\" rel=\"nofollow noopener\" target=\"_blank\">Interview with the Vampire -sarja l\u00f6ysi Lestat-vampyyrins\u00e4 Australiasta<\/a><\/p>\n<p>Kauhudraaman avauskaudelta sek\u00e4 sen kakkoskaudelta l\u00f6ytyy molemmilta kahdeksan jaksoa. Ne julkaistiin alun perin Yhdysvaltain televisiossa alkuvuodesta 2023 ja 2025.<\/p>\n<p>Sarja sijoittuu samaan tarinauniversumiin, Immortal Universeen, Anne Rice\u2019s Veren vangit -sarjan kanssa. Kolmannen tuotantokauden kuvaukset k\u00e4ynnistyiv\u00e4t marraskuussa.<\/p>\n<p>Lue my\u00f6s: <a href=\"https:\/\/www.episodi.fi\/uutiset\/mita-tulee-netflixiin-tassa-kuussa-tsekkaa-tasta-kaikki-joulukuun-2025-uudet-sarjat-ja-leffat\/\" title=\"Mit\u00e4 tulee Netflixiin t\u00e4ss\u00e4 kuussa? Tsekkaa t\u00e4st\u00e4 kaikki joulukuun 2025 uudet sarjat ja leffat!\" class=\"underline-custom !font-montserrat !font-bold !underline-offset-4 !decoration-4 !decoration-episodi-blue !text-md\" rel=\"nofollow noopener\" target=\"_blank\">Mit\u00e4 tulee Netflixiin t\u00e4ss\u00e4 kuussa? Tsekkaa t\u00e4st\u00e4 kaikki joulukuun 2025 uudet sarjat ja leffat!<\/a><\/p>\n<p>Katsasta alta Anne Rice\u2019s Mayfair Witches -sarjan kahden ensimm\u00e4isen tuotantokauden viralliset trailerit.<\/p>\n<p><img loading=\"lazy\" decoding=\"async\" alt=\"YouTube video\" width=\"480\" height=\"360\" data-pin-nopin=\"true\" nopin=\"nopin\" class=\"perfmatters-lazy\" src=\"https:\/\/www.europesays.com\/fi\/wp-content\/uploads\/2025\/12\/1764646939_632_hqdefault.jpg\"\/><\/p>\n<p><img loading=\"lazy\" decoding=\"async\" alt=\"YouTube video\" width=\"480\" height=\"360\" data-pin-nopin=\"true\" nopin=\"nopin\" class=\"perfmatters-lazy\" src=\"https:\/\/www.europesays.com\/fi\/wp-content\/uploads\/2025\/12\/1764646940_409_hqdefault.jpg\"\/><\/p>\n<p>Lue my\u00f6s: <a href=\"https:\/\/www.episodi.fi\/uutiskirje\/?uutiskirjemainos=tekstilinkkimainos\" title=\"Tilaa Episodin uutiskirje ja voit voittaa leffalippuja! Nappaa tv-vinkit suoraan s\u00e4hk\u00f6postiin t\u00e4st\u00e4.\" class=\"underline-custom !font-montserrat !font-bold !underline-offset-4 !decoration-4 !decoration-episodi-blue !text-md\" rel=\"nofollow noopener\" target=\"_blank\">Tilaa Episodin uutiskirje ja voit voittaa leffalippuja! Nappaa katseluvinkit suoraan s\u00e4hk\u00f6postiin t\u00e4st\u00e4.<\/a><\/p>\n","protected":false},"excerpt":{"rendered":"Veren vangit ei ole ainoa Anne Rice -sarja, joka on saapunut nyt Netflixiin. T\u00e4n\u00e4\u00e4n maanantaina 1. joulukuuta suoratoistopalveluun&hellip;\n","protected":false},"author":2,"featured_media":105374,"comment_status":"","ping_status":"","sticky":false,"template":"","format":"standard","meta":{"footnotes":""},"categories":[130],"tags":[2398,19875,137,33,31,30,19876,217,32,570,571,109],"class_list":{"0":"post-105373","1":"post","2":"type-post","3":"status-publish","4":"format-standard","5":"has-post-thumbnail","7":"category-viihde","8":"tag-alexandra-daddario","9":"tag-anne-rices-mayfair-witches","10":"tag-entertainment","11":"tag-fi","12":"tag-finland","13":"tag-finnish","14":"tag-mayfair-witches","15":"tag-netflix","16":"tag-suomi","17":"tag-suoratoisto","18":"tag-tv-sarjat","19":"tag-viihde"},"share_on_mastodon":{"url":"https:\/\/pubeurope.com\/@fi\/115647908630244698","error":""},"_links":{"self":[{"href":"https:\/\/www.europesays.com\/fi\/wp-json\/wp\/v2\/posts\/105373","targetHints":{"allow":["GET"]}}],"collection":[{"href":"https:\/\/www.europesays.com\/fi\/wp-json\/wp\/v2\/posts"}],"about":[{"href":"https:\/\/www.europesays.com\/fi\/wp-json\/wp\/v2\/types\/post"}],"author":[{"embeddable":true,"href":"https:\/\/www.europesays.com\/fi\/wp-json\/wp\/v2\/users\/2"}],"replies":[{"embeddable":true,"href":"https:\/\/www.europesays.com\/fi\/wp-json\/wp\/v2\/comments?post=105373"}],"version-history":[{"count":0,"href":"https:\/\/www.europesays.com\/fi\/wp-json\/wp\/v2\/posts\/105373\/revisions"}],"wp:featuredmedia":[{"embeddable":true,"href":"https:\/\/www.europesays.com\/fi\/wp-json\/wp\/v2\/media\/105374"}],"wp:attachment":[{"href":"https:\/\/www.europesays.com\/fi\/wp-json\/wp\/v2\/media?parent=105373"}],"wp:term":[{"taxonomy":"category","embeddable":true,"href":"https:\/\/www.europesays.com\/fi\/wp-json\/wp\/v2\/categories?post=105373"},{"taxonomy":"post_tag","embeddable":true,"href":"https:\/\/www.europesays.com\/fi\/wp-json\/wp\/v2\/tags?post=105373"}],"curies":[{"name":"wp","href":"https:\/\/api.w.org\/{rel}","templated":true}]}}