{"id":105377,"date":"2025-12-02T03:46:08","date_gmt":"2025-12-02T03:46:08","guid":{"rendered":"https:\/\/www.europesays.com\/fi\/105377\/"},"modified":"2025-12-02T03:46:08","modified_gmt":"2025-12-02T03:46:08","slug":"trumpin-lahettilas-witkoff-tapaa-tanaan-putinin-moskovassa","status":"publish","type":"post","link":"https:\/\/www.europesays.com\/fi\/105377\/","title":{"rendered":"Trumpin l\u00e4hettil\u00e4s Witkoff tapaa t\u00e4n\u00e4\u00e4n Putinin Moskovassa"},"content":{"rendered":"<p>T\u00e4m\u00e4 tiedet\u00e4\u00e4n|Valkoinen talo suhtautuu sovun saamiseen \u201dhyvin optimistisesti\u201d.<\/p>\n<p class=\"article-body mb-nof-24 px-nof-16\">Keskustelut Ukrainan sodan mahdollisesta lopettamisesta jatkuvat tiistaina, kun Yhdysvaltojen presidentin <a class=\"article-personlink\" href=\"https:\/\/www.hs.fi\/haku\/?query=Donald%20Trumpin\" rel=\"nofollow noopener\" target=\"_blank\">Donald Trumpin<\/a> erityisl\u00e4hettil\u00e4\u00e4n <a class=\"article-personlink\" href=\"https:\/\/www.hs.fi\/haku\/?query=Steve%20Witkoffin\" rel=\"nofollow noopener\" target=\"_blank\">Steve Witkoffin<\/a> on m\u00e4\u00e4r\u00e4 tavata Ven\u00e4j\u00e4n johtaja <a class=\"article-personlink\" href=\"https:\/\/www.hs.fi\/haku\/?query=Vladimir%20Putin\" rel=\"nofollow noopener\" target=\"_blank\">Vladimir Putin<\/a> Moskovassa.<\/p>\n<p class=\"article-body mb-nof-24 px-nof-16\">Witkoff l\u00e4hti jo matkustamaan kohti Moskovaa, kertoi valtiollinen ven\u00e4l\u00e4inen uutistoimisto <a class=\"article-genericlink\" href=\"https:\/\/ria.ru\/20251202\/uitkoff-2059080824.html\" rel=\"nofollow noopener\" target=\"_blank\">Ria Novosti<\/a> y\u00f6ll\u00e4.<\/p>\n<p class=\"article-body mb-nof-24 px-nof-16\">T\u00e4ss\u00e4 kooste siit\u00e4, miss\u00e4 keskusteluissa ollaan nyt menossa.<\/p>\n<p>Putin kehui sotamenestyst\u00e4<\/p>\n<p class=\"article-body mb-nof-24 px-nof-16\">Enemm\u00e4n kiinteist\u00f6alalta kuin kansainv\u00e4lisest\u00e4 diplomatiasta kannuksia hankkinutta Witkoffia odottaa Moskovassa keh\u00e4kettu, joka on johtanut Ven\u00e4j\u00e4\u00e4 yli 20 vuotta.<\/p>\n<p class=\"article-body mb-nof-24 px-nof-16\">Putin on pohjustanut keskusteluja v\u00e4itt\u00e4m\u00e4ll\u00e4, ett\u00e4 sota sujuu Ven\u00e4j\u00e4n kannalta hyvin. H\u00e4n k\u00e4vi sunnuntaina komentopaikalla tapaamassa armeijan johtoa ja kehui, ett\u00e4 Ven\u00e4j\u00e4 voi nyt Pokrovskin vallattuaan edet\u00e4 yh\u00e4 pidemm\u00e4lle Ukrainassa. Tietoa Pokrovskin valtauksesta ei tosin ole vahvistettu. Kyseess\u00e4 on Ven\u00e4j\u00e4n v\u00e4ite, johon on l\u00e4nness\u00e4 suhtauduttu ep\u00e4illen.<\/p>\n<p class=\"article-body mb-nof-24 px-nof-16\">Witkoffia puolestaan on syytetty liian pitk\u00e4lle menev\u00e4st\u00e4 Ven\u00e4j\u00e4n ymm\u00e4rt\u00e4misest\u00e4. Viime viikolla h\u00e4nen kerrottiin neuvoneen ven\u00e4l\u00e4isille, miten Trump saataisiin suhtautumaan suopeasti ven\u00e4l\u00e4isten kanssa tehtyyn rauhansuunnitelmaan.<\/p>\n<p>Ukrainan edustajat k\u00e4viv\u00e4t Floridassa<\/p>\n<p class=\"article-body mb-nof-24 px-nof-16\">Trumpin hallinto suhtautuu \u201dhyvin optimistisesti\u201d siihen, ett\u00e4 Ukrainan sodan lopettamisesta saataisiin aikaan sopu, sanoi Valkoisen talon lehdist\u00f6sihteeri <a class=\"article-personlink\" href=\"https:\/\/www.hs.fi\/haku\/?query=Karoline%20Leavitt\" rel=\"nofollow noopener\" target=\"_blank\">Karoline Leavitt<\/a> uutistoimisto Reutersin mukaan.<\/p>\n<p class=\"article-body mb-nof-24 px-nof-16\">\u201dJuuri eilen [sunnuntaina] heill\u00e4 oli oikein hyv\u00e4t keskustelut ukrainalaisten kanssa Floridassa\u201d, Leavitt sanoi maanantaina.<\/p>\n<p class=\"article-body mb-nof-24 px-nof-16\">H\u00e4n viittasi keskusteluihin, joita ukrainalainen valtuuskunta k\u00e4vi viikonloppuna Floridassa Witkoffin, Yhdysvaltojen ulkoministerin <a class=\"article-personlink\" href=\"https:\/\/www.hs.fi\/haku\/?query=Marco%20Rubion\" rel=\"nofollow noopener\" target=\"_blank\">Marco Rubion<\/a> ja presidentin v\u00e4vyn <a class=\"article-personlink\" href=\"https:\/\/www.hs.fi\/haku\/?query=Jared%20Kushnerin\" rel=\"nofollow noopener\" target=\"_blank\">Jared Kushnerin<\/a> kanssa.<\/p>\n<p class=\"article-body mb-nof-24 px-nof-16\">Uutiskanava <a class=\"article-genericlink\" href=\"https:\/\/edition.cnn.com\/2025\/12\/01\/europe\/us-ukraine-talks-russia-war-analysis-intl-hnk\" rel=\"nofollow noopener\" target=\"_blank\">CNN:n<\/a> l\u00e4hteiden mukaan keskustelut Floridassa olivat intensiiviset ja niiss\u00e4 p\u00e4\u00e4stiin \u201daskel eteenp\u00e4in\u201d. CNN:n l\u00e4hteen mukaan ei voi kuitenkaan sanoa, ett\u00e4 kaikki asiat olisi sovittu Floridassa.<\/p>\n<p>Eurooppa ja Ukraina puhuvat kesken\u00e4\u00e4n<\/p>\n<p class=\"article-body mb-nof-24 px-nof-16\">Ukraina ja muu Eurooppa ovat kokeneet j\u00e4\u00e4neens\u00e4 keskusteluissa melko lailla sivuun, kun Yhdysvallat ja Ven\u00e4j\u00e4 ovat hahmotelleet rauhansuunnitelmaa. Maanantainakin Ukrainan ja Euroopan johtajat keskustelivat kesken\u00e4\u00e4n, kun Witkoff valmistautui tapaamaan hy\u00f6kk\u00e4yssodan aloittajan.<\/p>\n<p class=\"article-body mb-nof-24 px-nof-16\">Maanantaina Ukrainan presidentti <a class=\"article-personlink\" href=\"https:\/\/www.hs.fi\/haku\/?query=Volodymyr%20Zelenskyi\" rel=\"nofollow noopener\" target=\"_blank\">Volodymyr Zelenskyi<\/a> k\u00e4vi Pariisissa tapaamassa presidentti <a class=\"article-personlink\" href=\"https:\/\/www.hs.fi\/haku\/?query=Emmanuel%20Macronia\" rel=\"nofollow noopener\" target=\"_blank\">Emmanuel Macronia<\/a>. He k\u00e4viv\u00e4t keskustelun, johon osallistui et\u00e4yhteydell\u00e4 noin tusina muuta eurooppalaista johtajaa, Reuters kertoo. Mukana olivat ainakin Britannian, Saksan, Italian, Puolan ja Euroopan unionin edustajat.<\/p>\n<p class=\"article-body mb-nof-24 px-nof-16\">Tapaamisen j\u00e4lkeen pidetyss\u00e4 lehdist\u00f6tilaisuudessa Zelenskyi sanoi, ett\u00e4 Ukrainan p\u00e4\u00e4tavoitteita ovat suvereniteetin s\u00e4ilytt\u00e4minen ja vahvat turvatakuut. Mutkikkain kysymys ovat Zelenskyin mukaan aluekiistat, Reuters kertoi.<\/p>\n","protected":false},"excerpt":{"rendered":"T\u00e4m\u00e4 tiedet\u00e4\u00e4n|Valkoinen talo suhtautuu sovun saamiseen \u201dhyvin optimistisesti\u201d. Keskustelut Ukrainan sodan mahdollisesta lopettamisesta jatkuvat tiistaina, kun Yhdysvaltojen presidentin&hellip;\n","protected":false},"author":2,"featured_media":105378,"comment_status":"","ping_status":"","sticky":false,"template":"","format":"standard","meta":{"footnotes":""},"categories":[14],"tags":[22,23,26,27,33,31,30,17,46,24,25,28,29,15,18,21,32,19,20,56,16,59,60,61],"class_list":{"0":"post-105377","1":"post","2":"type-post","3":"status-publish","4":"format-standard","5":"has-post-thumbnail","7":"category-ulkomaat","8":"tag-breaking-news","9":"tag-breakingnews","10":"tag-featured-news","11":"tag-featurednews","12":"tag-fi","13":"tag-finland","14":"tag-finnish","15":"tag-headlines","16":"tag-helsingin-sanomat","17":"tag-latest-news","18":"tag-latestnews","19":"tag-main-news","20":"tag-mainnews","21":"tag-news","22":"tag-otsikot","23":"tag-paauutiset","24":"tag-suomi","25":"tag-top-stories","26":"tag-topstories","27":"tag-ulkomaat","28":"tag-uutiset","29":"tag-world","30":"tag-world-news","31":"tag-worldnews"},"share_on_mastodon":{"url":"https:\/\/pubeurope.com\/@fi\/115647924485408362","error":""},"_links":{"self":[{"href":"https:\/\/www.europesays.com\/fi\/wp-json\/wp\/v2\/posts\/105377","targetHints":{"allow":["GET"]}}],"collection":[{"href":"https:\/\/www.europesays.com\/fi\/wp-json\/wp\/v2\/posts"}],"about":[{"href":"https:\/\/www.europesays.com\/fi\/wp-json\/wp\/v2\/types\/post"}],"author":[{"embeddable":true,"href":"https:\/\/www.europesays.com\/fi\/wp-json\/wp\/v2\/users\/2"}],"replies":[{"embeddable":true,"href":"https:\/\/www.europesays.com\/fi\/wp-json\/wp\/v2\/comments?post=105377"}],"version-history":[{"count":0,"href":"https:\/\/www.europesays.com\/fi\/wp-json\/wp\/v2\/posts\/105377\/revisions"}],"wp:featuredmedia":[{"embeddable":true,"href":"https:\/\/www.europesays.com\/fi\/wp-json\/wp\/v2\/media\/105378"}],"wp:attachment":[{"href":"https:\/\/www.europesays.com\/fi\/wp-json\/wp\/v2\/media?parent=105377"}],"wp:term":[{"taxonomy":"category","embeddable":true,"href":"https:\/\/www.europesays.com\/fi\/wp-json\/wp\/v2\/categories?post=105377"},{"taxonomy":"post_tag","embeddable":true,"href":"https:\/\/www.europesays.com\/fi\/wp-json\/wp\/v2\/tags?post=105377"}],"curies":[{"name":"wp","href":"https:\/\/api.w.org\/{rel}","templated":true}]}}