{"id":105379,"date":"2025-12-02T03:47:13","date_gmt":"2025-12-02T03:47:13","guid":{"rendered":"https:\/\/www.europesays.com\/fi\/105379\/"},"modified":"2025-12-02T03:47:13","modified_gmt":"2025-12-02T03:47:13","slug":"poliisi-aloitti-rikostutkinnan-sarjavalittajasta","status":"publish","type":"post","link":"https:\/\/www.europesays.com\/fi\/105379\/","title":{"rendered":"Poliisi aloitti rikostutkinnan sarjavalittajasta"},"content":{"rendered":"<p>Sarjavalittajana tunnettu Mika Roivas oli tehnyt lokakuun puoliv\u00e4liin menness\u00e4 l\u00e4hes sata oikaisu\u00advaatimusta.<\/p>\n<p>1.12. 14:38 | P\u00e4ivitetty 1.12. 15:01<\/p>\n<p class=\"article-body mb-nof-24 px-nof-16\">Aamulehti<\/p>\n<p class=\"article-body mb-nof-24 px-nof-16\">Poliisi on aloittanut Tampereella valituksia tehtailevasta<a class=\"article-personlink\" href=\"https:\/\/www.aamulehti.fi\/haku\/?query=%20Mika%20Kristian%20Roivaksesta\" rel=\"nofollow noopener\" target=\"_blank\"> Mika Kristian Roivaksesta<\/a> rikostutkinnan. Poliisi tutkii sarjavalittajanakin tunnetun miehen asiaa nimikkeell\u00e4 kiristyksen yritys. Asiasta uutisoi ensimm\u00e4isen\u00e4<a class=\"article-genericlink\" href=\"https:\/\/yle.fi\/a\/74-20197156\" rel=\"nofollow noopener\" target=\"_blank\"> Yle<\/a>.<\/p>\n<p class=\"article-body mb-nof-24 px-nof-16\">Sis\u00e4-Suomen poliisin rikosylikomisario<a class=\"article-personlink\" href=\"https:\/\/www.aamulehti.fi\/haku\/?query=%20Pasi%20Nieminen\" rel=\"nofollow noopener\" target=\"_blank\"> Pasi Nieminen <\/a>kertoo Aamulehdelle, ett\u00e4 tutkintapyynn\u00f6n poliisille teki Tampereen kaupunki.<\/p>\n<p class=\"article-body mb-nof-24 px-nof-16\">Nieminen on vaitonainen tutkinnasta. H\u00e4n kertoo, ett\u00e4 tutkittavana oleva ep\u00e4ilty rikos liittyy laajempaan kokonaisuuteen. Nieminen painottaa, ettei valitusten tekeminen itsess\u00e4\u00e4n ole rikos.<\/p>\n<p class=\"article-body mb-nof-24 px-nof-16\">Nieminen kertoo tutkinnan olevan hyvin alkuvaiheessa ja kertoo sen jatkuvan useita kuukausia.<\/p>\n<p class=\"article-body mb-nof-24 px-nof-16\">Roivas on tehnyt oikaisuvaatimuksia erityisesti Tampereen asunto- ja kiinteist\u00f6\u00adlautakunnan omakotitonttien varaamista, vuokraamista tai myynti\u00e4 koskevista p\u00e4\u00e4t\u00f6ksist\u00e4.<\/p>\n<p class=\"article-body mb-nof-24 px-nof-16\">Roivas on kommentoinut<a class=\"article-genericlink\" href=\"https:\/\/www.aamulehti.fi\/tampere\/art-2000011619220.html\" rel=\"nofollow noopener\" target=\"_blank\"> Aamulehdelle<\/a> aikaisemmin, ettei h\u00e4n mielest\u00e4\u00e4n ole tehnyt mit\u00e4\u00e4n laitonta.<\/p>\n<p class=\"fact-box__label fact-box__label--container\">Uutiskertaus<\/p>\n<p>Tampereen sarjavalittaja<\/p>\n<p class=\"article-body mb-nof-24 px-nof-16\">Yksi henkil\u00f6 on tehnyt Tampereella lokakuun puoliv\u00e4liin menness\u00e4 l\u00e4hes sata oikaisu\u00advaatimusta enimm\u00e4kseen asunto- ja kiinteist\u00f6\u00adlautakunnan omakotitonttien varaamista, vuokraamista tai myynti\u00e4 koskevista p\u00e4\u00e4t\u00f6ksist\u00e4.<\/p>\n<p class=\"article-body mb-nof-24 px-nof-16\">Niist\u00e4 on tehty edelleen hallinto-oikeuteen yli 60 valitusta. Mika Kristian Roivas on laajentanut oikaisu\u00advaatimusten tekoa my\u00f6s esimerkiksi yritystontteihin ja suur\u00adtapahtuma\u00adhakuun.<\/p>\n<p class=\"article-body mb-nof-24 px-nof-16\">Hallinto-oikeus hylk\u00e4si 49 omakoti\u00adtontteihin liittyv\u00e4\u00e4 valitusta 16.\u202flokakuuta. P\u00e4\u00e4t\u00f6ksest\u00e4 on haettu valituslupaa korkeimpaan hallinto-oikeuteen.<\/p>\n<p class=\"article-body mb-nof-24 px-nof-16\">Valitusten taustalla on vuoden 2024 tonttiarvonta, jossa valituksia tehnyt sai tontin, mutta kaupunki ei omaan etuunsa vedoten luovuttanut sit\u00e4 h\u00e4nelle. T\u00e4m\u00e4n taustalla on vuoden 2013 tonttiarvonta, jossa valittaja sai tontin ja joka on edelleen rakentamatta.<\/p>\n<p class=\"article-body mb-nof-24 px-nof-16\">Tampereen kaupunki teki valittajasta tutkintapyynn\u00f6n Sis\u00e4-Suomen poliisilaitokselle aiemmin marraskuussa.<\/p>\n<p class=\"article-body mb-nof-24 px-nof-16\">Lue lis\u00e4\u00e4: <a class=\"article-genericlink\" href=\"https:\/\/www.aamulehti.fi\/tampere\/art-2000011619220.html\" rel=\"nofollow noopener\" target=\"_blank\">Tampereen kaupunki teki poliisille tutkinta\u00adpyynn\u00f6n \u201dsarja\u00advalittajasta\u201d<\/a><\/p>\n<p class=\"article-body mb-nof-24 px-nof-16\">Lue lis\u00e4\u00e4: <a class=\"article-genericlink\" href=\"https:\/\/www.aamulehti.fi\/tampere\/art-2000011647043.html\" rel=\"nofollow noopener\" target=\"_blank\">Sarjavalittaja jumittaa sadan ty\u00f6paikan yritys\u00adhanketta Tampereella<\/a><\/p>\n<p class=\"article-body mb-nof-24 px-nof-16\">Lue lis\u00e4\u00e4: <a class=\"article-genericlink\" href=\"https:\/\/www.aamulehti.fi\/urheilu\/art-2000011639171.html\" rel=\"nofollow noopener\" target=\"_blank\">Sarjavalittaja iski Nokia-areenaan haettuun suurtapahtumaan \u2013\u2009n\u00e4in kommentoi areenapomo<\/a><\/p>\n<p class=\"article-body mb-nof-24 px-nof-16\">Kuuntele podcast: <a class=\"article-genericlink\" href=\"https:\/\/www.aamulehti.fi\/kuuntele\/audio-2000011640927.html\" rel=\"nofollow noopener\" target=\"_blank\">Tampere karsii johtoa + Sarjavalittaja, Keskustorin joulukuusi, ep\u00e4ilytt\u00e4v\u00e4t k\u00e4sity\u00f6t, Teemu Pukki<\/a><\/p>\n<p class=\"article-body nof-ui-body-medium mb-nof-24 px-nof-16\">T\u00e4ydennys 1.12.2025 kello 14.59: Lis\u00e4tty juttuun tieto, ett\u00e4 Roivas on aikaisemmin kommentoinut Aamulehdelle, ettei h\u00e4n mielest\u00e4\u00e4n ole tehnyt mit\u00e4\u00e4n laitonta.<\/p>\n","protected":false},"excerpt":{"rendered":"Sarjavalittajana tunnettu Mika Roivas oli tehnyt lokakuun puoliv\u00e4liin menness\u00e4 l\u00e4hes sata oikaisu\u00advaatimusta. 1.12. 14:38 | P\u00e4ivitetty 1.12. 15:01&hellip;\n","protected":false},"author":2,"featured_media":105380,"comment_status":"","ping_status":"","sticky":false,"template":"","format":"standard","meta":{"footnotes":""},"categories":[12],"tags":[157,22,23,26,27,33,31,30,17,24,25,28,29,15,18,21,32,19,20,16],"class_list":{"0":"post-105379","1":"post","2":"type-post","3":"status-publish","4":"format-standard","5":"has-post-thumbnail","7":"category-suomi","8":"tag-aamulehti","9":"tag-breaking-news","10":"tag-breakingnews","11":"tag-featured-news","12":"tag-featurednews","13":"tag-fi","14":"tag-finland","15":"tag-finnish","16":"tag-headlines","17":"tag-latest-news","18":"tag-latestnews","19":"tag-main-news","20":"tag-mainnews","21":"tag-news","22":"tag-otsikot","23":"tag-paauutiset","24":"tag-suomi","25":"tag-top-stories","26":"tag-topstories","27":"tag-uutiset"},"share_on_mastodon":{"url":"https:\/\/pubeurope.com\/@fi\/115647928338619706","error":""},"_links":{"self":[{"href":"https:\/\/www.europesays.com\/fi\/wp-json\/wp\/v2\/posts\/105379","targetHints":{"allow":["GET"]}}],"collection":[{"href":"https:\/\/www.europesays.com\/fi\/wp-json\/wp\/v2\/posts"}],"about":[{"href":"https:\/\/www.europesays.com\/fi\/wp-json\/wp\/v2\/types\/post"}],"author":[{"embeddable":true,"href":"https:\/\/www.europesays.com\/fi\/wp-json\/wp\/v2\/users\/2"}],"replies":[{"embeddable":true,"href":"https:\/\/www.europesays.com\/fi\/wp-json\/wp\/v2\/comments?post=105379"}],"version-history":[{"count":0,"href":"https:\/\/www.europesays.com\/fi\/wp-json\/wp\/v2\/posts\/105379\/revisions"}],"wp:featuredmedia":[{"embeddable":true,"href":"https:\/\/www.europesays.com\/fi\/wp-json\/wp\/v2\/media\/105380"}],"wp:attachment":[{"href":"https:\/\/www.europesays.com\/fi\/wp-json\/wp\/v2\/media?parent=105379"}],"wp:term":[{"taxonomy":"category","embeddable":true,"href":"https:\/\/www.europesays.com\/fi\/wp-json\/wp\/v2\/categories?post=105379"},{"taxonomy":"post_tag","embeddable":true,"href":"https:\/\/www.europesays.com\/fi\/wp-json\/wp\/v2\/tags?post=105379"}],"curies":[{"name":"wp","href":"https:\/\/api.w.org\/{rel}","templated":true}]}}