{"id":105382,"date":"2025-12-02T04:00:26","date_gmt":"2025-12-02T04:00:26","guid":{"rendered":"https:\/\/www.europesays.com\/fi\/105382\/"},"modified":"2025-12-02T04:00:26","modified_gmt":"2025-12-02T04:00:26","slug":"kalle-rovanpera-paljasti-kuka-on-mystinen-jasse","status":"publish","type":"post","link":"https:\/\/www.europesays.com\/fi\/105382\/","title":{"rendered":"Kalle Rovanper\u00e4 paljasti, kuka on mystinen Jasse"},"content":{"rendered":"<p>Kalle Rovanper\u00e4 kertoi Jassesta Saudi-Arabiassa.<\/p>\n<p>29.11. 16:22<\/p>\n<p class=\"article-body mb-nof-24 px-nof-16\">Jedda<\/p>\n<p class=\"article-body mb-nof-24 px-nof-16\">Rattimies <a class=\"article-personlink\" href=\"https:\/\/www.is.fi\/haku\/?query=Kalle%20Rovanper%C3%A4\" rel=\"nofollow noopener\" target=\"_blank\">Kalle Rovanper\u00e4<\/a>, 25, lopetti ainakin toistaiseksi MM-ralliuransa lauantaina Saudi-Arabiassa.<\/p>\n<p class=\"article-body mb-nof-24 px-nof-16\">Rata-autoilijaksi siirtyv\u00e4 Rovanper\u00e4 kiitteli vuolaasti ty\u00f6tovereitaan ja tukijoitaan. Erikseen h\u00e4n kiitti <a class=\"article-personlink\" href=\"https:\/\/www.is.fi\/haku\/?query=Jassea\" rel=\"nofollow noopener\" target=\"_blank\">Jassea<\/a>.<\/p>\n<p class=\"article-body mb-nof-24 px-nof-16\">\u2013 Jasse on mun lapsuuden yst\u00e4v\u00e4. H\u00e4n on v\u00e4h\u00e4n vanhempi kuin min\u00e4. H\u00e4n on tuntenut minut mun ensimm\u00e4isest\u00e4 p\u00e4iv\u00e4st\u00e4 l\u00e4htien. H\u00e4n on ollut alusta asti mukana rallitesteiss\u00e4 ja treeneiss\u00e4, esimerkiksi silloin, kun olin 8-vuotias, Rovanper\u00e4 kertoi.<\/p>\n<p class=\"article-body mb-nof-24 px-nof-16\">\u2013 Jasse on seurannut ihan varmasti kaikista eniten minun tekemisi\u00e4ni \u2013 ihan sama, ett\u00e4 olenko ajanut driftingi\u00e4 Japanissa tai mit\u00e4 tahansa, niin h\u00e4n on katsonut jokaisen sekunnin. Se on aika huikeaa, kun on tuollainen yst\u00e4v\u00e4, Rovanper\u00e4 jatkoi.<\/p>\n<p class=\"article-body mb-nof-24 px-nof-16\">Ensi vuonna Rovanper\u00e4 kilpailee Japanin Super Formula -sarjassa. H\u00e4n on kertonut valmistautuvansa ajamaan F2-sarjassa kaudella 2027. F2-kilpasarjaa pidet\u00e4\u00e4n yleisesti ponnahduslautana autourheilun kuninkuusluokka F1:een.<\/p>\n<p class=\"article-body mb-nof-24 px-nof-16\">\u2013 Jasse varmasti jatkaa seuraamistani. H\u00e4n on mahtava.<\/p>\n","protected":false},"excerpt":{"rendered":"Kalle Rovanper\u00e4 kertoi Jassesta Saudi-Arabiassa. 29.11. 16:22 Jedda Rattimies Kalle Rovanper\u00e4, 25, lopetti ainakin toistaiseksi MM-ralliuransa lauantaina Saudi-Arabiassa.&hellip;\n","protected":false},"author":2,"featured_media":105383,"comment_status":"","ping_status":"","sticky":false,"template":"","format":"standard","meta":{"footnotes":""},"categories":[136],"tags":[407,137,33,31,30,34,408,32,109],"class_list":{"0":"post-105382","1":"post","2":"type-post","3":"status-publish","4":"format-standard","5":"has-post-thumbnail","7":"category-julkkikset","8":"tag-celebrities","9":"tag-entertainment","10":"tag-fi","11":"tag-finland","12":"tag-finnish","13":"tag-ilta-sanomat","14":"tag-julkkikset","15":"tag-suomi","16":"tag-viihde"},"share_on_mastodon":{"url":"https:\/\/pubeurope.com\/@fi\/115647979394564376","error":""},"_links":{"self":[{"href":"https:\/\/www.europesays.com\/fi\/wp-json\/wp\/v2\/posts\/105382","targetHints":{"allow":["GET"]}}],"collection":[{"href":"https:\/\/www.europesays.com\/fi\/wp-json\/wp\/v2\/posts"}],"about":[{"href":"https:\/\/www.europesays.com\/fi\/wp-json\/wp\/v2\/types\/post"}],"author":[{"embeddable":true,"href":"https:\/\/www.europesays.com\/fi\/wp-json\/wp\/v2\/users\/2"}],"replies":[{"embeddable":true,"href":"https:\/\/www.europesays.com\/fi\/wp-json\/wp\/v2\/comments?post=105382"}],"version-history":[{"count":0,"href":"https:\/\/www.europesays.com\/fi\/wp-json\/wp\/v2\/posts\/105382\/revisions"}],"wp:featuredmedia":[{"embeddable":true,"href":"https:\/\/www.europesays.com\/fi\/wp-json\/wp\/v2\/media\/105383"}],"wp:attachment":[{"href":"https:\/\/www.europesays.com\/fi\/wp-json\/wp\/v2\/media?parent=105382"}],"wp:term":[{"taxonomy":"category","embeddable":true,"href":"https:\/\/www.europesays.com\/fi\/wp-json\/wp\/v2\/categories?post=105382"},{"taxonomy":"post_tag","embeddable":true,"href":"https:\/\/www.europesays.com\/fi\/wp-json\/wp\/v2\/tags?post=105382"}],"curies":[{"name":"wp","href":"https:\/\/api.w.org\/{rel}","templated":true}]}}