{"id":105386,"date":"2025-12-02T04:08:15","date_gmt":"2025-12-02T04:08:15","guid":{"rendered":"https:\/\/www.europesays.com\/fi\/105386\/"},"modified":"2025-12-02T04:08:15","modified_gmt":"2025-12-02T04:08:15","slug":"star-wars-sarja-ahsoka-menetti-nayttelijansa-koska-disney-ei-maksanut-nayttelijalle-tarpeeksi-se-oli-hyvin-surullista","status":"publish","type":"post","link":"https:\/\/www.europesays.com\/fi\/105386\/","title":{"rendered":"Star Wars -sarja Ahsoka menetti n\u00e4yttelij\u00e4ns\u00e4, koska Disney ei maksanut n\u00e4yttelij\u00e4lle tarpeeksi: &#8221;Se oli hyvin surullista&#8221;"},"content":{"rendered":"<p>Kuva: \u00a92023 Lucasfilm Ltd. &amp; TM<\/p>\n<p>Yksi Ahsoka-sarjan n\u00e4yttelij\u00f6ist\u00e4 ei palaa rooliinsa en\u00e4\u00e4 toisella kaudella.<\/p>\n<p>N\u00e4yttelij\u00e4 Claudia Black muistetaan muun muassa sarjoista Farscape ja Stargate SG-1 ja Vin Diesel -leffasta Pitch Black, mink\u00e4 lis\u00e4ksi h\u00e4n on antanut \u00e4\u00e4nens\u00e4 lukuisiin ikonisiin peleihin. Black n\u00e4ytteli mukana Star Wars -sarja <a href=\"https:\/\/muropaketti.com\/avainsana\/ahsoka\/\" rel=\"nofollow noopener\" target=\"_blank\">Ahsokan<\/a> ensimm\u00e4isell\u00e4 kaudella, mutta toiselle kaudelle h\u00e4n ei en\u00e4\u00e4 palaa.<\/p>\n<p><a href=\"https:\/\/bleedingcool.com\/tv\/ahsoka-claudia-black-discusses-star-wars-series-season-2-more\/\" rel=\"nofollow noopener\" target=\"_blank\">Bleeding Coolin<\/a> haastattelussa Black kertoo avoimesti t\u00e4m\u00e4n johtuvan siit\u00e4, etteiv\u00e4t h\u00e4nen ja Disneyn palkkaneuvottelut sujuneet odotetusti.<\/p>\n<p>\u201dHe p\u00e4\u00e4ttiv\u00e4t tehd\u00e4 toisen kauden ja ottivat minut siihen. Mutta sitten Disney, joka j\u00e4rjestelee asioita nyky\u00e4\u00e4n eri tavalla, ei voinut maksaa minulle sit\u00e4 palkkaa, jota yksinhuoltaja\u00e4itin\u00e4 tarvitsin kaikkien velvollisuuksieni hoitamiseksi kotona Los Angelesissa, koska kuvaukset olisivat Lontoossa\u201d, Black kertoo paljasti.<\/p>\n<p>\u201dSiksi minun piti perua osallistumiseni toiseen kauteen. Se oli minulle hyvin surullista.\u201d<\/p>\n<p>Black esitti Ahsokassa Klothow\u2019ta, yht\u00e4 Nightsisters-ryhm\u00e4n kolmesta Grand Motherista (yl\u00e4kuvassa keskell\u00e4), joka on liittoutunut Thrawnin kanssa.<\/p>\n<p>Rosario Dawsonin t\u00e4hditt\u00e4m\u00e4n Ahsokan kakkoskautta voidaan odotella Disney+:aan vuoden 2026 puolella.<\/p>\n","protected":false},"excerpt":{"rendered":"Kuva: \u00a92023 Lucasfilm Ltd. &amp; TM Yksi Ahsoka-sarjan n\u00e4yttelij\u00f6ist\u00e4 ei palaa rooliinsa en\u00e4\u00e4 toisella kaudella. N\u00e4yttelij\u00e4 Claudia Black&hellip;\n","protected":false},"author":2,"featured_media":105387,"comment_status":"","ping_status":"","sticky":false,"template":"","format":"standard","meta":{"footnotes":""},"categories":[130],"tags":[19879,298,137,33,31,30,1369,3519,32,109],"class_list":{"0":"post-105386","1":"post","2":"type-post","3":"status-publish","4":"format-standard","5":"has-post-thumbnail","7":"category-viihde","8":"tag-ahsoka","9":"tag-disney","10":"tag-entertainment","11":"tag-fi","12":"tag-finland","13":"tag-finnish","14":"tag-sarjat","15":"tag-star-wars","16":"tag-suomi","17":"tag-viihde"},"share_on_mastodon":{"url":"https:\/\/pubeurope.com\/@fi\/115648010834185899","error":""},"_links":{"self":[{"href":"https:\/\/www.europesays.com\/fi\/wp-json\/wp\/v2\/posts\/105386","targetHints":{"allow":["GET"]}}],"collection":[{"href":"https:\/\/www.europesays.com\/fi\/wp-json\/wp\/v2\/posts"}],"about":[{"href":"https:\/\/www.europesays.com\/fi\/wp-json\/wp\/v2\/types\/post"}],"author":[{"embeddable":true,"href":"https:\/\/www.europesays.com\/fi\/wp-json\/wp\/v2\/users\/2"}],"replies":[{"embeddable":true,"href":"https:\/\/www.europesays.com\/fi\/wp-json\/wp\/v2\/comments?post=105386"}],"version-history":[{"count":0,"href":"https:\/\/www.europesays.com\/fi\/wp-json\/wp\/v2\/posts\/105386\/revisions"}],"wp:featuredmedia":[{"embeddable":true,"href":"https:\/\/www.europesays.com\/fi\/wp-json\/wp\/v2\/media\/105387"}],"wp:attachment":[{"href":"https:\/\/www.europesays.com\/fi\/wp-json\/wp\/v2\/media?parent=105386"}],"wp:term":[{"taxonomy":"category","embeddable":true,"href":"https:\/\/www.europesays.com\/fi\/wp-json\/wp\/v2\/categories?post=105386"},{"taxonomy":"post_tag","embeddable":true,"href":"https:\/\/www.europesays.com\/fi\/wp-json\/wp\/v2\/tags?post=105386"}],"curies":[{"name":"wp","href":"https:\/\/api.w.org\/{rel}","templated":true}]}}