{"id":105390,"date":"2025-12-02T04:12:10","date_gmt":"2025-12-02T04:12:10","guid":{"rendered":"https:\/\/www.europesays.com\/fi\/105390\/"},"modified":"2025-12-02T04:12:10","modified_gmt":"2025-12-02T04:12:10","slug":"varusmiehet-opetetaan-yopymaan-maakuopisssa-droonit-tuhoaisivat-teltat-heti-kotimaa","status":"publish","type":"post","link":"https:\/\/www.europesays.com\/fi\/105390\/","title":{"rendered":"Varusmiehet opetetaan y\u00f6pym\u00e4\u00e4n maakuopisssa \u2013 droonit tuhoaisivat teltat heti | Kotimaa"},"content":{"rendered":"<p class=\"aw-1gybjub aw-5vja16 kEtdKx kmuxyA yle__article__paragraph\">Ukrainan sodan oppeja sovelletaan my\u00f6s varusmiespalveluksessa.  <\/p>\n<p><img decoding=\"async\" alt=\"Ilmasotamiehi\u00e4 istuu itsetehdyss\u00e4 laavussa. Nuotio on etualalla.\" src=\"https:\/\/www.europesays.com\/fi\/wp-content\/uploads\/2025\/12\/39-143579567d3095306846.jpeg\" class=\"aw-1l9m598 hKVVvP\"\/><\/p>\n<p>Avaa kuvien katselu<\/p>\n<p>Ilmasotamiehi\u00e4 itse tehdyss\u00e4 laavussa. Kuva: Simo Pitk\u00e4nen \/ Yle<\/p>\n<ul class=\"aw-1jjocuh iJTSwP yle__article__list yle__article__list--ul\">\n<li class=\"aw-1j7gwms gNYKfi\">Varusmiehet oppivat nyt y\u00f6pym\u00e4\u00e4n maakuopissa, jotta he voivat suojautua drooneilta.<\/li>\n<li class=\"aw-1j7gwms gNYKfi\">Muutos perustuu Ukrainan sodan oppeihin. Vihollisen on vaikea havaita maakuoppaa l\u00e4mp\u00f6kameralla toisin kuin telttaa.<\/li>\n<li class=\"aw-1j7gwms gNYKfi\">Aiemmin koulutus kuului l\u00e4hinn\u00e4 tiedustelijoille, mutta nyt se laajenee koskemaan kaikkia etulinjan joukkoja.<\/li>\n<\/ul>\n<p class=\"aw-1gybjub aw-1p7kakr kEtdKx cEmitX yle__article__paragraph\">T\u00e4m\u00e4 on teko\u00e4lyn avulla tuotettu, toimittajan tarkistama tiivistelm\u00e4.<\/p>\n<p class=\"aw-1gybjub aw-1p7kakr kEtdKx cEmitX yle__article__paragraph\">Ukrainan sota on muuttanut sodank\u00e4ynti\u00e4, ja se vaikuttaa my\u00f6s Suomen varusmiespalveluun.<\/p>\n<p class=\"aw-1gybjub aw-1p7kakr kEtdKx cEmitX yle__article__paragraph\">Varusmiehille opetetaan, miten naamioitua ilman telttaa. He y\u00f6pyv\u00e4t maakuopissa.<\/p>\n<p class=\"aw-1gybjub aw-1p7kakr kEtdKx cEmitX yle__article__paragraph\">Maakuopassa voi suojautua drooneilta paremmin kuin teltassa. Vihollisen droonit havaitsevat taistelutilanteessa teltan esimerkiksi l\u00e4mp\u00f6tilan perusteella.<\/p>\n<p class=\"aw-1gybjub aw-1p7kakr kEtdKx cEmitX yle__article__paragraph\">Aiemmin maakuopissa y\u00f6pymiseen on koulutettu etenkin tiedustelijoita. Nyt koulutusta saavat on my\u00f6s muut joukot, jotka toimivat etulinjassa ja sen l\u00e4heisyydess\u00e4.<\/p>\n<p class=\"aw-1gybjub aw-1p7kakr kEtdKx cEmitX yle__article__paragraph\">Reserviupseerikoulun johtaja, eversti <strong class=\"aw-ak79eh KyCXm yle__article__strong\">Niko H\u00f6ltt\u00e4<\/strong> kertoo, ett\u00e4 entist\u00e4 isommalle joukolle opetetaan tilap\u00e4ismajoituksen rakentaminen joko yksin, taisteluparina tai kolmen\u2013nelj\u00e4n hengen partiona.<\/p>\n<p class=\"aw-1gybjub aw-1p7kakr kEtdKx cEmitX yle__article__paragraph\">\u2013 Sen sijaan, ett\u00e4 ment\u00e4isiin telttaan, rakennetaan tilap\u00e4inen suoja luonnonmateriaaleista tai muista saatavilla olevista materiaaleista.<\/p>\n<p>Eristeen\u00e4 havuja<\/p>\n<p class=\"aw-1gybjub aw-1p7kakr kEtdKx cEmitX yle__article__paragraph\">Maakuopassa y\u00f6pymisess\u00e4 on kyse Ukrainan oppien soveltamisesta, ei siit\u00e4 ett\u00e4 teltassa nukkuminen olisi lopetettu. Vihollisen drooni ei pysty havaitsemaan kuopassa y\u00f6pyvi\u00e4.<\/p>\n<p class=\"aw-1gybjub aw-1p7kakr kEtdKx cEmitX yle__article__paragraph\">\u2013 Ei majoituta yhdess\u00e4 l\u00e4mmitetyss\u00e4 teltassa, joka n\u00e4kyy esimerkiksi l\u00e4mp\u00f6t\u00e4hystimiin hyvinkin kauaksi. Teltassa y\u00f6pyj\u00e4t ovat alttiita vihollisen vaikuttamiselle ja tulen k\u00e4yt\u00f6lle, H\u00f6ltt\u00e4 sanoo.<\/p>\n<p class=\"aw-1gybjub aw-1p7kakr kEtdKx cEmitX yle__article__paragraph\">Koulutuksessa k\u00e4ytet\u00e4\u00e4n luonnossa jo olevia painanteita tai kaivetaan maahan kuoppia. Ne eristet\u00e4\u00e4n esimerkiksi havuilla, H\u00f6ltt\u00e4 kertoo.<\/p>\n<p class=\"aw-1gybjub aw-1p7kakr kEtdKx cEmitX yle__article__paragraph\">Pysyyk\u00f6 varusmiehill\u00e4 viel\u00e4 lapio k\u00e4dess\u00e4?<\/p>\n<p class=\"aw-1gybjub aw-1p7kakr kEtdKx cEmitX yle__article__paragraph\">\u2013 Kyll\u00e4, kun se heille opetetaan t\u00e4\u00e4ll\u00e4 k\u00e4dest\u00e4 pit\u00e4en.<\/p>\n<p>Lapio pysyy k\u00e4dess\u00e4<\/p>\n<p class=\"aw-1gybjub aw-1p7kakr kEtdKx cEmitX yle__article__paragraph\">Kyseess\u00e4 on siis paluu vanhaan menetelm\u00e4\u00e4n: luonnonmateriaaleista rakennetaan maakuoppaan suojaus ja naamiointi.<\/p>\n<p class=\"aw-1gybjub aw-1p7kakr kEtdKx cEmitX yle__article__paragraph\">\u2013 T\u00e4m\u00e4 taito on hyv\u00e4 olla kaikilla, mutta se korostuu esimerkiksi jalkav\u00e4kitiedustelussa, joka on l\u00e4hell\u00e4 etulinjaa, H\u00f6ltt\u00e4 sanoo.<\/p>\n<p class=\"aw-1gybjub aw-1p7kakr kEtdKx cEmitX yle__article__paragraph\">Maakuopissa y\u00f6pymist\u00e4 opetellaan erillisill\u00e4 ampumaleireill\u00e4. Niiden j\u00e4lkeen varusmiehet siirtyv\u00e4t normaalisti majoitusalueelle, jossa on l\u00e4mmitetyt teltat.<\/p>\n<p class=\"aw-1gybjub aw-1p7kakr kEtdKx cEmitX yle__article__paragraph\">\u2013 Voidaan kierr\u00e4tt\u00e4\u00e4 joukkoja s\u00e4\u00e4olosuhteiden mukaan, mutta kaikki oppivat my\u00f6s tilap\u00e4isen majoituksen rakentamisen.<\/p>\n<p class=\"aw-1gybjub aw-1p7kakr kEtdKx cEmitX yle__article__paragraph\">Kuoppien kaivaminen ei ole vaikuttanut harjoitusten pituuteen.<\/p>\n","protected":false},"excerpt":{"rendered":"Ukrainan sodan oppeja sovelletaan my\u00f6s varusmiespalveluksessa. Avaa kuvien katselu Ilmasotamiehi\u00e4 itse tehdyss\u00e4 laavussa. Kuva: Simo Pitk\u00e4nen \/ Yle&hellip;\n","protected":false},"author":2,"featured_media":105391,"comment_status":"","ping_status":"","sticky":false,"template":"","format":"standard","meta":{"footnotes":""},"categories":[14],"tags":[1695,22,23,26,27,33,31,30,17,71,24,25,782,28,29,15,18,21,19881,32,19,20,56,16,9226,59,60,61],"class_list":{"0":"post-105390","1":"post","2":"type-post","3":"status-publish","4":"format-standard","5":"has-post-thumbnail","7":"category-ulkomaat","8":"tag-asevelvollisuus","9":"tag-breaking-news","10":"tag-breakingnews","11":"tag-featured-news","12":"tag-featurednews","13":"tag-fi","14":"tag-finland","15":"tag-finnish","16":"tag-headlines","17":"tag-kotimaa","18":"tag-latest-news","19":"tag-latestnews","20":"tag-maanpuolustus","21":"tag-main-news","22":"tag-mainnews","23":"tag-news","24":"tag-otsikot","25":"tag-paauutiset","26":"tag-retkeilyteltat","27":"tag-suomi","28":"tag-top-stories","29":"tag-topstories","30":"tag-ulkomaat","31":"tag-uutiset","32":"tag-varusmiehet","33":"tag-world","34":"tag-world-news","35":"tag-worldnews"},"share_on_mastodon":{"url":"https:\/\/pubeurope.com\/@fi\/115648027327143575","error":""},"_links":{"self":[{"href":"https:\/\/www.europesays.com\/fi\/wp-json\/wp\/v2\/posts\/105390","targetHints":{"allow":["GET"]}}],"collection":[{"href":"https:\/\/www.europesays.com\/fi\/wp-json\/wp\/v2\/posts"}],"about":[{"href":"https:\/\/www.europesays.com\/fi\/wp-json\/wp\/v2\/types\/post"}],"author":[{"embeddable":true,"href":"https:\/\/www.europesays.com\/fi\/wp-json\/wp\/v2\/users\/2"}],"replies":[{"embeddable":true,"href":"https:\/\/www.europesays.com\/fi\/wp-json\/wp\/v2\/comments?post=105390"}],"version-history":[{"count":0,"href":"https:\/\/www.europesays.com\/fi\/wp-json\/wp\/v2\/posts\/105390\/revisions"}],"wp:featuredmedia":[{"embeddable":true,"href":"https:\/\/www.europesays.com\/fi\/wp-json\/wp\/v2\/media\/105391"}],"wp:attachment":[{"href":"https:\/\/www.europesays.com\/fi\/wp-json\/wp\/v2\/media?parent=105390"}],"wp:term":[{"taxonomy":"category","embeddable":true,"href":"https:\/\/www.europesays.com\/fi\/wp-json\/wp\/v2\/categories?post=105390"},{"taxonomy":"post_tag","embeddable":true,"href":"https:\/\/www.europesays.com\/fi\/wp-json\/wp\/v2\/tags?post=105390"}],"curies":[{"name":"wp","href":"https:\/\/api.w.org\/{rel}","templated":true}]}}