{"id":105394,"date":"2025-12-02T04:14:26","date_gmt":"2025-12-02T04:14:26","guid":{"rendered":"https:\/\/www.europesays.com\/fi\/105394\/"},"modified":"2025-12-02T04:14:26","modified_gmt":"2025-12-02T04:14:26","slug":"lauri-markkasen-ymparilla-velloo-siirtohuhut-utah-jazzin-mieli-muuttui","status":"publish","type":"post","link":"https:\/\/www.europesays.com\/fi\/105394\/","title":{"rendered":"Lauri Markkasen ymp\u00e4rill\u00e4 velloo siirtohuhut \u2013 Utah Jazzin mieli muuttui"},"content":{"rendered":"<p>Suomen NBA-t\u00e4hti on ollut pitk\u00e4\u00e4n siirtohuhujen kohteena.<\/p>\n<p><img decoding=\"async\" class=\"image image-show image-preview\" src=\"https:\/\/www.europesays.com\/fi\/wp-content\/uploads\/2025\/11\/1763535609_296_a193805050a52cb165e4699d5be4ebb5da435e09893fbc98f9364d501be94360.jpg\" alt=\"\"\/><img decoding=\"async\" class=\"image image-show\" src=\"https:\/\/www.europesays.com\/fi\/wp-content\/uploads\/2025\/11\/1763535610_441_a193805050a52cb165e4699d5be4ebb5da435e09893fbc98f9364d501be94360.jpg\" alt=\"\"\/><\/p>\n<p>Lauri Markkanen pelaa uransa parasta kautta. AOP \/ USA TODAY SPORTS<\/p>\n<p class=\"paragraph\">Lokakuussa <a href=\"https:\/\/www.si.com\/nba\/will-giannis-be-traded-inside-the-biggest-nba-storylines-for-the-2025-26-season\" target=\"_blank\" rel=\"noopener nofollow\">Sports Illustratedin <strong>Chris Mannix<\/strong> kertoi<\/a>, ett\u00e4 Utah Jazz on \u201deritt\u00e4in avoin\u201d k\u00e4ym\u00e4\u00e4n kauppaa <strong>Lauri Markkasella<\/strong>. Varsinkin San Antonio Spurs oli kiinnostunut suomalaisesta, mutta nyt Jazzin mieli on muuttunut.<\/p>\n<p class=\"paragraph\"><a href=\"https:\/\/bleacherreport.com\/articles\/25310754-will-lauri-markkanen-be-traded-jazz-deadline-nba-insider-updates-rumors\" target=\"_blank\" rel=\"noopener nofollow\">NBA-toimittaja <strong>Marc Steinin<\/strong> mukaan<\/a> suurin osa joukkueista uskoo, ett\u00e4 Jazz haluaa sittenkin rakentaa tulevaisuutensa suomalaisen ymp\u00e4rille.<\/p>\n<p class=\"paragraph\">The Athleticin <strong>Tony Jones<\/strong> on kuullut samaa tarinaa Utahin suunnalta.<\/p>\n<p class=\"paragraph\">\u2013 Jazz haluaa pit\u00e4\u00e4 vuoden 2026 varausvuoronsa, ja he haluavat olla sen j\u00e4lkeen niin hyvi\u00e4 kuin mahdollista. Siksi Laurin kauppaaminen on ep\u00e4todenn\u00e4k\u00f6ist\u00e4, <a href=\"https:\/\/x.com\/Tjonesonthenba\/status\/1991312403833753784?ref_src=twsrc%5Etfw%7Ctwcamp%5Etweetembed%7Ctwterm%5E1991312403833753784%7Ctwgr%5Ebe6eea363aabdc9b608bd1e1679f115eea0c0f9f%7Ctwcon%5Es1_&amp;ref_url=https%3A%2F%2Fairalamo.com%2Fspurs-lauri-markkanen-trade-dreams-but-dead-latest-rumors-true\" target=\"_blank\" rel=\"noopener nofollow\">Jones kertoi viestipalvelu X:ss\u00e4<\/a>.<\/p>\n<p class=\"paragraph\">Ensi vuoden varaustilaisuudessa on kolme kovaa nime\u00e4: <strong>AJ Dybantsa<\/strong>, <strong>Darryn Peterson<\/strong> ja <strong>Cam Boozer<\/strong>.<\/p>\n<p class=\"paragraph\">\u2013 Jokaisella n\u00e4ist\u00e4 pelaajista on t\u00e4htipotentiaalia, ja he voisivat toimia seuran kulmakiven\u00e4, NBA-toimittaja <strong>Cal Durret<\/strong><a href=\"https:\/\/airalamo.com\/spurs-lauri-markkanen-trade-dreams-but-dead-latest-rumors-true\" target=\"_blank\" rel=\"noopener nofollow\"> puolestaan n\u00e4kee<\/a>.<\/p>\n<p class=\"paragraph\">H\u00e4n uskoo, ett\u00e4 Utahin kurssi voisi k\u00e4\u00e4nty\u00e4 nopeastikin, jos Dybantsa, Peterson tai Boozer saapuisi Markkasen ja <strong>Ace Baileyn<\/strong> (viime kes\u00e4n 5. varaus) rinnalle.<\/p>\n<p class=\"paragraph\">Markkanen on ollut yksi alkukauden parhaista pelaajista NBA:ssa, mutta h\u00e4n tarvitsee viel\u00e4 tukea rinnalleen, jotta Jazz nousisi pudotuspelijoukkueeksi.<\/p>\n<p class=\"paragraph\">Suomalainen on ker\u00e4nnyt t\u00e4ll\u00e4 kaudella keskim\u00e4\u00e4rin 27,9 pistett\u00e4 ottelussa, mutta Utah on voittanut silti vain kuusi peli\u00e4 13:sta.<\/p>\n<p class=\"paragraph\">Markkanen ei ole p\u00e4\u00e4ssyt viel\u00e4 kertaakaan urallaan NBA:n pudotuspeleihin.<\/p>\n","protected":false},"excerpt":{"rendered":"Suomen NBA-t\u00e4hti on ollut pitk\u00e4\u00e4n siirtohuhujen kohteena. Lauri Markkanen pelaa uransa parasta kautta. AOP \/ USA TODAY SPORTS&hellip;\n","protected":false},"author":2,"featured_media":105395,"comment_status":"","ping_status":"","sticky":false,"template":"","format":"standard","meta":{"footnotes":""},"categories":[5],"tags":[35,22,23,26,27,33,31,30,17,24,25,41,28,29,1703,5037,7348,15,18,21,32,19,20,161,16],"class_list":{"0":"post-105394","1":"post","2":"type-post","3":"status-publish","4":"format-standard","5":"has-post-thumbnail","7":"category-otsikot","8":"tag-24h","9":"tag-breaking-news","10":"tag-breakingnews","11":"tag-featured-news","12":"tag-featurednews","13":"tag-fi","14":"tag-finland","15":"tag-finnish","16":"tag-headlines","17":"tag-latest-news","18":"tag-latestnews","19":"tag-liikunta-ja-urheilu","20":"tag-main-news","21":"tag-mainnews","22":"tag-miesten-koripallo","23":"tag-national-basketball-association-nba","24":"tag-nba-itainen-lohko","25":"tag-news","26":"tag-otsikot","27":"tag-paauutiset","28":"tag-suomi","29":"tag-top-stories","30":"tag-topstories","31":"tag-urheilutapahtumat","32":"tag-uutiset"},"share_on_mastodon":{"url":"https:\/\/pubeurope.com\/@fi\/115648034803617403","error":""},"_links":{"self":[{"href":"https:\/\/www.europesays.com\/fi\/wp-json\/wp\/v2\/posts\/105394","targetHints":{"allow":["GET"]}}],"collection":[{"href":"https:\/\/www.europesays.com\/fi\/wp-json\/wp\/v2\/posts"}],"about":[{"href":"https:\/\/www.europesays.com\/fi\/wp-json\/wp\/v2\/types\/post"}],"author":[{"embeddable":true,"href":"https:\/\/www.europesays.com\/fi\/wp-json\/wp\/v2\/users\/2"}],"replies":[{"embeddable":true,"href":"https:\/\/www.europesays.com\/fi\/wp-json\/wp\/v2\/comments?post=105394"}],"version-history":[{"count":0,"href":"https:\/\/www.europesays.com\/fi\/wp-json\/wp\/v2\/posts\/105394\/revisions"}],"wp:featuredmedia":[{"embeddable":true,"href":"https:\/\/www.europesays.com\/fi\/wp-json\/wp\/v2\/media\/105395"}],"wp:attachment":[{"href":"https:\/\/www.europesays.com\/fi\/wp-json\/wp\/v2\/media?parent=105394"}],"wp:term":[{"taxonomy":"category","embeddable":true,"href":"https:\/\/www.europesays.com\/fi\/wp-json\/wp\/v2\/categories?post=105394"},{"taxonomy":"post_tag","embeddable":true,"href":"https:\/\/www.europesays.com\/fi\/wp-json\/wp\/v2\/tags?post=105394"}],"curies":[{"name":"wp","href":"https:\/\/api.w.org\/{rel}","templated":true}]}}