{"id":105398,"date":"2025-12-02T04:33:11","date_gmt":"2025-12-02T04:33:11","guid":{"rendered":"https:\/\/www.europesays.com\/fi\/105398\/"},"modified":"2025-12-02T04:33:11","modified_gmt":"2025-12-02T04:33:11","slug":"ottawa-chargen-paavalmentajalla-rintasyopa-urheilua-lyhyesti","status":"publish","type":"post","link":"https:\/\/www.europesays.com\/fi\/105398\/","title":{"rendered":"Ottawa Chargen p\u00e4\u00e4valmentajalla rintasy\u00f6p\u00e4 | Urheilua lyhyesti"},"content":{"rendered":"<p class=\"aw-1gybjub aw-5vja16 kEtdKx kmuxyA yle__article__paragraph\">J\u00e4\u00e4kiekon PWHL-liigan Ottawa Charge kertoi tiedotteessa, ett\u00e4 joukkueen p\u00e4\u00e4valmentajalla Carla MacLeodilla on diagnosoitu rintasy\u00f6p\u00e4.<\/p>\n<p><img decoding=\"async\" alt=\"Carla MacLeod jakaa ohjeita.\" src=\"https:\/\/www.europesays.com\/fi\/wp-content\/uploads\/2025\/12\/39-145045567fbffdf137e1.jpeg\" class=\"aw-1l9m598 hKVVvP\"\/><\/p>\n<p>Avaa kuvien katselu<\/p>\n<p>Carla MacLeod valmentaa Ottawa Chargen lis\u00e4ksi T\u0161ekin naisten maajoukkuetta. Kuva: CTK\/All Over Press<\/p>\n<p class=\"aw-1gybjub aw-1p7kakr kEtdKx cEmitX yle__article__paragraph\">J\u00e4\u00e4kiekon PWHL-liigassa viidenten\u00e4 oleva Ottawa Charge julkaisi <a class=\"aw-iao6s4 iHOxEa yle__article__link\" href=\"https:\/\/www.thepwhl.com\/en\/teams\/ottawa-charge\/news\/2025\/november\/30\/ottawa-charge-statements-regarding-head-coach-carla-macleod-s-recent-health-news\" role=\"link\" rel=\"nofollow noopener\" target=\"_blank\">verkkosivuillaan<\/a> p\u00e4\u00e4valmentajnsa <strong class=\"aw-ak79eh KyCXm yle__article__strong\">Carla MacLeodin<\/strong> tiedotteen. MacLeod kertoi saaneensa \u00e4skett\u00e4in rintasy\u00f6p\u00e4diagnoosin.<\/p>\n<p class=\"aw-1gybjub aw-1p7kakr kEtdKx cEmitX yle__article__paragraph\">\u2013 Olen uskomattoman onnekas, ett\u00e4 minulla on tukenani poikkeuksellinen l\u00e4\u00e4ketieteellinen tiimi, ja yhdess\u00e4 olemme laatineet hoitosuunnitelman, joka antaa minulle valtavan luottamuksen tulevaisuuteen, MacLeod kertoi.<\/p>\n<p class=\"aw-1gybjub aw-1p7kakr kEtdKx cEmitX yle__article__paragraph\">\u2013 Edess\u00e4 on viel\u00e4 joitakin muuttujia, jotka on m\u00e4\u00e4ritett\u00e4v\u00e4, mutta tavoitteeni on ehdottomasti olla mahdollisimman usein penkin takana.<\/p>\n<p class=\"aw-1gybjub aw-1p7kakr kEtdKx cEmitX yle__article__paragraph\">MacLeodin hoidot aloitetaan t\u00e4ll\u00e4 viikolla, joten h\u00e4n on sivussa Ottawan seuraavan ottelun Minnesota Frostia vastaan. Apuvalmentaja <strong class=\"aw-ak79eh KyCXm yle__article__strong\">Haley Irwin<\/strong> ottaa p\u00e4\u00e4valmentajavastuun MacLeodin hoitojen aikana. Ottawa Chargen riveiss\u00e4 pelaa kaksi suomalaista: puolustaja <strong class=\"aw-ak79eh KyCXm yle__article__strong\">Ronja Savolainen<\/strong> ja maalivahti <strong class=\"aw-ak79eh KyCXm yle__article__strong\">Sanni Ahola<\/strong>.<\/p>\n<p class=\"aw-1gybjub aw-1p7kakr kEtdKx cEmitX yle__article__paragraph\">MacLeod, 43, toimii my\u00f6s T\u0161ekin naisten maajoukkueen p\u00e4\u00e4valmentajana, ja h\u00e4nen tavoitteenaan on valmentaa joukkuetta helmikuun Milano-Cortinan olympialaisissa.<\/p>\n<p class=\"aw-1gybjub aw-1p7kakr kEtdKx cEmitX yle__article__paragraph\">\u2013 Yksi suurimmista huolenaiheistani, oman terveyteni lis\u00e4ksi, oli mahdollisuus siit\u00e4, etten pystyisi tukemaan t\u00e4ysipainoisesti kahta minulle niin t\u00e4rke\u00e4\u00e4 joukkuetta. Helpotuksekseni l\u00e4\u00e4k\u00e4ritiimi vakuutti minulle, ett\u00e4 hoidolla on vain v\u00e4h\u00e4inen vaikutus Charge-kauden otteluihin ja ett\u00e4 voin edelleen valmentaa T\u0161ekki\u00e4 helmikuun talviolympialaisissa.<\/p>\n<p class=\"aw-1gybjub aw-1p7kakr kEtdKx cEmitX yle__article__paragraph\">MacLeod on voittanut pelaajana kaksi olympiakultaa, H\u00e4n on valmentanut PWHL:ss\u00e4 kaudesta 2023\u201324 alkaen.<\/p>\n","protected":false},"excerpt":{"rendered":"J\u00e4\u00e4kiekon PWHL-liigan Ottawa Charge kertoi tiedotteessa, ett\u00e4 joukkueen p\u00e4\u00e4valmentajalla Carla MacLeodilla on diagnosoitu rintasy\u00f6p\u00e4. Avaa kuvien katselu Carla&hellip;\n","protected":false},"author":2,"featured_media":105399,"comment_status":"","ping_status":"","sticky":false,"template":"","format":"standard","meta":{"footnotes":""},"categories":[158],"tags":[19885,33,31,30,1143,2776,2127,19882,19883,19884,159,32,160],"class_list":{"0":"post-105398","1":"post","2":"type-post","3":"status-publish","4":"format-standard","5":"has-post-thumbnail","7":"category-urheilu","8":"tag-carla-macleod","9":"tag-fi","10":"tag-finland","11":"tag-finnish","12":"tag-jaakiekko","13":"tag-olympialaiset","14":"tag-pohjois-amerikan-jaakiekko","15":"tag-pwhl","16":"tag-ronja-savolainen","17":"tag-sanni-ahola","18":"tag-sports","19":"tag-suomi","20":"tag-urheilu"},"share_on_mastodon":{"url":"https:\/\/pubeurope.com\/@fi\/115648109444216234","error":""},"_links":{"self":[{"href":"https:\/\/www.europesays.com\/fi\/wp-json\/wp\/v2\/posts\/105398","targetHints":{"allow":["GET"]}}],"collection":[{"href":"https:\/\/www.europesays.com\/fi\/wp-json\/wp\/v2\/posts"}],"about":[{"href":"https:\/\/www.europesays.com\/fi\/wp-json\/wp\/v2\/types\/post"}],"author":[{"embeddable":true,"href":"https:\/\/www.europesays.com\/fi\/wp-json\/wp\/v2\/users\/2"}],"replies":[{"embeddable":true,"href":"https:\/\/www.europesays.com\/fi\/wp-json\/wp\/v2\/comments?post=105398"}],"version-history":[{"count":0,"href":"https:\/\/www.europesays.com\/fi\/wp-json\/wp\/v2\/posts\/105398\/revisions"}],"wp:featuredmedia":[{"embeddable":true,"href":"https:\/\/www.europesays.com\/fi\/wp-json\/wp\/v2\/media\/105399"}],"wp:attachment":[{"href":"https:\/\/www.europesays.com\/fi\/wp-json\/wp\/v2\/media?parent=105398"}],"wp:term":[{"taxonomy":"category","embeddable":true,"href":"https:\/\/www.europesays.com\/fi\/wp-json\/wp\/v2\/categories?post=105398"},{"taxonomy":"post_tag","embeddable":true,"href":"https:\/\/www.europesays.com\/fi\/wp-json\/wp\/v2\/tags?post=105398"}],"curies":[{"name":"wp","href":"https:\/\/api.w.org\/{rel}","templated":true}]}}