{"id":105406,"date":"2025-12-02T04:39:10","date_gmt":"2025-12-02T04:39:10","guid":{"rendered":"https:\/\/www.europesays.com\/fi\/105406\/"},"modified":"2025-12-02T04:39:10","modified_gmt":"2025-12-02T04:39:10","slug":"ukrainan-rauhansuunnitelma-on-neljan-liikemiehen-kasissa-katso-ketka-johtavat-neuvotteluja-ulkomaat","status":"publish","type":"post","link":"https:\/\/www.europesays.com\/fi\/105406\/","title":{"rendered":"Ukrainan rauhan\u00adsuunnitelma on nelj\u00e4n liikemiehen k\u00e4siss\u00e4 \u2013 katso, ketk\u00e4 johtavat neuvotteluja | Ulkomaat"},"content":{"rendered":"<ul class=\"aw-1jjocuh iJTSwP yle__article__list yle__article__list--ul\">\n<li class=\"aw-1j7gwms gNYKfi\">Yhdysvallat ja Ven\u00e4j\u00e4 neuvottelevat t\u00e4n\u00e4\u00e4n Moskovassa Ukrainan rauhasta. Ukraina osallistui prosessiin sunnuntaina Yhdysvalloissa.<\/li>\n<li class=\"aw-1j7gwms gNYKfi\">Kolmen maan valtuuskuntien p\u00e4\u00e4neuvottelijat ovat maiden johtajien l\u00e4hipiiri\u00e4 ja liikemiehi\u00e4.<\/li>\n<li class=\"aw-1j7gwms gNYKfi\">Erityisesti Yhdysvaltain neuvottelijaa Steve Witkoffia ep\u00e4ill\u00e4\u00e4n omien bisnesintressien ajamisesta. H\u00e4nt\u00e4 on kritisoitu mediassa Ven\u00e4j\u00e4-my\u00f6nteisyydest\u00e4.<\/li>\n<li class=\"aw-1j7gwms gNYKfi\">My\u00f6s Ukrainan uusi neuvottelija, Rustem Umjerov, on liikemies ja h\u00e4neen on yhdistetty korruptioep\u00e4ilyj\u00e4.<\/li>\n<\/ul>\n<p class=\"aw-1gybjub aw-1p7kakr kEtdKx cEmitX yle__article__paragraph\">T\u00e4m\u00e4 on teko\u00e4lyn avulla tuotettu, toimittajan tarkistama tiivistelm\u00e4.<\/p>\n<p class=\"aw-1gybjub aw-1p7kakr kEtdKx cEmitX yle__article__paragraph\">Yhdysvaltain ja Ven\u00e4j\u00e4n edustajat neuvottelevat t\u00e4n\u00e4\u00e4n tiistaina Moskovassa Ukrainan rauhasta. Yhdysvaltain delegaation johtajat tapaavat my\u00f6s Ven\u00e4j\u00e4n presidentin <strong class=\"aw-ak79eh KyCXm yle__article__strong\">Vladimir Putinin<\/strong>.<\/p>\n<p class=\"aw-1gybjub aw-1p7kakr kEtdKx cEmitX yle__article__paragraph\">Viikonloppuna Ukrainan ja Yhdysvaltain delegaatiot neuvottelivat Floridassa rauhansuunnitelmasta. Ukraina ei osallistu Moskovan neuvotteluihin.<\/p>\n<p class=\"aw-1gybjub aw-1p7kakr kEtdKx cEmitX yle__article__paragraph\">T\u00e4ss\u00e4 ovat keskeiset Yhdysvaltain, Ven\u00e4j\u00e4n ja Ukrainan hahmot neuvoteltaessa Ukrainan rauhanehdoista.<\/p>\n<p>Steve Witkoff, Yhdysvallat<\/p>\n<p class=\"aw-1gybjub aw-1p7kakr kEtdKx cEmitX yle__article__paragraph\">Kiinteist\u00f6bisneksill\u00e4 rikastunut miljard\u00f6\u00f6ri <strong class=\"aw-ak79eh KyCXm yle__article__strong\">Steve Witkoff<\/strong>, 68 vuotta, on presidentti <strong class=\"aw-ak79eh KyCXm yle__article__strong\">Donald Trumpin<\/strong> l\u00e4heinen yst\u00e4v\u00e4 ja golfkaveri. Trump nosti h\u00e4net toisella kaudellaan erityisl\u00e4hettil\u00e4\u00e4ksi, joka on ollut k\u00e4til\u00f6im\u00e4ss\u00e4 Ukrainan rauhansuunnitelman lis\u00e4ksi my\u00f6s Gazan aseleposopimusta Israelin ja \u00e4\u00e4rij\u00e4rjest\u00f6 Hamasin v\u00e4lille. Mink\u00e4\u00e4nlaista ulkopoliittista taustaa h\u00e4nell\u00e4 ei ole.<\/p>\n<p class=\"aw-1gybjub aw-1p7kakr kEtdKx cEmitX yle__article__paragraph\">The Wall Street Journal -lehden <a class=\"aw-iao6s4 iHOxEa yle__article__link\" href=\"https:\/\/www.wsj.com\/world\/russia\/russia-u-s-peace-business-ties-4db9b290\" role=\"link\" rel=\"nofollow noopener\" target=\"_blank\">tuoreen artikkelin mukaan<\/a> Witkoffia motivoisivat rauhanteossa etenkin bisnesintressit.<\/p>\n<p class=\"aw-1gybjub aw-1p7kakr kEtdKx cEmitX yle__article__paragraph\">Witkoffin v\u00e4itet\u00e4\u00e4n WSJ:n jutun mukaan t\u00e4hy\u00e4v\u00e4n Yhdysvalloille rahakkaita diilej\u00e4, ja h\u00e4n on sanonut lehdelle toivovansa Yhdysvaltain, Ven\u00e4j\u00e4n ja Ukrainan ryhtyv\u00e4n liikekumppaneiksi. Witkoffin mukaan yhteiset bisnekset est\u00e4isiv\u00e4t tulevia konflikteja. Lehden mukaan lukuisia Trumpin hallintoa l\u00e4hell\u00e4 olevia liikemiehi\u00e4 k\u00e4rkkyisi esimerkiksi Ven\u00e4j\u00e4n mineraalivarannoiltaan rikkaalle arktiselle alueelle.<\/p>\n<p class=\"aw-1gybjub aw-1p7kakr kEtdKx cEmitX yle__article__paragraph\">Mediassa on <a class=\"aw-iao6s4 iHOxEa yle__article__link\" href=\"https:\/\/www.theatlantic.com\/ideas\/2025\/11\/steve-witkoff-ukraine-russia-deal\/685081\/\" role=\"link\" rel=\"nofollow noopener\" target=\"_blank\">kummasteltu Witkoffin lausuntoja<\/a>, joita on pidetty Ven\u00e4j\u00e4-mielisin\u00e4. H\u00e4n on esimerkiksi sanonut Ven\u00e4j\u00e4n aina halunneen rauhaa.<\/p>\n<p class=\"aw-1gybjub aw-1p7kakr kEtdKx cEmitX yle__article__paragraph\">Viime viikolla uutismedia <a class=\"aw-iao6s4 iHOxEa yle__article__link\" href=\"https:\/\/www.bloomberg.com\/news\/articles\/2025-11-25\/witkoff-discusses-ukraine-plans-with-key-putin-aide-transcript\" role=\"link\" rel=\"nofollow noopener\" target=\"_blank\">Bloomberg uutisoi<\/a> vuodetusta puhelinkeskustelusta, jossa Witkoff n\u00e4ytti suorastaan valmentavan Kremli\u00e4 siit\u00e4, miten Trumpin kanssa kannattaisi neuvotella. Witkoff oli hahmottelemassa Yhdysvaltain ja Ven\u00e4j\u00e4n 28-kohtaista Ukrainan rauhansuunnitelmaa, jota on arvosteltu Ven\u00e4j\u00e4n toivelistaksi.<\/p>\n<p class=\"aw-1gybjub aw-1p7kakr kEtdKx cEmitX yle__article__paragraph\">Witkoff vierailee Moskovassa t\u00e4n\u00e4 vuonna jo kuudetta kertaa. Ukrainassa h\u00e4n ei sit\u00e4 vastoin ole k\u00e4ynyt t\u00e4n\u00e4 vuonna kertaakaan.<\/p>\n<p class=\"aw-1gybjub aw-1p7kakr kEtdKx cEmitX yle__article__paragraph\">Lue lis\u00e4\u00e4 Steve Witkoffista <a class=\"aw-iao6s4 iHOxEa yle__article__link\" href=\"https:\/\/yle.fi\/a\/74-20156641\" role=\"link\" rel=\"nofollow noopener\" target=\"_blank\">t\u00e4\u00e4lt\u00e4<\/a>.<\/p>\n<p>Jared Kushner, Yhdysvallat<\/p>\n<p class=\"aw-1gybjub aw-1p7kakr kEtdKx cEmitX yle__article__paragraph\"><strong class=\"aw-ak79eh KyCXm yle__article__strong\">Jared Kushner,<\/strong> 44, on naimisissa Donald Trumpin tytt\u00e4ren <strong class=\"aw-ak79eh KyCXm yle__article__strong\">Ivanka Trumpin<\/strong> kanssa. H\u00e4n oli keskeisess\u00e4 roolissa neuvottelemassa Gazan aselevosta aiemmin t\u00e4n\u00e4 vuonna. N\u00e4in on siit\u00e4 huolimatta, ett\u00e4 toisin kuin Trumpin ensimm\u00e4isell\u00e4 presidenttikaudella, Kushnerilla ei ole virallista asemaa hallinnossa.<\/p>\n<p class=\"aw-1gybjub aw-1p7kakr kEtdKx cEmitX yle__article__paragraph\">Trumpin ensimm\u00e4isell\u00e4 kaudella Kushner toimi presidentin vanhempana neuvonantajana. Tuolloin h\u00e4n osallistui moniin sis\u00e4politiikan hankkeisiin, kuten Yhdysvaltain rikosoikeusj\u00e4rjestelm\u00e4n uudistamiseen ja koronarokotteen kehitysohjelmaan.<\/p>\n<p class=\"aw-1gybjub aw-1p7kakr kEtdKx cEmitX yle__article__paragraph\">Ulkopolitiikassa h\u00e4n ty\u00f6sti L\u00e4hi-id\u00e4ss\u00e4 Israelin ja arabimaiden suhteiden normalisointiin t\u00e4ht\u00e4\u00e4vi\u00e4 Abraham-sopimuksia.<\/p>\n<p>Trump kommentoi Ukrainan ja Yhdysvaltain neuvotteluja sunnuntai-iltana Yhdysvaltain aikaa, lent\u00e4ess\u00e4\u00e4n kiitosp\u00e4iv\u00e4n vietosta Floridasta Washingtoniin.<\/p>\n<p class=\"aw-1gybjub aw-1p7kakr kEtdKx cEmitX yle__article__paragraph\">Kushnerin bisnesyhteydet ja -intressit her\u00e4ttiv\u00e4t kysymyksi\u00e4 jo Trumpin ensimm\u00e4isell\u00e4 kaudella. Samat huolet ovat nousseet esiin my\u00f6s nyt.<\/p>\n<p class=\"aw-1gybjub aw-1p7kakr kEtdKx cEmitX yle__article__paragraph\">Vuonna 2014 Kushner johti is\u00e4ns\u00e4 ja isois\u00e4ns\u00e4 perustamaa newyorkilaista Kushner Companies -kiinteist\u00f6yhti\u00f6t\u00e4. Sittemmin h\u00e4n on perustanut oman Affinity Partners -p\u00e4\u00e4omasijoitusyhti\u00f6n. Sen hallinnoima varallisuus on kivunnut <a class=\"aw-iao6s4 iHOxEa yle__article__link\" href=\"https:\/\/www.reuters.com\/business\/finance\/kushners-affinitys-assets-jump-48-billion-after-gulf-cash-injection-2025-03-28\/\" role=\"link\" rel=\"nofollow noopener\" target=\"_blank\">uutistoimisto Reutersin mukaan<\/a> miljardiluokkaan. Talouslehti <a class=\"aw-iao6s4 iHOxEa yle__article__link\" href=\"https:\/\/www.forbes.com\/sites\/monicahunter-hart\/2025\/09\/16\/how-jared-kushners-bold-bets-in-the-middle-east-made-him-a-billionaire\/\" role=\"link\" rel=\"nofollow noopener\" target=\"_blank\">Forbes arvioi<\/a> Kushnerin rikastuneen itsekin miljard\u00f6\u00f6riksi.<\/p>\n<p class=\"aw-1gybjub aw-1p7kakr kEtdKx cEmitX yle__article__paragraph\">Forbesin mukaan suuri osa Kushnerin firman sijoittajista on per\u00e4isin yhteyksist\u00e4, joita Kushner hankki toimiessaan presidentin neuvonantajana Valkoisessa talossa. Yhti\u00f6ll\u00e4 on asiakkuuksia muun muassa Persianlahden vauraissa \u00f6ljyvaltioissa: Saudi-Arabiassa, Arabiemiraateissa ja Qatarissa.<\/p>\n<p class=\"aw-1gybjub aw-1p7kakr kEtdKx cEmitX yle__article__paragraph\">Arvostelijoiden mukaan bisnesyhteydet tuottavat Kushnerille valtavia eturistiriitoja neuvottelup\u00f6ydiss\u00e4.<\/p>\n<p>Kirill Dmitrijev, Ven\u00e4j\u00e4<\/p>\n<p class=\"aw-1gybjub aw-1p7kakr kEtdKx cEmitX yle__article__paragraph\">Ven\u00e4j\u00e4n neuvotteluvaltuuskuntaa johtava <strong class=\"aw-ak79eh KyCXm yle__article__strong\">Kirill Dmitrijev<\/strong>, 50, on kymmenen miljardin dollarin arvoisen sijoitusrahaston johtaja.<\/p>\n<p class=\"aw-1gybjub aw-1p7kakr kEtdKx cEmitX yle__article__paragraph\">Kiovassa neuvostoaikana syntyneen Dmitrijevin t\u00e4rke\u00e4 taustatekij\u00e4 on, ett\u00e4 h\u00e4n on opiskellut Yhdysvaltain huippuyliopistoissa, Stanfordissa ja Harvardissa.<\/p>\n<p class=\"aw-1gybjub aw-1p7kakr kEtdKx cEmitX yle__article__paragraph\">Kun Yhdysvaltain presidentti Donald Trump alkoi lokakuussa moittia Ven\u00e4j\u00e4\u00e4 rauhanneuvottelujen polkemisesta paikoillaan ja kiristi talouspakotteita, <a class=\"aw-iao6s4 iHOxEa yle__article__link\" href=\"https:\/\/www.theguardian.com\/world\/2025\/nov\/21\/who-is-kirill-dmitriev-draft-plan-ukraine-war-russia\" role=\"link\" rel=\"nofollow noopener\" target=\"_blank\">Dmitrijev lensi<\/a> Yhdysvaltoihin tapaamaan Witkoffia. Miehet sorvasivat ensimm\u00e4isen rauhansuunnitelman, joka asetti tyrmistytt\u00e4vi\u00e4 <a class=\"aw-iao6s4 iHOxEa yle__article__link\" href=\"https:\/\/yle.fi\/a\/74-20195365\" role=\"link\" rel=\"nofollow noopener\" target=\"_blank\">rauhanehtoja<\/a> Ukrainalle.<\/p>\n<p class=\"aw-1gybjub aw-1p7kakr kEtdKx cEmitX yle__article__paragraph\">Dmitrijevin kontakti presidentti Putiniin on my\u00f6s henkil\u00f6kohtainen. H\u00e4nen vaimonsa <strong class=\"aw-ak79eh KyCXm yle__article__strong\">Natalia Popova<\/strong> on Putinin nuoremman tytt\u00e4ren yst\u00e4v\u00e4 ja ty\u00f6toveri.<\/p>\n<p class=\"aw-1gybjub aw-1p7kakr kEtdKx cEmitX yle__article__paragraph\">Dmitrijev on innokas somekommentoija. H\u00e4n on miellytt\u00e4nyt Trumpia tukevia magalaisia moittimalla Euroopan \u201dmaahanmuuttokriisi\u00e4\u201d ja v\u00e4itt\u00e4m\u00e4ll\u00e4 \u201dglobalistien aivopesev\u00e4n lapsia\u201d. Maanantaisessa kommentissaan somepalvelu X:ss\u00e4 h\u00e4n irvistelee \u201dsotaa lietsoville globalisteille\u201d, jotka vastustavat Trumpin menestyst\u00e4.<\/p>\n<p class=\"aw-1gybjub aw-1p7kakr kEtdKx cEmitX yle__article__paragraph\">Dmitrijevill\u00e4 on my\u00f6s vihamiehi\u00e4. Brittilehti <a class=\"aw-iao6s4 iHOxEa yle__article__link\" href=\"https:\/\/www.theguardian.com\/world\/2025\/nov\/21\/who-is-kirill-dmitriev-draft-plan-ukraine-war-russia\" role=\"link\" rel=\"nofollow noopener\" target=\"_blank\">Guardianin mukaan<\/a> h\u00e4n on v\u00e4lirikossa Ven\u00e4j\u00e4n ulkoministerin, <strong class=\"aw-ak79eh KyCXm yle__article__strong\">Sergei Lavrovin<\/strong> kanssa.<\/p>\n<p class=\"aw-1gybjub aw-1p7kakr kEtdKx cEmitX yle__article__paragraph\">Lavrov yritti sivuuttaa helmikuussa Saudi-Arabian p\u00e4\u00e4kaupungissa Riadissa k\u00e4ydyiss\u00e4 neuvotteluissa Dmitrijevin j\u00e4tt\u00e4m\u00e4ll\u00e4 t\u00e4m\u00e4n ilman paikkaa neuvottelup\u00f6yd\u00e4ss\u00e4. Guardianin mukaan Dmitrijev soitti Putinille ja liittyi neuvotteluihin sen j\u00e4lkeen.<\/p>\n<p>Rustem Umjerov, Ukraina<\/p>\n<p class=\"aw-1gybjub aw-1p7kakr kEtdKx cEmitX yle__article__paragraph\"><strong class=\"aw-ak79eh KyCXm yle__article__strong\">Rustem Umjerov<\/strong> johti Ukrainan valtuuskuntaa Floridassa viikonloppuna. H\u00e4n ei osallistu Moskovan neuvotteluihin. Umjerov, 43, on syntyj\u00e4\u00e4n Krimin tataari. Vuonna 1944 Ukrainaa miehitt\u00e4neen Neuvostoliiton johtaja <strong class=\"aw-ak79eh KyCXm yle__article__strong\">Josif Stalin<\/strong> siirr\u00e4tti tataareja pois Krimilt\u00e4. Siksi Rustem Umjerovkin on syntynyt Uzbekistanin Samarkandissa.<\/p>\n<p class=\"aw-1gybjub aw-1p7kakr kEtdKx cEmitX yle__article__paragraph\">H\u00e4n oli kansanedustajana vuosina 2019\u201322 ja Ukrainan yksityist\u00e4misviraston johdossa 2022\u201323. Yksityist\u00e4misvirastossa h\u00e4nen kehutaan karsineen korruptiota. Umjerov valittiin Ukrainan puolustusministeriksi syyskuussa 2023.<\/p>\n<p class=\"aw-1gybjub aw-1p7kakr kEtdKx cEmitX yle__article__paragraph\">Hein\u00e4kuussa presidentti <strong class=\"aw-ak79eh KyCXm yle__article__strong\">Volodymyr Zelenskyi<\/strong> muutti hallitustaan ja siirsi Umjerovin kansallisen puolustuksen ja turvallisuuden neuvoston sihteeriksi.<\/p>\n<p class=\"aw-1gybjub aw-1p7kakr kEtdKx cEmitX yle__article__paragraph\">My\u00f6s Umjerov on opiskellut Yhdysvalloissa, ja h\u00e4nell\u00e4 on oma sijoitusyhti\u00f6. Umjerovia kehutaan <a class=\"aw-iao6s4 iHOxEa yle__article__link\" href=\"https:\/\/www.aljazeera.com\/news\/2023\/9\/4\/who-is-rustem-umerov-ukraines-next-defence-minister\" role=\"link\" rel=\"nofollow noopener\" target=\"_blank\">lehtitietojen mukaan<\/a> taitavaksi neuvottelijaksi. H\u00e4n oli mukana neuvotteluissa Ven\u00e4j\u00e4n kanssa maaliskuussa 2022, pian Ven\u00e4j\u00e4n hy\u00f6k\u00e4tty\u00e4. Umjerov on ollut neuvottelemassa my\u00f6s sotavankien vapautuksista sek\u00e4 viljan viennist\u00e4.<\/p>\n<p class=\"aw-1gybjub aw-1p7kakr kEtdKx cEmitX yle__article__paragraph\">Umjerov nousi lyhyell\u00e4 varoitusajalla viikonloppuna korvaamaan aiemmin neuvotteluja johtanutta Zelenskyin hallinnon kansliap\u00e4\u00e4llikk\u00f6\u00e4, <strong class=\"aw-ak79eh KyCXm yle__article__strong\">Andri Jermakia.<\/strong> T\u00e4m\u00e4 <a class=\"aw-iao6s4 iHOxEa yle__article__link\" href=\"https:\/\/yle.fi\/a\/74-20196922\" role=\"link\" rel=\"nofollow noopener\" target=\"_blank\">erosi virastaan<\/a> perjantaina, kun h\u00e4nen kotiinsa ja toimistoonsa oli tehty kotietsinn\u00e4t ja h\u00e4nen ep\u00e4iltiin v\u00e4hint\u00e4\u00e4nkin tienneen Ukrainaa ravistelevasta lahjusskandaalista.<\/p>\n<p>Yhdysvaltain ja Ukrainan delegaatiot tapasivat sunnuntaina Floridassa.<\/p>\n<p class=\"aw-1gybjub aw-1p7kakr kEtdKx cEmitX yle__article__paragraph\">Umjerovin valintaa on ehditty jo kritisoida. H\u00e4nt\u00e4 on <a class=\"aw-iao6s4 iHOxEa yle__article__link\" href=\"https:\/\/kyivindependent.com\/top-security-official-questioned-in-ukraines-biggest-corruption-case\/\" role=\"link\" rel=\"nofollow noopener\" target=\"_blank\">kuulusteltu todistajana<\/a> korruptioskandaalissa viime viikolla.<\/p>\n<p class=\"aw-1gybjub aw-1p7kakr kEtdKx cEmitX yle__article__paragraph\">Syyskuussa korruption vastaisen kansalaisj\u00e4rjest\u00f6n raportti kertoi, ett\u00e4 Umjerov <a class=\"aw-iao6s4 iHOxEa yle__article__link\" href=\"https:\/\/www.kyivpost.com\/opinion\/65246\" role=\"link\" rel=\"nofollow noopener\" target=\"_blank\">perheineen omistaisi<\/a> Yhdysvalloissa kahdeksan luksuskiinteist\u00f6\u00e4, joista vain kolme on ilmoitettu verottajalle.<\/p>\n<p class=\"aw-1gybjub aw-1p7kakr kEtdKx cEmitX yle__article__paragraph\">Lis\u00e4\u00e4 Ukrainan vaikeasta tilanteesta rauhansuunnitelmien ja korruptioskandaalin keskell\u00e4 Maailmanpolitiikan arkip\u00e4iv\u00e4\u00e4 -ohjelmassa.<\/p>\n<p><strong class=\"aw-1bgq5a3 bSmpIc\">Ukraina yritt\u00e4\u00e4 luovia Trumpin diplomatian aallokossa<\/strong><\/p>\n<p><img decoding=\"async\" alt=\"\" src=\"https:\/\/www.europesays.com\/fi\/wp-content\/uploads\/2025\/09\/39-1300668666712fbc2a2c.jpeg\" class=\"aw-1l9m598 hKVVvP\"\/><\/p>\n","protected":false},"excerpt":{"rendered":"Yhdysvallat ja Ven\u00e4j\u00e4 neuvottelevat t\u00e4n\u00e4\u00e4n Moskovassa Ukrainan rauhasta. Ukraina osallistui prosessiin sunnuntaina Yhdysvalloissa. Kolmen maan valtuuskuntien p\u00e4\u00e4neuvottelijat ovat&hellip;\n","protected":false},"author":2,"featured_media":105407,"comment_status":"","ping_status":"","sticky":false,"template":"","format":"standard","meta":{"footnotes":""},"categories":[12],"tags":[22,23,26,27,33,31,30,17,24,25,28,29,15,18,21,4083,32,19,20,1303,549,56,16,987,2388],"class_list":{"0":"post-105406","1":"post","2":"type-post","3":"status-publish","4":"format-standard","5":"has-post-thumbnail","7":"category-suomi","8":"tag-breaking-news","9":"tag-breakingnews","10":"tag-featured-news","11":"tag-featurednews","12":"tag-fi","13":"tag-finland","14":"tag-finnish","15":"tag-headlines","16":"tag-latest-news","17":"tag-latestnews","18":"tag-main-news","19":"tag-mainnews","20":"tag-news","21":"tag-otsikot","22":"tag-paauutiset","23":"tag-rauhanneuvottelut","24":"tag-suomi","25":"tag-top-stories","26":"tag-topstories","27":"tag-ukraina","28":"tag-ukrainan-sota","29":"tag-ulkomaat","30":"tag-uutiset","31":"tag-venajan-hyokkays","32":"tag-venajan-hyokkays-ukrainaan-2022"},"share_on_mastodon":{"url":"https:\/\/pubeurope.com\/@fi\/115648132753781999","error":""},"_links":{"self":[{"href":"https:\/\/www.europesays.com\/fi\/wp-json\/wp\/v2\/posts\/105406","targetHints":{"allow":["GET"]}}],"collection":[{"href":"https:\/\/www.europesays.com\/fi\/wp-json\/wp\/v2\/posts"}],"about":[{"href":"https:\/\/www.europesays.com\/fi\/wp-json\/wp\/v2\/types\/post"}],"author":[{"embeddable":true,"href":"https:\/\/www.europesays.com\/fi\/wp-json\/wp\/v2\/users\/2"}],"replies":[{"embeddable":true,"href":"https:\/\/www.europesays.com\/fi\/wp-json\/wp\/v2\/comments?post=105406"}],"version-history":[{"count":0,"href":"https:\/\/www.europesays.com\/fi\/wp-json\/wp\/v2\/posts\/105406\/revisions"}],"wp:featuredmedia":[{"embeddable":true,"href":"https:\/\/www.europesays.com\/fi\/wp-json\/wp\/v2\/media\/105407"}],"wp:attachment":[{"href":"https:\/\/www.europesays.com\/fi\/wp-json\/wp\/v2\/media?parent=105406"}],"wp:term":[{"taxonomy":"category","embeddable":true,"href":"https:\/\/www.europesays.com\/fi\/wp-json\/wp\/v2\/categories?post=105406"},{"taxonomy":"post_tag","embeddable":true,"href":"https:\/\/www.europesays.com\/fi\/wp-json\/wp\/v2\/tags?post=105406"}],"curies":[{"name":"wp","href":"https:\/\/api.w.org\/{rel}","templated":true}]}}