{"id":105408,"date":"2025-12-02T04:40:07","date_gmt":"2025-12-02T04:40:07","guid":{"rendered":"https:\/\/www.europesays.com\/fi\/105408\/"},"modified":"2025-12-02T04:40:07","modified_gmt":"2025-12-02T04:40:07","slug":"nain-elo-on-sujunut-artjarvella-keskella-suurta-sotaharjoitusta-kivaa-pohinaa-paijat-hame","status":"publish","type":"post","link":"https:\/\/www.europesays.com\/fi\/105408\/","title":{"rendered":"N\u00e4in elo on sujunut Artj\u00e4rvell\u00e4 keskell\u00e4 suurta sotaharjoitusta \u2013 &#8221;Kivaa p\u00f6hin\u00e4\u00e4&#8221; | P\u00e4ij\u00e4t-H\u00e4me"},"content":{"rendered":"<p>K\u00e4vimme kysym\u00e4ss\u00e4 paikallisilta, miten Puolustusvoimien j\u00e4rjest\u00e4m\u00e4 maasotaharjoitus on Artj\u00e4rvell\u00e4 n\u00e4kynyt.<\/p>\n<p>Orimattilan Artj\u00e4rvell\u00e4 on viime p\u00e4ivin\u00e4 n\u00e4kynyt runsaasti armeijan kalustoa, ja mets\u00e4st\u00e4 on saattanut kuulua laukauksia ja muutakin \u00e4\u00e4nt\u00e4. Alueella sijaitsee Puolustusvoimien torstaihin saakka jatkuvan maasotaharjoituksen p\u00e4\u00e4taistelualue. Paikalla on suljettu teit\u00e4 ja rajoitettu liikkumista harjoituksen takia. Joillekin tonteille tai niilt\u00e4 pois ei ole ollut asiaa ilman Puolustusvoimien saattoautoa.<\/p>\n","protected":false},"excerpt":{"rendered":"K\u00e4vimme kysym\u00e4ss\u00e4 paikallisilta, miten Puolustusvoimien j\u00e4rjest\u00e4m\u00e4 maasotaharjoitus on Artj\u00e4rvell\u00e4 n\u00e4kynyt. Orimattilan Artj\u00e4rvell\u00e4 on viime p\u00e4ivin\u00e4 n\u00e4kynyt runsaasti armeijan&hellip;\n","protected":false},"author":2,"featured_media":105409,"comment_status":"","ping_status":"","sticky":false,"template":"","format":"standard","meta":{"footnotes":""},"categories":[5],"tags":[802,19886,22,23,26,27,33,31,30,17,24,25,28,29,15,7277,18,21,878,19887,4098,32,19,20,16],"class_list":{"0":"post-105408","1":"post","2":"type-post","3":"status-publish","4":"format-standard","5":"has-post-thumbnail","7":"category-otsikot","8":"tag-armeijat-ja-aseelliset-joukot","9":"tag-artjarvi","10":"tag-breaking-news","11":"tag-breakingnews","12":"tag-featured-news","13":"tag-featurednews","14":"tag-fi","15":"tag-finland","16":"tag-finnish","17":"tag-headlines","18":"tag-latest-news","19":"tag-latestnews","20":"tag-main-news","21":"tag-mainnews","22":"tag-news","23":"tag-orimattila","24":"tag-otsikot","25":"tag-paauutiset","26":"tag-puolustus-ja-rajavalvonta-maanpuolustus","27":"tag-sotaharjoitus","28":"tag-suomen-puolustusvoimat","29":"tag-suomi","30":"tag-top-stories","31":"tag-topstories","32":"tag-uutiset"},"share_on_mastodon":{"url":"https:\/\/pubeurope.com\/@fi\/115648136676071775","error":""},"_links":{"self":[{"href":"https:\/\/www.europesays.com\/fi\/wp-json\/wp\/v2\/posts\/105408","targetHints":{"allow":["GET"]}}],"collection":[{"href":"https:\/\/www.europesays.com\/fi\/wp-json\/wp\/v2\/posts"}],"about":[{"href":"https:\/\/www.europesays.com\/fi\/wp-json\/wp\/v2\/types\/post"}],"author":[{"embeddable":true,"href":"https:\/\/www.europesays.com\/fi\/wp-json\/wp\/v2\/users\/2"}],"replies":[{"embeddable":true,"href":"https:\/\/www.europesays.com\/fi\/wp-json\/wp\/v2\/comments?post=105408"}],"version-history":[{"count":0,"href":"https:\/\/www.europesays.com\/fi\/wp-json\/wp\/v2\/posts\/105408\/revisions"}],"wp:featuredmedia":[{"embeddable":true,"href":"https:\/\/www.europesays.com\/fi\/wp-json\/wp\/v2\/media\/105409"}],"wp:attachment":[{"href":"https:\/\/www.europesays.com\/fi\/wp-json\/wp\/v2\/media?parent=105408"}],"wp:term":[{"taxonomy":"category","embeddable":true,"href":"https:\/\/www.europesays.com\/fi\/wp-json\/wp\/v2\/categories?post=105408"},{"taxonomy":"post_tag","embeddable":true,"href":"https:\/\/www.europesays.com\/fi\/wp-json\/wp\/v2\/tags?post=105408"}],"curies":[{"name":"wp","href":"https:\/\/api.w.org\/{rel}","templated":true}]}}