{"id":105412,"date":"2025-12-02T04:59:10","date_gmt":"2025-12-02T04:59:10","guid":{"rendered":"https:\/\/www.europesays.com\/fi\/105412\/"},"modified":"2025-12-02T04:59:10","modified_gmt":"2025-12-02T04:59:10","slug":"lahes-miljoona-euroa-julkista-rahaa-suksitutkimukseen-taman-kaksikon-harteilla-on-suurvastuu-suomen-olympiamenestyksesta-urheilu","status":"publish","type":"post","link":"https:\/\/www.europesays.com\/fi\/105412\/","title":{"rendered":"L\u00e4hes miljoona euroa julkista rahaa suksi\u00adtutkimukseen \u2013 t\u00e4m\u00e4n kaksikon harteilla on suurvastuu Suomen olympia\u00admenestyksest\u00e4 | Urheilu"},"content":{"rendered":"<ul class=\"aw-1jjocuh iJTSwP yle__article__list yle__article__list--ul\">\n<li class=\"aw-1j7gwms gNYKfi\">Tutkijat Olli Ohtonen ja Teemu Lemmettyl\u00e4 johtavat laajaa hanketta, joka hakee Suomelle kilpailuetua seuraavien talviolympialaisten suksihuollossa.<\/li>\n<li class=\"aw-1j7gwms gNYKfi\">Kaksikko ker\u00e4\u00e4 dataa esimerkiksi Italian haastavista olympiaolosuhteista ja keskittyy erityisesti suksien hiontakuvioihin.<\/li>\n<li class=\"aw-1j7gwms gNYKfi\">Kainuun liitto on my\u00f6nt\u00e4nyt hankkeelle 845 000 euron rahoituksen.<\/li>\n<\/ul>\n<p class=\"aw-1gybjub aw-1p7kakr kEtdKx cEmitX yle__article__paragraph\">T\u00e4m\u00e4 on teko\u00e4lyn avulla tuotettu, toimittajan tarkistama tiivistelm\u00e4.<\/p>\n<p class=\"aw-1gybjub aw-1p7kakr kEtdKx cEmitX yle__article__paragraph\">Viel\u00e4 ei tiedet\u00e4, saavatko suomalaiset urheilijat suksistaan kilpailuetua Milano-Cortinan olympiakisoissa helmikuussa. Mutta yksi asia on varmaa: t\u00e4m\u00e4n tavoitteen hyv\u00e4ksi koko olympiadin t\u00f6it\u00e4 paiskineet <strong class=\"aw-ak79eh KyCXm yle__article__strong\">Olli Ohtonen<\/strong> ja <strong class=\"aw-ak79eh KyCXm yle__article__strong\">Teemu Lemmettyl\u00e4<\/strong> tuovat kisamatkalta Italiasta tuliaisiksi parempaa punaviini\u00e4 kuin Pekingin olympiareissulta 2022.<\/p>\n<p class=\"aw-1gybjub aw-1p7kakr kEtdKx cEmitX yle__article__paragraph\">Kun Suomen suksihuollollekin erinomaiset olympiakisat Pekingiss\u00e4 olivat p\u00e4\u00e4ttyneet, Lemmettyl\u00e4 osti pullon paikallista Great Wall -punaviini\u00e4, jolla oli tutkapari Ohtosen kanssa tarkoitus koti-Suomessa juhlistaa loistavaa onnistumista kisoissa.<\/p>\n<p class=\"aw-1gybjub aw-1p7kakr kEtdKx cEmitX yle__article__paragraph\">\u2013 Pullo on edelleen avaamatta kotonani. N\u00e4en sen joka p\u00e4iv\u00e4, Lemmettyl\u00e4 totesi Kuusamon Rukalla lauantaina.<\/p>\n<p class=\"aw-1gybjub aw-1p7kakr kEtdKx cEmitX yle__article__paragraph\">Kyseist\u00e4 tuotetta maistaneet tiet\u00e4v\u00e4t, ett\u00e4 Great Wall -punaviini on parhaimmillaan juuri pysyv\u00e4sti suljetussa pullossa.<\/p>\n<p>Akateemista raskassarjaa<\/p>\n<p class=\"aw-1gybjub aw-1p7kakr kEtdKx cEmitX yle__article__paragraph\">Jyv\u00e4skyl\u00e4n yliopiston Vuokatissa sijaitsevan liikuntateknologian yksik\u00f6n ja Olympiavalmennuskeskus Vuokatti-Rukan lukuun Suomen suksimaajoukkueille olosuhdetutkimusta tekev\u00e4 kaksikko ei ole akateemisesti h\u00f6yhensarjaa.<\/p>\n<p class=\"aw-1gybjub aw-1p7kakr kEtdKx cEmitX yle__article__paragraph\">\u2013 Olemme maailman ylikoulutetuimmat suksitestaajat, luonnehtii v\u00e4it\u00f6skirjatutkija Lemmettyl\u00e4 itse\u00e4\u00e4n ja liikuntatieteiden tohtori Ohtosta.<\/p>\n<p class=\"aw-1gybjub aw-1p7kakr kEtdKx cEmitX yle__article__paragraph\">Lemmettyl\u00e4n v\u00e4it\u00f6ksen aihe liittyy ty\u00f6nkuvaan osuvasti kitkaan.<\/p>\n<p class=\"aw-1gybjub aw-1p7kakr kEtdKx cEmitX yle__article__paragraph\">Haastattelup\u00e4iv\u00e4n\u00e4 kaksikon ty\u00f6p\u00e4iv\u00e4 on alkanut Suomen huoltorekalta kello 6.30. Olympiakisoissa, kuten muissakin arvokisoissa, duo muun muassa testaa suksia aamusta iltaan.<\/p>\n<p><img decoding=\"async\" alt=\"Olli Ohtonen, hiihdon MM-kilpailut, Planica, Slovenia 21.2.2023.\" src=\"https:\/\/www.europesays.com\/fi\/wp-content\/uploads\/2025\/11\/39-107615363f5f3487f19c.jpeg\" loading=\"lazy\" class=\"aw-1l9m598 hKVVvP\"\/><\/p>\n<p>Avaa kuvien katselu<\/p>\n<p>T\u00e4t\u00e4 ty\u00f6t\u00e4 Olli Ohtonen ja Teemu Lemmettyl\u00e4 tekev\u00e4t loputtomiin arvokisojen yhteydess\u00e4: suksien testaamista aamusta iltaan. Kuva: Tomi H\u00e4nninen &#8211; Chilipictures<\/p>\n<p class=\"aw-1gybjub aw-1p7kakr kEtdKx cEmitX yle__article__paragraph\">Vuonna 2023 kaksikko ideoi projektin, johon julkisista rahoitusl\u00e4hteist\u00e4 osui suorastaan j\u00e4ttipotti. Kainuun liitto my\u00f6nsi Suksihuollon kehitt\u00e4mishanke Olympiavalmennuskeskus Vuokatti-Rukan lajeissa -nimiselle hankkeelle per\u00e4ti noin 845 000 euron tutkimusrahoituksen.<\/p>\n<p class=\"aw-1gybjub aw-1p7kakr kEtdKx cEmitX yle__article__paragraph\">Ohtonen ja Lemmettyl\u00e4 ovat toimineet t\u00e4m\u00e4n vuoden lopussa p\u00e4\u00e4ttyv\u00e4n hankkeen projektip\u00e4\u00e4llikk\u00f6in\u00e4.<\/p>\n<p>Suksenpohjiin melkein miljoona?<\/p>\n<p class=\"aw-1gybjub aw-1p7kakr kEtdKx cEmitX yle__article__paragraph\">Ohtosta naurattaa, kun h\u00e4nelt\u00e4 kysyy, miten ihmeess\u00e4 suksenpohjien tutkimiseen voidaan upottaa l\u00e4hes miljoonaluokan summa julkista rahaa.<\/p>\n<p class=\"aw-1gybjub aw-1p7kakr kEtdKx cEmitX yle__article__paragraph\">\u2013 Rahoituksesta noin viidennes on yksityist\u00e4 rahaa muun muassa voidevalmistajilta. Hanke on t\u00e4ysin l\u00e4pin\u00e4kyv\u00e4. Tutkimussuunnitelma on julkinen samoin kuin kev\u00e4\u00e4ll\u00e4 valmistuva loppuraportti. T\u00e4m\u00e4 projekti on tehty suomalaisen suksiurheilun kehitt\u00e4miseksi, ja sen vaikutuspiiriss\u00e4 on suoraan noin 200 urheilijaa ja nelj\u00e4 lajiliittoa.<\/p>\n<p class=\"aw-1gybjub aw-1p7kakr kEtdKx cEmitX yle__article__paragraph\">Kainuun liiton innostuminen aiheesta selittyy sill\u00e4, ett\u00e4 suksiurheilun merkitys maakunnassa on kaikilla tavoilla eritt\u00e4in suuri.<\/p>\n<p class=\"aw-1gybjub aw-1p7kakr kEtdKx cEmitX yle__article__paragraph\">Lemmettyl\u00e4 korostaa, ettei hanke miss\u00e4\u00e4n nimess\u00e4 ole ollut pelkk\u00e4\u00e4 maastohiihtosuksien tutkimista esimerkiksi voitelun tai hiontakuvioiden muodossa. Mukana ovat olleet kaikkien suksilajien v\u00e4lineet.<\/p>\n<p class=\"aw-1gybjub aw-1p7kakr kEtdKx cEmitX yle__article__paragraph\">\u2013 Tutkimus koostuu useasta eri paketista, kuten suksihionnat, suksihuoltoalan koulutuksen kehitt\u00e4minen, suksitestitietokannan kehitt\u00e4minen ja mittausteknologiat, Ohtonen selvitt\u00e4\u00e4.<\/p>\n<p>Hiontakuviot korostuvat<\/p>\n<p class=\"aw-1gybjub aw-1p7kakr kEtdKx cEmitX yle__article__paragraph\">Maastohiihdossa kilpailuedun ottaminen suksihionnassa voi olla valtavan merkityksellinen asia, joka korostuu entisest\u00e4\u00e4n Val di Fiemmen olympialatujen haastavissa, usein huoltotiimit yll\u00e4tt\u00e4viss\u00e4 oloissa.<\/p>\n<p class=\"aw-1gybjub aw-1p7kakr kEtdKx cEmitX yle__article__paragraph\">Ohtonen ja Lemmettyl\u00e4 k\u00e4viv\u00e4t jo viime helmikuussa kisa-ajankohtaan tutkimassa, mik\u00e4 suksihuoltajia ensi helmikuussa odottaa. Samanlaisia, ty\u00f6l\u00e4it\u00e4 tutkimusmatkoja tehd\u00e4\u00e4n tyypillisesti kaikille arvokisapaikkakunnille.<\/p>\n<p><img decoding=\"async\" alt=\"Hiiht\u00e4ji\u00e4 Kuusamossa.\" src=\"https:\/\/www.europesays.com\/fi\/wp-content\/uploads\/2025\/12\/39-1561905692c3a7fec4c9.jpeg\" loading=\"lazy\" class=\"aw-1l9m598 hKVVvP\"\/><\/p>\n<p>Avaa kuvien katselu<\/p>\n<p>Suksitutkimusty\u00f6t\u00e4 on tehty, jotta Lauri Vuorisella (oik.) ja muilla suomalaishiiht\u00e4jill\u00e4 olisi v\u00e4lineiden kautta kilpailuetua Milano-Cortinan olympiakisoissa. Kuva: Tomi H\u00c3\u00a4nninen<\/p>\n<p class=\"aw-1gybjub aw-1p7kakr kEtdKx cEmitX yle__article__paragraph\">\u2013 T\u00e4llaisten tutkimusprojektien yksi tavoite on antaa kentt\u00e4tason ty\u00f6ntekij\u00f6ille tutkittua, tieteellist\u00e4 selk\u00e4nojaa. Kun menn\u00e4\u00e4n esimerkiksi olympiakisoihin, on eritt\u00e4in t\u00e4rke\u00e4\u00e4, ettei siell\u00e4 l\u00e4hdet\u00e4 nollapisteest\u00e4 eik\u00e4 edes sen tuntumasta, vaan on jo hankittu tukeva datapankki, Ohtonen sanoo.<\/p>\n<p class=\"aw-1gybjub aw-1p7kakr kEtdKx cEmitX yle__article__paragraph\">\u2013 Onnistumisen todenn\u00e4k\u00f6isyyksien kasvattamisestahan huippu-urheilussa on pohjimmiltaan kyse, sanoo Lemmettyl\u00e4.<\/p>\n<p class=\"aw-1gybjub aw-1p7kakr kEtdKx cEmitX yle__article__paragraph\">Ohtonen muistuttaa, ett\u00e4 vaikka pian on p\u00e4\u00e4ttym\u00e4ss\u00e4 Suomen oloissa mittava tutkimusprojekti, mit\u00e4\u00e4n ylimaallista kilpailuetua ei ole olympiakisoissa luvassa.<\/p>\n<p class=\"aw-1gybjub aw-1p7kakr kEtdKx cEmitX yle__article__paragraph\">\u2013 T\u00e4llaista tutkimusta tehd\u00e4\u00e4n my\u00f6s verrokki- ja kilpailijamaissa, ja my\u00f6s niiss\u00e4 sit\u00e4 tehd\u00e4\u00e4n julkisellakin rahoituksella.<\/p>\n<p>Ei p\u00e4\u00e4valmentajaksi<\/p>\n<p class=\"aw-1gybjub aw-1p7kakr kEtdKx cEmitX yle__article__paragraph\">Kun projekti 2023 alkoi, hiihtomaailman suuri puheenaihe oli tuore fluorivoidekielto, jonka ep\u00e4iltiin mullistavan kilpahiihtoa perusteellisesti. K\u00e4vi kuitenkin niin, ett\u00e4 markkinat hoitivat asian kuntoon.<\/p>\n<p class=\"aw-1gybjub aw-1p7kakr kEtdKx cEmitX yle__article__paragraph\">\u2013 Fluorittomien voiteiden tuotekehitys on ollut jopa h\u00e4mment\u00e4v\u00e4n nopeaa, Ohtonen sanoo.<\/p>\n<p>Olli Ohtosen ja Iivo Niskasen yhteisty\u00f6 2013-2025 oli huikea menestystarina, joka tuotti mm. kolme olympiavoittoa ja maailmanmestaruuden.<\/p>\n<p class=\"aw-1gybjub aw-1p7kakr kEtdKx cEmitX yle__article__paragraph\">Olli Ohtonen on hiihtomaailman johtavia tutkijoita. Julkisuudessa h\u00e4net tunnetaan paremmin <strong class=\"aw-ak79eh KyCXm yle__article__strong\">Iivo Niskasen<\/strong> ex-valmentajana.<\/p>\n<p class=\"aw-1gybjub aw-1p7kakr kEtdKx cEmitX yle__article__paragraph\">Suomen hiihtoliiton silmiss\u00e4 tutkijaguru kuului vuorenvarmasti k\u00e4rkinimiin, kun j\u00e4rjest\u00f6ss\u00e4 alettiin pohtia seuraajaa kev\u00e4\u00e4ll\u00e4 p\u00e4\u00e4valmentajan ty\u00f6st\u00e4 vet\u00e4ytyv\u00e4lle <strong class=\"aw-ak79eh KyCXm yle__article__strong\">Teemu Pasaselle<\/strong>.<\/p>\n<p class=\"aw-1gybjub aw-1p7kakr kEtdKx cEmitX yle__article__paragraph\">\u2013 Jos sellainen kysymys tulisi, niin vastaisin, ett\u00e4 viihdyn nykyisess\u00e4 ty\u00f6ss\u00e4ni eritt\u00e4in hyvin, kyseisest\u00e4 pestist\u00e4 aiemminkin kielt\u00e4ytynyt Ohtonen naurahtaa.<\/p>\n","protected":false},"excerpt":{"rendered":"Tutkijat Olli Ohtonen ja Teemu Lemmettyl\u00e4 johtavat laajaa hanketta, joka hakee Suomelle kilpailuetua seuraavien talviolympialaisten suksihuollossa. Kaksikko ker\u00e4\u00e4&hellip;\n","protected":false},"author":2,"featured_media":105413,"comment_status":"","ping_status":"","sticky":false,"template":"","format":"standard","meta":{"footnotes":""},"categories":[158],"tags":[33,31,30,2095,17957,1988,159,19888,32,2775,472,160],"class_list":{"0":"post-105412","1":"post","2":"type-post","3":"status-publish","4":"format-standard","5":"has-post-thumbnail","7":"category-urheilu","8":"tag-fi","9":"tag-finland","10":"tag-finnish","11":"tag-hiihto","12":"tag-olli-ohtonen","13":"tag-sotkamo","14":"tag-sports","15":"tag-sukset","16":"tag-suomi","17":"tag-talviolympialaiset","18":"tag-tutkimus","19":"tag-urheilu"},"share_on_mastodon":{"url":"https:\/\/pubeurope.com\/@fi\/115648211832798488","error":""},"_links":{"self":[{"href":"https:\/\/www.europesays.com\/fi\/wp-json\/wp\/v2\/posts\/105412","targetHints":{"allow":["GET"]}}],"collection":[{"href":"https:\/\/www.europesays.com\/fi\/wp-json\/wp\/v2\/posts"}],"about":[{"href":"https:\/\/www.europesays.com\/fi\/wp-json\/wp\/v2\/types\/post"}],"author":[{"embeddable":true,"href":"https:\/\/www.europesays.com\/fi\/wp-json\/wp\/v2\/users\/2"}],"replies":[{"embeddable":true,"href":"https:\/\/www.europesays.com\/fi\/wp-json\/wp\/v2\/comments?post=105412"}],"version-history":[{"count":0,"href":"https:\/\/www.europesays.com\/fi\/wp-json\/wp\/v2\/posts\/105412\/revisions"}],"wp:featuredmedia":[{"embeddable":true,"href":"https:\/\/www.europesays.com\/fi\/wp-json\/wp\/v2\/media\/105413"}],"wp:attachment":[{"href":"https:\/\/www.europesays.com\/fi\/wp-json\/wp\/v2\/media?parent=105412"}],"wp:term":[{"taxonomy":"category","embeddable":true,"href":"https:\/\/www.europesays.com\/fi\/wp-json\/wp\/v2\/categories?post=105412"},{"taxonomy":"post_tag","embeddable":true,"href":"https:\/\/www.europesays.com\/fi\/wp-json\/wp\/v2\/tags?post=105412"}],"curies":[{"name":"wp","href":"https:\/\/api.w.org\/{rel}","templated":true}]}}