{"id":105416,"date":"2025-12-02T05:03:08","date_gmt":"2025-12-02T05:03:08","guid":{"rendered":"https:\/\/www.europesays.com\/fi\/105416\/"},"modified":"2025-12-02T05:03:08","modified_gmt":"2025-12-02T05:03:08","slug":"huoltoasemat-murska-arviot-saanut-huili-ketju-avattiin-helsinkiin-voivat-herattaa-tunteita-paikalliset","status":"publish","type":"post","link":"https:\/\/www.europesays.com\/fi\/105416\/","title":{"rendered":"Huoltoasemat | Murska-arviot saanut Huili-ketju avattiin Helsinkiin \u2013 &#8221;Voivat her\u00e4tt\u00e4\u00e4 tunteita&#8221; | Paikalliset"},"content":{"rendered":"<p>Helsingin ensimm\u00e4inen Huili-taukopaikka avattiin viime viikolla Neste Malmi Helsinkiin (Pihlajam\u00e4entie 37).<\/p>\n<p>Palveluihin kuuluu muun muassa aamiaispuuro. Vitriinist\u00e4 myyd\u00e4\u00e4n pullaa ja s\u00e4mpyl\u00f6it\u00e4. Huilissa on my\u00f6s myym\u00e4l\u00e4.<\/p>\n<p>Huili on Restelin uusi konsepti, joka toimii Neste-asemien yhteydess\u00e4. Taukopaikkoja on m\u00e4\u00e4r\u00e4 olla t\u00e4m\u00e4n vuoden loppuun menness\u00e4 33 eri puolilla Suomea.<\/p>\n<p>Huili on saanut kovaakin kritiikki\u00e4 viime aikoina.<\/p>\n<p>Esimerkiksi Vantaan Tammiston Huili on her\u00e4tt\u00e4nyt huomiota huonoilla Google-arvosteluilla. 65 \u00e4\u00e4nen keskiarvo on vain 2.8\/5. Joukossa on paljon sek\u00e4 viiden t\u00e4hden ett\u00e4 etenkin yhden t\u00e4hden arvosteluja. Ketju uskoo, ett\u00e4 arvostelut ovat aitoja.<\/p>\n<p>\u2013\u2009Tammiston asema on ollut yksi ensimm\u00e4isist\u00e4 avauksista ja luonnollisesti saanut eniten palautetta, sek\u00e4 my\u00f6nteist\u00e4 ett\u00e4 kriittist\u00e4. Olemme tarkastelleet arvosteluja, mutta meill\u00e4 ei ole viitteit\u00e4 tahallisesta manipuloinnista, Restel Taukopaikkojen liiketoimintajohtaja<strong> <\/strong> <strong>Tarja Kuittinen<\/strong> sanoo Helsingin Uutisille.<\/p>\n<p>\t\t<a class=\"diks-gallery__link\" href=\"https:\/\/i.media.fi\/incoming\/y217md\/11178166.jpg\/alternates\/FREE_1440\/11178166.jpg\" data-thumbnail=\"\" data-sub-html=\"Malmin Huili tarjoaa monia erilaisia pullavaihtoehtoja. Aapo Siippainen\" aria-label=\"Katso isompi kuva\" rel=\"nofollow noopener\" target=\"_blank\"><br \/>\n\t\t\t\t<img class=\"diks-figure__image\" src=\"https:\/\/www.europesays.com\/fi\/wp-content\/uploads\/2025\/12\/11178166.jpg\" loading=\"lazy\" decoding=\"sync\" alt=\"\"\/><\/p>\n<p>\t\t\t<\/a><br \/>\n\t\t\t\t\tMalmin Huili tarjoaa monia erilaisia pullavaihtoehtoja. Aapo Siippainen<\/p>\n<p>Kuittinen sanoo, ett\u00e4 ketju on seurannut palautetta tarkasti.<\/p>\n<p>\u2013\u2009Otamme sen eritt\u00e4in vakavasti. Ymm\u00e4rr\u00e4mme my\u00f6s, ett\u00e4 uudet konseptit voivat her\u00e4tt\u00e4\u00e4 tunteita \u2013 joskus muutos voi tuntua suurelta, varsinkin jos on tottunut tietynlaiseen tarjontaan. Siksi kuuntelemme asiakkaita herk\u00e4ll\u00e4 korvalla ja pyrimme reagoimaan mahdollisimman nopeasti.<\/p>\n<p>\t\t<a class=\"diks-gallery__link\" href=\"https:\/\/i.media.fi\/incoming\/yhifdl\/11178165.jpg\/alternates\/FREE_1440\/11178165.jpg\" data-thumbnail=\"\" data-sub-html=\"Malmin Huili. Aapo Siippainen\" aria-label=\"Katso isompi kuva\" rel=\"nofollow noopener\" target=\"_blank\"><br \/>\n\t\t\t\t<img class=\"diks-figure__image\" src=\"https:\/\/www.europesays.com\/fi\/wp-content\/uploads\/2025\/12\/11178165.jpg\" loading=\"lazy\" decoding=\"sync\" alt=\"\"\/><\/p>\n<p>\t\t\t<\/a><br \/>\n\t\t\t\t\tMalmin Huili. Aapo Siippainen<\/p>\n<p><a href=\"https:\/\/www.is.fi\/taloussanomat\/art-2000011614731.html\" rel=\"nofollow noopener\" target=\"_blank\">Ilta-Sanomat<\/a> kertoi marraskuun alussa, ett\u00e4 Lapinj\u00e4rven Huili on j\u00e4rkytt\u00e4nyt myym\u00e4l\u00e4n hinnoillaan. Esimerkiksi Juhla Mokka -paketti maksoi 13,30 euroa.<\/p>\n<p>\u2013\u2009Huili ei ole suora jatkaja Pukaron Paronin markettikonseptille, joten vertailu entisiin hintoihin ei anna oikeaa kuvaa toiminnastamme, Kuittinen kommentoi Ilta-Sanomille.<\/p>\n<p>Malmin Huililla Juhla Mokka -kahvipaketti maksoi viime sunnuntaina 10,90 euroa.<\/p>\n<p>Huilia on pidetty ABC:n haastajana. Vantaan Tammistossa on buffet-lounas ala carte, ja Burger King, mutta esimerkiksi pienemm\u00e4ll\u00e4 Malmin asemalla ei. Seuraava Huili avataan Hermannin Nesteelle perjantaina 5. joulukuuta. Ikonisen El\u00e4intarhaan Nesteen vuoro on 22. joulukuuta. <\/p>\n<p>El\u00e4intarhan huoltoasemalle tulee Malmia ja Hermannia laajemmat ravintolapalvelut. My\u00f6s Mets\u00e4l\u00e4\u00e4n tulee Huili, mutta sen avaamisajankohtaa ei ole viel\u00e4 vahvistettu.<\/p>\n<p>Huoltoasemat ovat isossa murroksessa Teboilin alasajon vuoksi.<a href=\"https:\/\/paatokset.hel.fi\/fi\/paattajat\/kaupunkiymparistolautakunnan-rakennusten-ja-yleisten-alueiden-jaosto\" rel=\"nofollow noopener\" target=\"_blank\"> Pakilan Teboilin yritt\u00e4j\u00e4t vetiv\u00e4t marraskuussa salkoon uuden Bensalenkkarit Oy:n lipun.<\/a><\/p>\n","protected":false},"excerpt":{"rendered":"Helsingin ensimm\u00e4inen Huili-taukopaikka avattiin viime viikolla Neste Malmi Helsinkiin (Pihlajam\u00e4entie 37). Palveluihin kuuluu muun muassa aamiaispuuro. Vitriinist\u00e4 myyd\u00e4\u00e4n&hellip;\n","protected":false},"author":2,"featured_media":105417,"comment_status":"","ping_status":"","sticky":false,"template":"","format":"standard","meta":{"footnotes":""},"categories":[76],"tags":[6406,79,77,33,31,30,405,104,11323,667,900,2331,32,78],"class_list":{"0":"post-105416","1":"post","2":"type-post","3":"status-publish","4":"format-standard","5":"has-post-thumbnail","7":"category-talous","8":"tag-burger-king","9":"tag-business","10":"tag-economy","11":"tag-fi","12":"tag-finland","13":"tag-finnish","14":"tag-helsingin-seutukunta","15":"tag-helsinki","16":"tag-lapinjarvi","17":"tag-lappi","18":"tag-ruoka","19":"tag-ruoka-ja-juoma","20":"tag-suomi","21":"tag-talous"},"share_on_mastodon":{"url":"https:\/\/pubeurope.com\/@fi\/115648227514143115","error":""},"_links":{"self":[{"href":"https:\/\/www.europesays.com\/fi\/wp-json\/wp\/v2\/posts\/105416","targetHints":{"allow":["GET"]}}],"collection":[{"href":"https:\/\/www.europesays.com\/fi\/wp-json\/wp\/v2\/posts"}],"about":[{"href":"https:\/\/www.europesays.com\/fi\/wp-json\/wp\/v2\/types\/post"}],"author":[{"embeddable":true,"href":"https:\/\/www.europesays.com\/fi\/wp-json\/wp\/v2\/users\/2"}],"replies":[{"embeddable":true,"href":"https:\/\/www.europesays.com\/fi\/wp-json\/wp\/v2\/comments?post=105416"}],"version-history":[{"count":0,"href":"https:\/\/www.europesays.com\/fi\/wp-json\/wp\/v2\/posts\/105416\/revisions"}],"wp:featuredmedia":[{"embeddable":true,"href":"https:\/\/www.europesays.com\/fi\/wp-json\/wp\/v2\/media\/105417"}],"wp:attachment":[{"href":"https:\/\/www.europesays.com\/fi\/wp-json\/wp\/v2\/media?parent=105416"}],"wp:term":[{"taxonomy":"category","embeddable":true,"href":"https:\/\/www.europesays.com\/fi\/wp-json\/wp\/v2\/categories?post=105416"},{"taxonomy":"post_tag","embeddable":true,"href":"https:\/\/www.europesays.com\/fi\/wp-json\/wp\/v2\/tags?post=105416"}],"curies":[{"name":"wp","href":"https:\/\/api.w.org\/{rel}","templated":true}]}}