{"id":105420,"date":"2025-12-02T05:05:09","date_gmt":"2025-12-02T05:05:09","guid":{"rendered":"https:\/\/www.europesays.com\/fi\/105420\/"},"modified":"2025-12-02T05:05:09","modified_gmt":"2025-12-02T05:05:09","slug":"k-u-suomi-karkottaa-suositun-ravintolan-yrittajan-nain-han-kommentoi-kyyneleet-silmissaan-olen-sokissa","status":"publish","type":"post","link":"https:\/\/www.europesays.com\/fi\/105420\/","title":{"rendered":"K-U: Suomi karkottaa suositun ravintolan yritt\u00e4j\u00e4n \u2013 N\u00e4in h\u00e4n kommentoi kyyneleet silmiss\u00e4\u00e4n: \u201dOlen \u0161okissa\u201d"},"content":{"rendered":"<p>Sri Lankasta l\u00e4ht\u00f6isin oleva Nafraz Nazeer ty\u00f6llist\u00e4\u00e4 seitsem\u00e4n ihmist\u00e4 ja h\u00e4nell\u00e4 ei ole rikostaustaa, kertoo Keski-Uusimaa.<\/p>\n<p><img decoding=\"async\" class=\"image image-show image-preview\" src=\"https:\/\/www.europesays.com\/fi\/wp-content\/uploads\/2025\/12\/bedbb5286fe71ab34e2d13dec1f7705ba3ba515132c6a28d77104f5bb6e1a082.jpg\" alt=\"\"\/><img decoding=\"async\" class=\"image image-show\" src=\"https:\/\/www.europesays.com\/fi\/wp-content\/uploads\/2025\/12\/1764651909_815_bedbb5286fe71ab34e2d13dec1f7705ba3ba515132c6a28d77104f5bb6e1a082.jpg\" alt=\"\"\/><\/p>\n<p>Italialaista ruokaa tarjoilevan Dell\u2019Amoren valikoimasta l\u00f6ytyy muun muassa pizzoja ja pastoja. Kuvituskuva.  Anniina Nikander<\/p>\n<p class=\"paragraph\">Tuusulassa menestyksek\u00e4st\u00e4 Dell\u2019Amore -ravintolaa py\u00f6ritt\u00e4v\u00e4, Sri Lankasta l\u00e4ht\u00f6isin oleva ravintolayritt\u00e4j\u00e4 <strong>Nafraz Nazeer<\/strong> karkotetaan Suomesta, kertoo <a href=\"https:\/\/www.keski-uusimaa.fi\/paikalliset\/9033218\" target=\"_blank\" rel=\"noopener nofollow\">Keski-Uusimaa<\/a>.<\/p>\n<p class=\"paragraph\">Maahanmuuttovirastolta saadun ilmoituksen mukaan h\u00e4nen on poistuttava maasta 4. joulukuuta.<\/p>\n<p class=\"paragraph\">Vuoden Suomessa asuneen Nazeerin yritys ty\u00f6llist\u00e4\u00e4 seitsem\u00e4n ihmist\u00e4. H\u00e4nell\u00e4 ei ole rikostaustaa ja h\u00e4n on maksanut veronsa, kertoo Keski-Uusimaa.<\/p>\n<p class=\"paragraph\">\u2013 Olen \u0161okissa, Nazeer sanoo lehdelle kyyneleet silm\u00e4kulmissaan.<\/p>\n<p class=\"paragraph\">H\u00e4n oli hakenut yritt\u00e4j\u00e4n oleskelulupaa helmikuussa, johon tuli kielteinen p\u00e4\u00e4t\u00f6s marraskuussa. P\u00e4\u00e4t\u00f6ksen perustelussa todetaan, ett\u00e4 Nazeerin kotimaa Sri Lanka ei ole viisumivapaa maa, ja hakija on saapunut Suomeen Saksan my\u00f6nt\u00e4m\u00e4ll\u00e4 viisumilla.<\/p>\n<p class=\"paragraph\">Keski-Uusimaa kertoo Nazeerin sijoittaneen ravintolaansa kymmeni\u00e4 tuhansia euroja.<\/p>\n<p class=\"paragraph\">\u2013 Olen avoimesti perustanut yrityksen, maksanut veroni, palkannut henkil\u00f6kuntaa ja maksanut heille palkat ajallaan.<\/p>\n<p class=\"paragraph\">Nazeer on valittanut Maahanmuuttoviraston antamasta p\u00e4\u00e4t\u00f6ksest\u00e4 Helsingin hallinto-oikeuteen.<\/p>\n","protected":false},"excerpt":{"rendered":"Sri Lankasta l\u00e4ht\u00f6isin oleva Nafraz Nazeer ty\u00f6llist\u00e4\u00e4 seitsem\u00e4n ihmist\u00e4 ja h\u00e4nell\u00e4 ei ole rikostaustaa, kertoo Keski-Uusimaa. Italialaista ruokaa&hellip;\n","protected":false},"author":2,"featured_media":105421,"comment_status":"","ping_status":"","sticky":false,"template":"","format":"standard","meta":{"footnotes":""},"categories":[12],"tags":[35,22,23,26,27,33,31,30,17,53,24,25,28,29,15,18,21,637,32,19,20,860,3512,3515,16],"class_list":{"0":"post-105420","1":"post","2":"type-post","3":"status-publish","4":"format-standard","5":"has-post-thumbnail","7":"category-suomi","8":"tag-24h","9":"tag-breaking-news","10":"tag-breakingnews","11":"tag-featured-news","12":"tag-featurednews","13":"tag-fi","14":"tag-finland","15":"tag-finnish","16":"tag-headlines","17":"tag-laki-oikeus-ja-rikos","18":"tag-latest-news","19":"tag-latestnews","20":"tag-main-news","21":"tag-mainnews","22":"tag-news","23":"tag-otsikot","24":"tag-paauutiset","25":"tag-politiikka","26":"tag-suomi","27":"tag-top-stories","28":"tag-topstories","29":"tag-tyoelama","30":"tag-tyontekijat","31":"tag-tyovoima","32":"tag-uutiset"},"share_on_mastodon":{"url":"https:\/\/pubeurope.com\/@fi\/115648235129017979","error":""},"_links":{"self":[{"href":"https:\/\/www.europesays.com\/fi\/wp-json\/wp\/v2\/posts\/105420","targetHints":{"allow":["GET"]}}],"collection":[{"href":"https:\/\/www.europesays.com\/fi\/wp-json\/wp\/v2\/posts"}],"about":[{"href":"https:\/\/www.europesays.com\/fi\/wp-json\/wp\/v2\/types\/post"}],"author":[{"embeddable":true,"href":"https:\/\/www.europesays.com\/fi\/wp-json\/wp\/v2\/users\/2"}],"replies":[{"embeddable":true,"href":"https:\/\/www.europesays.com\/fi\/wp-json\/wp\/v2\/comments?post=105420"}],"version-history":[{"count":0,"href":"https:\/\/www.europesays.com\/fi\/wp-json\/wp\/v2\/posts\/105420\/revisions"}],"wp:featuredmedia":[{"embeddable":true,"href":"https:\/\/www.europesays.com\/fi\/wp-json\/wp\/v2\/media\/105421"}],"wp:attachment":[{"href":"https:\/\/www.europesays.com\/fi\/wp-json\/wp\/v2\/media?parent=105420"}],"wp:term":[{"taxonomy":"category","embeddable":true,"href":"https:\/\/www.europesays.com\/fi\/wp-json\/wp\/v2\/categories?post=105420"},{"taxonomy":"post_tag","embeddable":true,"href":"https:\/\/www.europesays.com\/fi\/wp-json\/wp\/v2\/tags?post=105420"}],"curies":[{"name":"wp","href":"https:\/\/api.w.org\/{rel}","templated":true}]}}