{"id":105422,"date":"2025-12-02T05:06:08","date_gmt":"2025-12-02T05:06:08","guid":{"rendered":"https:\/\/www.europesays.com\/fi\/105422\/"},"modified":"2025-12-02T05:06:08","modified_gmt":"2025-12-02T05:06:08","slug":"podcast-katja-stahl-rakkausuutinen","status":"publish","type":"post","link":"https:\/\/www.europesays.com\/fi\/105422\/","title":{"rendered":"Podcast: Katja St\u00e5hl: Rakkausuutinen"},"content":{"rendered":"<p>El\u00e4m\u00e4ni biisi -ohjelmastakin tuttu juontaja paljastaa podcastissa seurustelevansa.<\/p>\n<p><img decoding=\"async\" class=\"image image-show image-preview\" src=\"https:\/\/www.europesays.com\/fi\/wp-content\/uploads\/2025\/12\/2d59d6acf0d2951ec04c0ac40a233b3793f0158f0ee5dd623e29324471747686.jpg\" alt=\"\"\/><img decoding=\"async\" class=\"image image-show\" src=\"https:\/\/www.europesays.com\/fi\/wp-content\/uploads\/2025\/12\/1764651968_137_2d59d6acf0d2951ec04c0ac40a233b3793f0158f0ee5dd623e29324471747686.jpg\" alt=\"\"\/><\/p>\n<p>Katja St\u00e5hl vuonna 2024. Roosa Br\u00f6ijer<\/p>\n<p class=\"paragraph\">Juontaja <a href=\"https:\/\/www.iltalehti.fi\/henkilot\/Katja St\u00e5hl\" class=\"article-link-person-page\" rel=\"nofollow noopener\" target=\"_blank\">Katja St\u00e5hl<\/a> seurustelee. St\u00e5hl kertoo asiasta Saatan olla v\u00e4\u00e4r\u00e4ss\u00e4kin -podissa, jota voi kuunnella <a href=\"https:\/\/podimo.com\/fi\/shows\/saatan-olla-vaarassakin\" rel=\"noopener nofollow\" target=\"_blank\">Podimosta<\/a>.<\/p>\n<p class=\"paragraph\">\u2013 M\u00e4 seukkaan, St\u00e5hl paljastaa juontajakollega <a href=\"https:\/\/www.iltalehti.fi\/henkilot\/Kimmo Vehvil\u00e4inen\" class=\"article-link-person-page\" rel=\"nofollow noopener\" target=\"_blank\">Kimmo Vehvil\u00e4iselle<\/a>.<\/p>\n<p class=\"paragraph\">St\u00e5hl kertoo jaksossa, ett\u00e4 seurustelup\u00e4\u00e4t\u00f6s on tuore ja syntynyt nauhoituksia edelt\u00e4neen\u00e4 iltana. H\u00e4n t\u00e4smensi tavanneensa uuden kumppanin ensimm\u00e4ist\u00e4 kertaa kaksi kuukautta sitten.<\/p>\n<p class=\"paragraph\">St\u00e5hl sai Vehvil\u00e4isen kulmakarvat kohoamaan, kun h\u00e4n kertoi Vehvil\u00e4iselle tavasta, jolla h\u00e4n ilmoitti uudesta kumppanistaan.<\/p>\n<p class=\"paragraph\">\u2013 Laitoin kuvan tytt\u00e4relleni ja kysyin, olisiko t\u00e4ss\u00e4 hyv\u00e4 is\u00e4puoli, St\u00e5hl kertoi.<\/p>\n<p class=\"paragraph\">\u2013 Reipas kysymys, Vehvil\u00e4inen vastasi.<\/p>\n<p class=\"paragraph\">\u2013 Eik\u00f6 olekin aika kova. H\u00e4n oli vaan, ett\u00e4 \u201dJoo joo, n\u00e4ytt\u00e4\u00e4 ihan lempe\u00e4lt\u00e4\u201d. Vastasin, ett\u00e4 eik\u00f6 vain, St\u00e5hl jatkoi.<\/p>\n<p class=\"paragraph\">St\u00e5hl kertoi, ett\u00e4 h\u00e4nen poikansa on tavannut miehen. Poika sanoi, ett\u00e4 miehell\u00e4 on h\u00e4nen mielest\u00e4\u00e4n lempe\u00e4 aura. St\u00e5hlin mukaan lempe\u00e4 mies onkin \u2013 ja rauhallinen.<\/p>\n<p class=\"paragraph\">\u2013 Yksi minun eks\u00e4ni sanoi aikoinaan, ett\u00e4 sinulla pit\u00e4\u00e4 olla mies, jolla on lehm\u00e4n hermot ja rautainen itsetunto.<\/p>\n<p class=\"paragraph\">\u2013 Sitten kun min\u00e4 h\u00f6tkyilen, niin h\u00e4n sanoo vaan, ett\u00e4 jaahas.<\/p>\n<p>N\u00e4in St\u00e5hl puhui aiemmin rakkaudesta<\/p>\n<p class=\"paragraph\">St\u00e5hl <a href=\"https:\/\/www.iltalehti.fi\/viihdeuutiset\/912029ca-feb9-476c-8bd8-1d36bcdd8abd\" rel=\"nofollow noopener\" target=\"_blank\">puhui alkuvuodesta samassa podcastissa<\/a> rakkaushistoriastaan. H\u00e4n kertoi Vehvil\u00e4iselle, ettei h\u00e4n ole antanut el\u00e4m\u00e4ss\u00e4\u00e4n mahdollisuutta uusille kohtaamisille.<\/p>\n<p class=\"paragraph\">\u2013 Mulla on sellainen tunne, ett\u00e4 olen saanut jo niin hirve\u00e4sti, olen kokenut niin j\u00e4rjett\u00f6m\u00e4n kovaa rakkautta, ett\u00e4 voisiko mittari olla t\u00e4ysi? Onko minun rakastumiset jo rakastuttu? En koe, ett\u00e4 olen mill\u00e4\u00e4n lailla j\u00e4\u00e4nyt vaille yht\u00e4\u00e4n mit\u00e4\u00e4n, St\u00e5hl pohti alkuvuodesta.<\/p>\n<p class=\"paragraph\">St\u00e5hl <a href=\"https:\/\/www.iltalehti.fi\/viihdeuutiset\/694b415f-356b-4cdb-bd78-6db4276b72b7\" rel=\"nofollow noopener\" target=\"_blank\">sanoi my\u00f6s Iltalehdelle viime vuonna<\/a>, ett\u00e4 h\u00e4n viihtyy hyvin yksin, eik\u00e4 h\u00e4nt\u00e4 kiinnosta etsi\u00e4 rakkautta. H\u00e4n ei my\u00f6sk\u00e4\u00e4n uskonut l\u00f6yt\u00e4v\u00e4ns\u00e4 rakkautta.<\/p>\n<p class=\"paragraph\">\u2013 Suvelan Alepasta sit\u00e4 tuskin l\u00f6ytyy, ja siell\u00e4 min\u00e4 k\u00e4yn eniten, St\u00e5hl naurahtaa.<\/p>\n<p class=\"paragraph\">St\u00e5hl erosi lastensa is\u00e4st\u00e4 <strong>Timo Kuoppam\u00e4est\u00e4<\/strong> 2000-luvun alussa. St\u00e5hlilla on kaksi aikuista lasta.<\/p>\n","protected":false},"excerpt":{"rendered":"El\u00e4m\u00e4ni biisi -ohjelmastakin tuttu juontaja paljastaa podcastissa seurustelevansa. Katja St\u00e5hl vuonna 2024. Roosa Br\u00f6ijer Juontaja Katja St\u00e5hl seurustelee.&hellip;\n","protected":false},"author":2,"featured_media":105423,"comment_status":"","ping_status":"","sticky":false,"template":"","format":"standard","meta":{"footnotes":""},"categories":[5],"tags":[35,22,23,26,27,33,31,30,17,101,99,100,24,25,28,29,15,18,21,98,32,19,20,139,16],"class_list":{"0":"post-105422","1":"post","2":"type-post","3":"status-publish","4":"format-standard","5":"has-post-thumbnail","7":"category-otsikot","8":"tag-24h","9":"tag-breaking-news","10":"tag-breakingnews","11":"tag-featured-news","12":"tag-featurednews","13":"tag-fi","14":"tag-finland","15":"tag-finnish","16":"tag-headlines","17":"tag-ihmissuhteet","18":"tag-lapset","19":"tag-lapset-ja-nuoret","20":"tag-latest-news","21":"tag-latestnews","22":"tag-main-news","23":"tag-mainnews","24":"tag-news","25":"tag-otsikot","26":"tag-paauutiset","27":"tag-perhe","28":"tag-suomi","29":"tag-top-stories","30":"tag-topstories","31":"tag-tv-ohjelmat","32":"tag-uutiset"},"share_on_mastodon":{"url":"https:\/\/pubeurope.com\/@fi\/115648238944363062","error":""},"_links":{"self":[{"href":"https:\/\/www.europesays.com\/fi\/wp-json\/wp\/v2\/posts\/105422","targetHints":{"allow":["GET"]}}],"collection":[{"href":"https:\/\/www.europesays.com\/fi\/wp-json\/wp\/v2\/posts"}],"about":[{"href":"https:\/\/www.europesays.com\/fi\/wp-json\/wp\/v2\/types\/post"}],"author":[{"embeddable":true,"href":"https:\/\/www.europesays.com\/fi\/wp-json\/wp\/v2\/users\/2"}],"replies":[{"embeddable":true,"href":"https:\/\/www.europesays.com\/fi\/wp-json\/wp\/v2\/comments?post=105422"}],"version-history":[{"count":0,"href":"https:\/\/www.europesays.com\/fi\/wp-json\/wp\/v2\/posts\/105422\/revisions"}],"wp:featuredmedia":[{"embeddable":true,"href":"https:\/\/www.europesays.com\/fi\/wp-json\/wp\/v2\/media\/105423"}],"wp:attachment":[{"href":"https:\/\/www.europesays.com\/fi\/wp-json\/wp\/v2\/media?parent=105422"}],"wp:term":[{"taxonomy":"category","embeddable":true,"href":"https:\/\/www.europesays.com\/fi\/wp-json\/wp\/v2\/categories?post=105422"},{"taxonomy":"post_tag","embeddable":true,"href":"https:\/\/www.europesays.com\/fi\/wp-json\/wp\/v2\/tags?post=105422"}],"curies":[{"name":"wp","href":"https:\/\/api.w.org\/{rel}","templated":true}]}}