{"id":105424,"date":"2025-12-02T05:18:09","date_gmt":"2025-12-02T05:18:09","guid":{"rendered":"https:\/\/www.europesays.com\/fi\/105424\/"},"modified":"2025-12-02T05:18:09","modified_gmt":"2025-12-02T05:18:09","slug":"jenni-hyyppa-nousi-bikini-fitnessin-mm-mitalistiksi-47-vuotiaana","status":"publish","type":"post","link":"https:\/\/www.europesays.com\/fi\/105424\/","title":{"rendered":"Jenni Hyypp\u00e4 nousi bikini fitnessin MM-mitalistiksi 47-vuotiaana"},"content":{"rendered":"<p>Jenni Hyyp\u00e4n piti opetella k\u00e4velem\u00e4\u00e4n uudelleen kolmesti.<\/p>\n<p>Lue tiivistelm\u00e4<\/p>\n<p>Tiivistelm\u00e4 on teko\u00e4lyn tekem\u00e4 ja ihmisen tarkistama.<\/p>\n<p class=\"article-body mb-nof-24 px-nof-16 sndp-summary-bullet-point-font\">Jenni Hyypp\u00e4 voitti MM-pronssia bikini fitnessiss\u00e4 11 vuotta sen j\u00e4lkeen, kun 600-kiloinen juomalava oli murskannut h\u00e4nen jalkansa.<\/p>\n<p class=\"article-body mb-nof-24 px-nof-16 sndp-summary-bullet-point-font\">Hyypp\u00e4 joutui opettelemaan k\u00e4velemisen kolme kertaa uudelleen leikkausten j\u00e4lkeen. L\u00e4\u00e4k\u00e4rin mukaan juoksun tai tanssin ei pit\u00e4nyt olla mahdollista en\u00e4\u00e4.<\/p>\n<p class=\"article-body mb-nof-24 px-nof-16 sndp-summary-bullet-point-font\">Hyypp\u00e4 on voittanut SM-kultaa, PM-kultaa ja MM-pronssia women&#8217;s physique -sarjassa ja ty\u00f6skentelee opettajana ammattikoulussa.<\/p>\n<p class=\"article-body mb-nof-24 px-nof-16 sndp-summary-bullet-point-font\">H\u00e4nen tarinansa on inspiroinut oppilaita liikkumaan ja el\u00e4m\u00e4\u00e4n terveellisemmin.<\/p>\n<p class=\"article-body mb-nof-24 px-nof-16\">Sen piti olla <a class=\"article-personlink\" href=\"https:\/\/www.is.fi\/haku\/?query=Jenni%20Hyyp%C3%A4lle\" rel=\"nofollow noopener\" target=\"_blank\">Jenni Hyyp\u00e4lle<\/a> tavallinen p\u00e4iv\u00e4vuoro Alavuden S-marketin varamarketp\u00e4\u00e4llikk\u00f6n\u00e4. Mutta kun h\u00e4nen vet\u00e4m\u00e4ns\u00e4 pumppuk\u00e4rry t\u00f6kk\u00e4si kynnykseen ja heilahtaneen k\u00e4rryn rengas jyr\u00e4si jalkater\u00e4n yli, pienest\u00e4 hetkest\u00e4 kaupan varastossa tuli loppuel\u00e4m\u00e4lle suunnan antava.<\/p>\n<p class=\"article-body mb-nof-24 px-nof-16\">K\u00e4rryn kyydiss\u00e4 oli 600-kiloinen juomalava. Se murskasi Hyyp\u00e4n vasemman jalan jalkap\u00f6yd\u00e4n.<\/p>\n<p class=\"article-body mb-nof-24 px-nof-16\">Rengas ylitti jalan sellaisesta kulmasta, ettei edes turvakeng\u00e4n ter\u00e4sk\u00e4rki olisi pelastanut.<\/p>\n<p class=\"article-body mb-nof-24 px-nof-16\">\u2013 Sattui niin lujaa, etten pystynyt puhumaan. Tiesin heti, ett\u00e4 nyt k\u00e4vi pahasti, Hyypp\u00e4 muistelee vuonna 2014 tapahtunutta onnettomuutta.<\/p>\n<p class=\"article-body mb-nof-24 px-nof-16\">Alkushokin j\u00e4lkeen pohjalainen luonne otti vallan. Hyypp\u00e4 puri hammasta, kiroili mieless\u00e4\u00e4n ja nieli hirvitt\u00e4v\u00e4n kivun.<\/p>\n<p class=\"article-body mb-nof-24 px-nof-16\">Ty\u00f6kaverit ihmetteliv\u00e4t, kuinka normaalisti puhelias esihenkil\u00f6 oli niin hiljainen yht\u00e4kki\u00e4.<\/p>\n<p class=\"article-body mb-nof-24 px-nof-16\">\u2013 En halunnut sanoa mit\u00e4\u00e4n. Tuli vain fiilis, ett\u00e4 tilanteesta pit\u00e4\u00e4 p\u00e4\u00e4st\u00e4 \u00e4kki\u00e4 pois.<\/p>\n<p><img decoding=\"async\" src=\"https:\/\/www.europesays.com\/fi\/wp-content\/uploads\/2025\/12\/1764652688_700_468.jpg\" alt=\"Women\u2019s physique sopii Jenni Hyyp\u00e4n sarjaksi my\u00f6s siksi, ett\u00e4 lavalla ei tarvita korkokenki\u00e4. Jalkansa loukannut Hyypp\u00e4 ei voi k\u00e4ytt\u00e4\u00e4 niit\u00e4.\" class=\"_Img_1rerz_1\" style=\"aspect-ratio:0.6666666666666666\" loading=\"eager\"\/><\/p>\n<p class=\"article-picture-caption\">Women\u2019s physique sopii Jenni Hyyp\u00e4n sarjaksi my\u00f6s siksi, ett\u00e4 lavalla ei tarvita korkokenki\u00e4. Jalkansa loukannut Hyypp\u00e4 ei voi k\u00e4ytt\u00e4\u00e4 niit\u00e4. Kuva:\u00a0Suomen Fitnessurheilu ry<\/p>\n<p class=\"article-body mb-nof-24 px-nof-16\">Hyypp\u00e4 jatkoi t\u00f6it\u00e4\u00e4n marketissa yhdell\u00e4 terveell\u00e4 jalalla.<\/p>\n<p class=\"article-body mb-nof-24 px-nof-16\">\u2013 Ajattelin tyhm\u00e4n\u00e4, ett\u00e4 jos menen heti l\u00e4\u00e4k\u00e4riin ja j\u00e4\u00e4n sairauslomalle, ty\u00f6kaverini joutuu keskeytt\u00e4m\u00e4\u00e4n lomansa. Joten odotin joitakin p\u00e4ivi\u00e4 ja menin sitten vasta.<\/p>\n<p class=\"article-body mb-nof-24 px-nof-16\">Vastaanotolta tuli l\u00e4hete korjausleikkaukseen noin kuuden kuukauden p\u00e4\u00e4h\u00e4n.<\/p>\n<p class=\"article-body mb-nof-24 px-nof-16\">Ensimm\u00e4inen leikkaus ei auttanut toivotusti. Vuoden kuluttua tehtiin toinen. Siin\u00e4 kokeiltiin tekonivelt\u00e4 ukkovarpaaseen.<\/p>\n<p class=\"article-body mb-nof-24 px-nof-16\">Tekonivel ei pysynyt paikoillaan. Vuoden kuluttua oli kolmannen operaation vuoro. Nyt puolet jalkap\u00f6yd\u00e4st\u00e4 korvattiin metallilla.<\/p>\n<p class=\"article-body mb-nof-24 px-nof-16\">\u2013 Kolme kertaa piti opetella k\u00e4velem\u00e4\u00e4n uudelleen. Kun en pystynyt k\u00e4velem\u00e4\u00e4n kunnolla, kipeytyi selk\u00e4. Lopulta v\u00e4h\u00e4n joka paikka alkoi renkata.<\/p>\n<p class=\"article-body mb-nof-24 px-nof-16\">\u2013 Tuli rytmih\u00e4iri\u00f6it\u00e4kin, kun jalan kivut veiv\u00e4t y\u00f6unet.<\/p>\n<p class=\"article-body mb-nof-24 px-nof-16\">Tuli my\u00f6s huolia tulevaisuudesta. Liikkumaan tottuneelle ja ihmisten seurasta nauttivalle Hyyp\u00e4lle olisi ollut katastrofi, jos fyysinen asiakaspalveluty\u00f6 olisi pit\u00e4nyt vaihtaa tylsiin konttorihommiin liikuntakyvyn menett\u00e4misen takia.<\/p>\n<p><img decoding=\"async\" src=\"https:\/\/www.europesays.com\/fi\/wp-content\/uploads\/2025\/12\/1764652688_298_468.jpg\" alt=\"K\u00e4rry, jonka kyydiss\u00e4 oli 600-kiloinen juomalava, murskasi Jenni Hyyp\u00e4n jalkater\u00e4n.\" class=\"_Img_1rerz_1\" style=\"aspect-ratio:0.6666666666666666\" loading=\"eager\"\/><\/p>\n<p class=\"article-picture-caption\">K\u00e4rry, jonka kyydiss\u00e4 oli 600-kiloinen juomalava, murskasi Jenni Hyyp\u00e4n jalkater\u00e4n. Kuva:\u00a0Jenni Hyyp\u00e4n arkisto<\/p>\n<p class=\"article-body mb-nof-24 px-nof-16\">\u2013 Kolmannen leikkauksen tehnyt l\u00e4\u00e4k\u00e4ri sanoi, etten voisi ikin\u00e4 en\u00e4\u00e4 juosta tai tanssia. Silt\u00e4 se tuntuikin, kun jalkap\u00f6yt\u00e4 oli niin kankea.<\/p>\n<p class=\"article-body mb-nof-24 px-nof-16\">\u2013 Mutta jonkin aikaa tuomiota sulateltuani ajattelin, ett\u00e4 odottakaapas vain.<\/p>\n<p class=\"article-body mb-nof-24 px-nof-16\">Hyypp\u00e4 kertoo, ett\u00e4 jalkaan asennettu metalli ei piippaa lentokent\u00e4n turvatarkastuksessa.<\/p>\n<p class=\"article-body mb-nof-24 px-nof-16\">\u2013 Ruuvit tuntuvat jalkapohjassa ja nilkka on yliliikkuva. Salilla en pysty tekem\u00e4\u00e4n askelkyykkyj\u00e4, mutta jos k\u00e4velemist\u00e4ni katsoo, en usko ett\u00e4 kukaan huomaa mit\u00e4\u00e4n.<\/p>\n<p class=\"article-body mb-nof-24 px-nof-16\">Korkokengill\u00e4 k\u00e4veleminen ei onnistu.<\/p>\n<p class=\"article-body mb-nof-24 px-nof-16\">\u2013 Olen siit\u00e4 harvinainen nainen, ett\u00e4 minulla on vain kolmet keng\u00e4t kaapissa, kolmen lapsen \u00e4iti nauraa.<\/p>\n<p><img decoding=\"async\" src=\"https:\/\/www.europesays.com\/fi\/wp-content\/uploads\/2025\/12\/1764652689_351_468.jpg\" alt=\"Puolet jalkap\u00f6yd\u00e4st\u00e4 korvattiin metallilla.\" class=\"_Img_1rerz_1\" style=\"aspect-ratio:1\" loading=\"eager\"\/><\/p>\n<p class=\"article-picture-caption\">Puolet jalkap\u00f6yd\u00e4st\u00e4 korvattiin metallilla. Kuva:\u00a0Jenni Hyyp\u00e4n arkisto<\/p>\n<p class=\"article-body mb-nof-24 px-nof-16\">Nyt 11 vuotta onnettomuuden j\u00e4lkeen Jenni Hyypp\u00e4, 47, on bikini fitnessin arvokisamitalisti. Palkintohyllyst\u00e4 l\u00f6ytyy SM-kulta, PM-kulta ja MM-pronssi.<\/p>\n<p class=\"article-body mb-nof-24 px-nof-16\">H\u00e4nen sarjansa on women\u2019s physique. Lappaj\u00e4rvelt\u00e4 kotoisin oleva sein\u00e4jokinen kilpailee yli 35-vuotiaissa eli mastersissa.<\/p>\n<p class=\"article-body mb-nof-24 px-nof-16\">Masters-kisat eiv\u00e4t pursua osallistujista. Hyyp\u00e4n suorituksen arvoa ei v\u00e4henn\u00e4, ett\u00e4 ani harva kilpakumppani kykenee samalle viivalle.<\/p>\n<p class=\"article-body mb-nof-24 px-nof-16\">Women\u2019s physique on sukua kehonrakennukselle urheilulajina. Siin\u00e4 korostuu naisellisuus. Urheilijan kisakunto ei saa olla liian \u201drevitty\u201d. Meikki ja hiukset viimeistelev\u00e4t tuomareiden arvosteleman kokonaisuuden.<\/p>\n<p class=\"article-body mb-nof-24 px-nof-16\">Hyyp\u00e4n tavoitteellinen harjoittelu alkoi loukkaantuneen jalan kuntouttamisesta. H\u00e4n k\u00e4vi kuntosalilla nelj\u00e4sti viikossa kehonrakentaja <a class=\"article-personlink\" href=\"https:\/\/www.is.fi\/haku\/?query=Timo%20Pikkalan\" rel=\"nofollow noopener\" target=\"_blank\">Timo Pikkalan<\/a> laatimilla ohjeilla.<\/p>\n<p class=\"article-body mb-nof-24 px-nof-16\">Pohjalla oli hyv\u00e4 yleiskunto. Kehitys oli nopeaa.<\/p>\n<p><img decoding=\"async\" src=\"https:\/\/www.europesays.com\/fi\/wp-content\/uploads\/2025\/12\/1764652689_37_468.jpg\" alt=\"Women\u2019s physique -sarjassa korostuu muun muassa naisellisuus. Kilpailukunnon ei pid\u00e4 olla liian \u201drevitty\u201d, tai kuten englanniksi sanotaan: ripped.\" class=\"_Img_1rerz_1\" style=\"aspect-ratio:1.5\" loading=\"eager\"\/><\/p>\n<p class=\"article-picture-caption\">Women\u2019s physique -sarjassa korostuu muun muassa naisellisuus. Kilpailukunnon ei pid\u00e4 olla liian \u201drevitty\u201d, tai kuten englanniksi sanotaan: ripped. Kuva:\u00a0Suomen Fitnessurheilu ry<\/p>\n<p class=\"article-body mb-nof-24 px-nof-16\">Pian Hyypp\u00e4 alkoi unelmoida kilpailemisesta. H\u00e4n tunsi bikini fitnessin lajina, koska oli toiminut yst\u00e4viens\u00e4 huoltojoukoissa aiemmin.<\/p>\n<p class=\"article-body mb-nof-24 px-nof-16\">\u2013 Suurin osa ihmisist\u00e4 kannusti, mutta j\u00e4nn\u00e4sti muutama henkil\u00f6 oli sit\u00e4 mielt\u00e4, ett\u00e4 ei kannata yritt\u00e4\u00e4, koska olet niin vanha ja on lapsiakin.<\/p>\n<p class=\"article-body mb-nof-24 px-nof-16\">Kyseenalaistaminen lis\u00e4si Hyyp\u00e4n motivaatiota. H\u00e4n hankki valmentajakseen tamperelaisen <a class=\"article-personlink\" href=\"https:\/\/www.is.fi\/haku\/?query=Teemu%20Niemen\" rel=\"nofollow noopener\" target=\"_blank\">Teemu Niemen<\/a>.<\/p>\n<p class=\"article-body mb-nof-24 px-nof-16\">Kaksikko l\u00e4hestyi kilpailuja pienin askelin. Ensimm\u00e4inen iso tavoite oli voittaa Hyyp\u00e4n esiintymisj\u00e4nnitys, joka oli kaksosia odottaessa revenneen vatsanahan peruja.<\/p>\n<p class=\"article-body mb-nof-24 px-nof-16\">\u2013 H\u00e4pesin arpiani niin, ett\u00e4 en pit\u00e4nyt bikinej\u00e4 yleisell\u00e4 uimarannalla 20 vuoteen.<\/p>\n<p class=\"article-body mb-nof-24 px-nof-16\">\u2013 Aluksi halusin vain uskaltautua lavalle niin, etten aivan lamaannu. Ajattelin, ett\u00e4 jos sinne asti selvi\u00e4n, olen voittanut jo.<\/p>\n<p><img decoding=\"async\" src=\"https:\/\/www.europesays.com\/fi\/wp-content\/uploads\/2025\/12\/1764652689_938_468.jpg\" alt=\"Jenni Hyypp\u00e4 voitti MM-pronssia Espanjassa marraskuun puoliv\u00e4liss\u00e4.\" class=\"_Img_1rerz_1\" style=\"aspect-ratio:0.75\" loading=\"eager\"\/><\/p>\n<p class=\"article-picture-caption\">Jenni Hyypp\u00e4 voitti MM-pronssia Espanjassa marraskuun puoliv\u00e4liss\u00e4. Kuva:\u00a0Jenni Hyyp\u00e4n arkisto<\/p>\n<p class=\"article-body mb-nof-24 px-nof-16\">Tuoreeseen MM-pronssin tuoneeseen suoritukseensa Espanjan Santa Susannassa marraskuussa Hyypp\u00e4 on tyytyv\u00e4inen.<\/p>\n<p class=\"article-body mb-nof-24 px-nof-16\">\u2013 Valmentajakin sanoi, ett\u00e4 se oli parasta Jenni\u00e4 ikin\u00e4. H\u00e4n jatkoi, etten olisi pystynyt parempaan.<\/p>\n<p class=\"article-body mb-nof-24 px-nof-16\">Kilpailemisen palo ei sammunut MM-huipennukseen.<\/p>\n<p class=\"article-body mb-nof-24 px-nof-16\">\u2013 Kun saatiin lavakuvat eli p\u00e4\u00e4stiin n\u00e4kem\u00e4\u00e4n sama kuin tuomarit, huomattiin ett\u00e4 reisi ja takapuoli kaipaavat lis\u00e4\u00e4 lihasta. Sit\u00e4 tulee, kun treenaa kovaa ja sy\u00f6 hyvin.<\/p>\n<p class=\"article-body mb-nof-24 px-nof-16\">Hyypp\u00e4 sanoo, ettei el\u00e4 fitnesskuplassa. El\u00e4m\u00e4nkokemus auttaa vaativaan arvostelulajiin suhtautumista.<\/p>\n<p class=\"article-body mb-nof-24 px-nof-16\">\u2013 Kun menen lavalle, en ajattele sijoituksia. Teen vain kaiken sen, mit\u00e4 varten olen treenannut.<\/p>\n<p class=\"article-body mb-nof-24 px-nof-16\">Hyypp\u00e4 on opettanut liiketaloutta ja matkailua ammattikoulussa viime vuodet.<\/p>\n<p class=\"article-body mb-nof-24 px-nof-16\">Yksi t\u00e4rkeimmist\u00e4 urheilun tuomista palkinnoista on tullut sielt\u00e4.<\/p>\n<p class=\"article-body mb-nof-24 px-nof-16\">Oppilaat seuraavat pidetyn ja r\u00e4v\u00e4k\u00e4n opettajansa uraa bikini fitnessiss\u00e4. Jotkut ovat k\u00e4yneet mittailemassa t\u00e4m\u00e4n hauista, kun Hyypp\u00e4 on ollut j\u00e4rjestyksenvalvojana osaomistamassaan ravintolassa.<\/p>\n<p class=\"article-body mb-nof-24 px-nof-16\">\u2013 Meid\u00e4n koulu on aika pieni ja moni opiskelija on tullut tosi tutuksi. On ollut kiva kuulla joiltakin, ett\u00e4 hekin ovat ruvenneet k\u00e4ym\u00e4\u00e4n salilla ja muokanneet elintapojaan terveellisemp\u00e4\u00e4n suuntaan.<\/p>\n<p class=\"article-body mb-nof-24 px-nof-16\">\u2013 Hienoja juttuja, joiden ansiosta koen onnistuneeni opettajana.<\/p>\n","protected":false},"excerpt":{"rendered":"Jenni Hyyp\u00e4n piti opetella k\u00e4velem\u00e4\u00e4n uudelleen kolmesti. Lue tiivistelm\u00e4 Tiivistelm\u00e4 on teko\u00e4lyn tekem\u00e4 ja ihmisen tarkistama. Jenni Hyypp\u00e4&hellip;\n","protected":false},"author":2,"featured_media":105425,"comment_status":"","ping_status":"","sticky":false,"template":"","format":"standard","meta":{"footnotes":""},"categories":[136],"tags":[407,137,33,31,30,34,408,32,109],"class_list":{"0":"post-105424","1":"post","2":"type-post","3":"status-publish","4":"format-standard","5":"has-post-thumbnail","7":"category-julkkikset","8":"tag-celebrities","9":"tag-entertainment","10":"tag-fi","11":"tag-finland","12":"tag-finnish","13":"tag-ilta-sanomat","14":"tag-julkkikset","15":"tag-suomi","16":"tag-viihde"},"share_on_mastodon":{"url":"https:\/\/pubeurope.com\/@fi\/115648286512295471","error":""},"_links":{"self":[{"href":"https:\/\/www.europesays.com\/fi\/wp-json\/wp\/v2\/posts\/105424","targetHints":{"allow":["GET"]}}],"collection":[{"href":"https:\/\/www.europesays.com\/fi\/wp-json\/wp\/v2\/posts"}],"about":[{"href":"https:\/\/www.europesays.com\/fi\/wp-json\/wp\/v2\/types\/post"}],"author":[{"embeddable":true,"href":"https:\/\/www.europesays.com\/fi\/wp-json\/wp\/v2\/users\/2"}],"replies":[{"embeddable":true,"href":"https:\/\/www.europesays.com\/fi\/wp-json\/wp\/v2\/comments?post=105424"}],"version-history":[{"count":0,"href":"https:\/\/www.europesays.com\/fi\/wp-json\/wp\/v2\/posts\/105424\/revisions"}],"wp:featuredmedia":[{"embeddable":true,"href":"https:\/\/www.europesays.com\/fi\/wp-json\/wp\/v2\/media\/105425"}],"wp:attachment":[{"href":"https:\/\/www.europesays.com\/fi\/wp-json\/wp\/v2\/media?parent=105424"}],"wp:term":[{"taxonomy":"category","embeddable":true,"href":"https:\/\/www.europesays.com\/fi\/wp-json\/wp\/v2\/categories?post=105424"},{"taxonomy":"post_tag","embeddable":true,"href":"https:\/\/www.europesays.com\/fi\/wp-json\/wp\/v2\/tags?post=105424"}],"curies":[{"name":"wp","href":"https:\/\/api.w.org\/{rel}","templated":true}]}}