{"id":105426,"date":"2025-12-02T05:24:07","date_gmt":"2025-12-02T05:24:07","guid":{"rendered":"https:\/\/www.europesays.com\/fi\/105426\/"},"modified":"2025-12-02T05:24:07","modified_gmt":"2025-12-02T05:24:07","slug":"alzheimerin-taudin-torjuntaan-loytyi-uusi-apu-lisaravinteesta","status":"publish","type":"post","link":"https:\/\/www.europesays.com\/fi\/105426\/","title":{"rendered":"Alzheimerin taudin torjuntaan l\u00f6ytyi uusi apu lis\u00e4ravinteesta"},"content":{"rendered":"<p>Aivosairaus Alzheimerin tauti <a href=\"https:\/\/scitechdaily.com\/scientists-discover-simple-supplement-that-could-help-slow-alzheimers\/\" target=\"_blank\" rel=\"noreferrer noopener nofollow\">on<\/a> yksi yleisimmist\u00e4 dementian syist\u00e4 maailmassa. Parannuskeinoa siihen ei nykyisell\u00e4\u00e4n ole, mutta viime vuosina vasta-ainehoidot ovat tuoneet jonkin verran apua. Vasta-aineita annettaessa ne kulkeutuvat aivoihin, ja tehokkaimmat niist\u00e4 v\u00e4hent\u00e4v\u00e4t amyloidiplakin m\u00e4\u00e4r\u00e4\u00e4 merkitt\u00e4v\u00e4sti.<\/p>\n<p>T\u00e4llaiset hoidot ovat kuitenkin kalliita ja niill\u00e4 voi olla sivuvaikutuksia, joten tutkijat ovat etsineet edullisempia ja turvallisempia l\u00e4\u00e4kehoitoja, jotka pystyisiv\u00e4t hidastamaan Alzheimerin taudin etenemist\u00e4.<\/p>\n<p>Japanilaisen Kindain yliopiston tutkimuksen perusteella suun kautta nautittu edullinen aminohappo arginiini voisi est\u00e4\u00e4 amyloidiplakin kertymist\u00e4 aivoihin sek\u00e4 my\u00f6s v\u00e4hent\u00e4\u00e4 sen vaikutuksia Alzheimerin taudin kehittymisess\u00e4.<\/p>\n<p>Lue my\u00f6s: <a href=\"https:\/\/www.voice.fi\/hyvinvointi\/yllattava-oire-saattaa-olla-varhainen-merkki-alzheimerin-taudista\" title=\"Yll\u00e4tt\u00e4v\u00e4 oire saattaa olla varhainen merkki Alzheimerin taudista\" class=\"underline-custom !font-montserrat !font-bold !underline-offset-4 !decoration-4 !decoration-tilt-light !text-md\" rel=\"nofollow noopener\" target=\"_blank\">Yll\u00e4tt\u00e4v\u00e4 oire saattaa olla varhainen merkki Alzheimerin taudista<\/a><\/p>\n<p>Arginiini on luonnollinen aminohappo, joka toimii turvallisena kemiallisena \u201dsaattajamolekyylin\u00e4\u201d.<\/p>\n<p>\u2013 T\u00e4m\u00e4n l\u00f6yd\u00f6ksen tekee erityisen innostavaksi se, ett\u00e4 arginiini on jo valmiiksi kliinisesti turvalliseksi tiedetty ja edullinen aine. Siksi se on eritt\u00e4in lupaava ehdokas Alzheimerin taudin hoitokeinoksi, professori <strong>Yoshitaka Nagai<\/strong> sanoi.<\/p>\n<p>Tutkijat huomauttavat itsehoidosta innostuneille, ett\u00e4 vaikka arginiinia voi ostaa ravintolis\u00e4n\u00e4, tutkimuksessa k\u00e4ytetty annostus ja sen antamistapa eiv\u00e4t ole verrannollisia kaupasta saataviin tuotteisiin.<\/p>\n<p>Arginiinia ei my\u00f6sk\u00e4\u00e4n ole viel\u00e4 kokeiltu ihmisill\u00e4, mutta hiirikokeissa arginiini v\u00e4hensi amyloidiplakkeja ja paransi hiirten k\u00e4ytt\u00e4ytymist\u00e4. Lis\u00e4ksi tulehdusta edist\u00e4vien sytokiinien ilmaantuminen v\u00e4heni, mik\u00e4 viittaa laajempiin suojeleviin ja tulehdusta lievitt\u00e4viin vaikutuksiin.<\/p>\n<p>Tarvitaan lis\u00e4tutkimusta, ennen kuin tiedet\u00e4\u00e4n, toimiiko arginiini ihmisill\u00e4. Lis\u00e4ksi t\u00e4ytyy selvitt\u00e4\u00e4, millainen annostus olisi optimaalinen.<\/p>\n<p>Lue my\u00f6s: <a href=\"https:\/\/www.voice.fi\/hyvinvointi\/thl-laake-epaselvyyksia-ja-tyontekijoiden-puutetta-kaikki-eivat-saa-yhteisollisessa-asumisessa-riittavasti-apua\" title=\"THL: L\u00e4\u00e4ke-ep\u00e4selvyyksi\u00e4 ja ty\u00f6ntekij\u00f6iden puutetta \u2013 kaikki eiv\u00e4t saa yhteis\u00f6llisess\u00e4 asumisessa riitt\u00e4v\u00e4sti apua\" class=\"underline-custom !font-montserrat !font-bold !underline-offset-4 !decoration-4 !decoration-tilt-light !text-md\" rel=\"nofollow noopener\" target=\"_blank\">THL: L\u00e4\u00e4ke-ep\u00e4selvyyksi\u00e4 ja ty\u00f6ntekij\u00f6iden puutetta \u2013 kaikki eiv\u00e4t saa yhteis\u00f6llisess\u00e4 asumisessa riitt\u00e4v\u00e4sti apua<\/a><\/p>\n<p>Lue my\u00f6s: <a href=\"https:\/\/www.voice.fi\/hyvinvointi\/kotihoito-on-kriisissa-vain-puolet-saa-riittavasti-hoitoa-ja-alueelliset-erot-ovat-jarkyttavia\" title=\"Kotihoito on kriisiss\u00e4 \u2013 vain puolet saa riitt\u00e4v\u00e4sti apua ja alueelliset erot j\u00e4rkytt\u00e4vi\u00e4\" class=\"underline-custom !font-montserrat !font-bold !underline-offset-4 !decoration-4 !decoration-tilt-light !text-md\" rel=\"nofollow noopener\" target=\"_blank\">Kotihoito on kriisiss\u00e4 \u2013 vain puolet saa riitt\u00e4v\u00e4sti apua ja alueelliset erot j\u00e4rkytt\u00e4vi\u00e4<\/a><\/p>\n<p>L\u00e4hde: <a href=\"https:\/\/scitechdaily.com\/scientists-discover-simple-supplement-that-could-help-slow-alzheimers\/\" target=\"_blank\" rel=\"noreferrer noopener nofollow\">SciTechDaily<\/a>, <a href=\"https:\/\/yle.fi\/a\/74-20030143\" target=\"_blank\" rel=\"noreferrer noopener nofollow\">Yle<\/a><\/p>\n","protected":false},"excerpt":{"rendered":"Aivosairaus Alzheimerin tauti on yksi yleisimmist\u00e4 dementian syist\u00e4 maailmassa. Parannuskeinoa siihen ei nykyisell\u00e4\u00e4n ole, mutta viime vuosina vasta-ainehoidot&hellip;\n","protected":false},"author":2,"featured_media":105427,"comment_status":"","ping_status":"","sticky":false,"template":"","format":"standard","meta":{"footnotes":""},"categories":[165],"tags":[12096,6867,33,31,30,166,32,167,472],"class_list":{"0":"post-105426","1":"post","2":"type-post","3":"status-publish","4":"format-standard","5":"has-post-thumbnail","7":"category-terveys","8":"tag-alzheimerin-tauti","9":"tag-dementia","10":"tag-fi","11":"tag-finland","12":"tag-finnish","13":"tag-health","14":"tag-suomi","15":"tag-terveys","16":"tag-tutkimus"},"share_on_mastodon":{"url":"https:\/\/pubeurope.com\/@fi\/115648310021373714","error":""},"_links":{"self":[{"href":"https:\/\/www.europesays.com\/fi\/wp-json\/wp\/v2\/posts\/105426","targetHints":{"allow":["GET"]}}],"collection":[{"href":"https:\/\/www.europesays.com\/fi\/wp-json\/wp\/v2\/posts"}],"about":[{"href":"https:\/\/www.europesays.com\/fi\/wp-json\/wp\/v2\/types\/post"}],"author":[{"embeddable":true,"href":"https:\/\/www.europesays.com\/fi\/wp-json\/wp\/v2\/users\/2"}],"replies":[{"embeddable":true,"href":"https:\/\/www.europesays.com\/fi\/wp-json\/wp\/v2\/comments?post=105426"}],"version-history":[{"count":0,"href":"https:\/\/www.europesays.com\/fi\/wp-json\/wp\/v2\/posts\/105426\/revisions"}],"wp:featuredmedia":[{"embeddable":true,"href":"https:\/\/www.europesays.com\/fi\/wp-json\/wp\/v2\/media\/105427"}],"wp:attachment":[{"href":"https:\/\/www.europesays.com\/fi\/wp-json\/wp\/v2\/media?parent=105426"}],"wp:term":[{"taxonomy":"category","embeddable":true,"href":"https:\/\/www.europesays.com\/fi\/wp-json\/wp\/v2\/categories?post=105426"},{"taxonomy":"post_tag","embeddable":true,"href":"https:\/\/www.europesays.com\/fi\/wp-json\/wp\/v2\/tags?post=105426"}],"curies":[{"name":"wp","href":"https:\/\/api.w.org\/{rel}","templated":true}]}}