{"id":105428,"date":"2025-12-02T05:25:11","date_gmt":"2025-12-02T05:25:11","guid":{"rendered":"https:\/\/www.europesays.com\/fi\/105428\/"},"modified":"2025-12-02T05:25:11","modified_gmt":"2025-12-02T05:25:11","slug":"sm-liigatuomio-jokerit-pyyhkii-6-liigajoukkueella-tylysti-lattiaa","status":"publish","type":"post","link":"https:\/\/www.europesays.com\/fi\/105428\/","title":{"rendered":"SM-liigatuomio: Jokerit pyyhkii 6 liigajoukkueella tylysti lattiaa"},"content":{"rendered":"<p>SM-liigatuomio perkaa jokaisen peliviikon puhuttavimmat henkil\u00f6t, tapahtumat ja ilmi\u00f6t.<\/p>\n<p>Videotuomiossa ruoditaan SM-liigan sarjauudistusta.<\/p>\n<p class=\"article-body mb-nof-24 px-nof-16\">Raadissa ovat mukana toimittajat <a class=\"article-personlink\" href=\"https:\/\/www.is.fi\/haku\/?query=Sami%20Hoffr%C3%A9n\" rel=\"nofollow noopener\" target=\"_blank\">Sami Hoffr\u00e9n<\/a> ja <a class=\"article-personlink\" href=\"https:\/\/www.is.fi\/haku\/?query=Jussi%20Paasi\" rel=\"nofollow noopener\" target=\"_blank\">Jussi Paasi<\/a> sek\u00e4 asiantuntija <a class=\"article-personlink\" href=\"https:\/\/www.is.fi\/haku\/?query=Topi%20N%C3%A4ttinen\" rel=\"nofollow noopener\" target=\"_blank\">Topi N\u00e4ttinen<\/a>.<\/p>\n<p>Jussi PaasiT\u00e4hti<\/p>\n<p class=\"article-body mb-nof-24 px-nof-16\"><a class=\"article-personlink\" href=\"https:\/\/www.is.fi\/haku\/?query=Joachim%20Blichfeld\" rel=\"nofollow noopener\" target=\"_blank\">Joachim Blichfeld<\/a> johtaa pistep\u00f6rssi\u00e4, <a class=\"article-personlink\" href=\"https:\/\/www.is.fi\/haku\/?query=Benjamin%20Rautiainen\" rel=\"nofollow noopener\" target=\"_blank\">Benjamin Rautiainen<\/a> on p\u00f6rssin kakkonen. <a class=\"article-personlink\" href=\"https:\/\/www.is.fi\/haku\/?query=Aleksi%20Matinmikko\" rel=\"nofollow noopener\" target=\"_blank\">Aleksi Matinmikko<\/a> komeilee plus\/miinus-tilaston ykk\u00f6sen\u00e4. <a class=\"article-personlink\" href=\"https:\/\/www.is.fi\/haku\/?query=Christian%20Heljanko\" rel=\"nofollow noopener\" target=\"_blank\">Christian Heljanko<\/a> &amp; <a class=\"article-personlink\" href=\"https:\/\/www.is.fi\/haku\/?query=Juha%20Metsola\" rel=\"nofollow noopener\" target=\"_blank\">Juha Metsola<\/a> on liigan ylivertaisin maalivahtikaksikko. Ja niin edelleen. Tappara on runkosarjan puoliv\u00e4lin l\u00e4hestyess\u00e4 sarjak\u00e4rjess\u00e4, vaikka kirvesrintojen peliss\u00e4 on viel\u00e4 rutkasti parannettavaa. Kysymys kuuluu: mik\u00e4 joukkue voi voittaa pudotuspelisarjassa Tapparan nelj\u00e4 kertaa? Niinp\u00e4.<\/p>\n<p><img decoding=\"async\" src=\"https:\/\/www.europesays.com\/fi\/wp-content\/uploads\/2025\/12\/1764653109_622_468.jpg\" alt=\"Tapparan kultakyp\u00e4r\u00e4 Joachim Blichfeld on joukkueen kirkkain t\u00e4hti.\" class=\"_Img_1rerz_1\" style=\"aspect-ratio:1.4285714285714286\" loading=\"eager\"\/><\/p>\n<p class=\"article-picture-caption\">Tapparan kultakyp\u00e4r\u00e4 Joachim Blichfeld on joukkueen kirkkain t\u00e4hti. Kuva:\u00a0Jussi Eskola<\/p>\n<p>Puheenaihe<\/p>\n<p class=\"article-body mb-nof-24 px-nof-16\">Kabinetin ovi on Jokereille tuttu: ensin kabinetin kautta KHL:\u00e4\u00e4n, sitten Mestikseen ja lopulta SM-liigaan. Jokerien nostaminen ensi kaudeksi liigaan oli kuitenkin ainoa oikea ratkaisu. P\u00e4\u00e4sarjan kymmenest\u00e4 nykyjoukkueesta kuusi(!) on nostettu aiemmin kabinetin kautta. Miksi ihmeess\u00e4 Jokerien kanssa olisi pit\u00e4nyt toimia toisin? Jokerit on br\u00e4ndiarvoltaan merkitt\u00e4v\u00e4mpi kuin nuo kuusi seuraa (Pelicans, KalPa, Sport, KooKoo, Jukurit, Kiekko-Espoo) yhteens\u00e4.<\/p>\n<p><img decoding=\"async\" src=\"https:\/\/www.europesays.com\/fi\/wp-content\/uploads\/2025\/12\/1764653110_229_468.jpg\" alt=\"Jokerien fanit p\u00e4\u00e4sev\u00e4t ensi kaudella seuraamaan narripaitojen otteita SM-liigassa yli 10 vuoden tauon j\u00e4lkeen.\" class=\"_Img_1rerz_1\" style=\"aspect-ratio:1.7777777777777777\" loading=\"eager\"\/><\/p>\n<p class=\"article-picture-caption\">Jokerien fanit p\u00e4\u00e4sev\u00e4t ensi kaudella seuraamaan narripaitojen otteita SM-liigassa yli 10 vuoden tauon j\u00e4lkeen. Kuva:\u00a0Jussi Eskola<\/p>\n<p>Moka<\/p>\n<p class=\"article-body mb-nof-24 px-nof-16\">SM-liigan pomot selittiv\u00e4t silm\u00e4t kirkkaina viel\u00e4 viime kev\u00e4\u00e4n\u00e4, ett\u00e4 liigaan voi nousta vain ja ainoastaan pelaamalla, eli voittamalla karsinnat. Puheenjohtaja <a class=\"article-personlink\" href=\"https:\/\/www.is.fi\/haku\/?query=Jyrki%20Sepp%C3%A4\" rel=\"nofollow noopener\" target=\"_blank\">Jyrki Sepp\u00e4<\/a> ja toimitusjohtaja <a class=\"article-personlink\" href=\"https:\/\/www.is.fi\/haku\/?query=Mikko%20Pulkkinen\" rel=\"nofollow noopener\" target=\"_blank\">Mikko Pulkkinen<\/a> puhuivat t\u00e4ytt\u00e4 potaskaa. Nyt ensi kev\u00e4\u00e4n karsinnat poistettiin nappia painamalla sarjamalliuudistuksen yhteydess\u00e4.<\/p>\n<p>Tyyli<\/p>\n<p class=\"article-body mb-nof-24 px-nof-16\">HIFK on ollut kaukalossa t\u00e4ll\u00e4 kaudella tolkuttoman huono, mutta pelien ulkopuolella sujuu paremmin. <a class=\"article-personlink\" href=\"https:\/\/www.is.fi\/haku\/?query=Lennart%20Petrellin\" rel=\"nofollow noopener\" target=\"_blank\">Lennart Petrellin<\/a> paidanj\u00e4\u00e4dytys n\u00e4ytti, miss\u00e4 IFK on muita liigaseuroja edell\u00e4: huomionosoituksissa ja seremonioissa. Petrellin juhlallisuudet hoidettiin ylv\u00e4\u00e4sti ja tyylikk\u00e4\u00e4sti, mutta samalla rennosti. Stadilaisten upea historia n\u00e4kyy. Viel\u00e4 kun joku IFK:ssa keksisi, miten tuo arvokkuus ja tyyli saataisiin tuotua seuran nykyhetken toimintaan.<\/p>\n<p><img decoding=\"async\" src=\"https:\/\/www.europesays.com\/fi\/wp-content\/uploads\/2025\/12\/1764653111_331_468.jpg\" alt=\"Lennart Petrell seurasi perheens\u00e4 kanssa, kun h\u00e4nen paitansa nousi Nordenski\u00f6ldinkadun hallin kattoon viime lauantaina.\" class=\"_Img_1rerz_1\" style=\"aspect-ratio:1.7777777777777777\" loading=\"eager\"\/><\/p>\n<p class=\"article-picture-caption\">Lennart Petrell seurasi perheens\u00e4 kanssa, kun h\u00e4nen paitansa nousi Nordenski\u00f6ldinkadun hallin kattoon viime lauantaina. Kuva:\u00a0Jussi Eskola<\/p>\n<p>Topi N\u00e4ttinenT\u00e4hti<\/p>\n<p class=\"article-body mb-nof-24 px-nof-16\">Viime kaudella Ruotsin kakkostasolla IF Bj\u00f6rkl\u00f6veniss\u00e4 pelannut <a class=\"article-personlink\" href=\"https:\/\/www.is.fi\/haku\/?query=Maxime%20Fortier\" rel=\"nofollow noopener\" target=\"_blank\">Maxime Fortier<\/a> on tullut liigaan rymin\u00e4ll\u00e4. Viime viikon kolmeen otteluun Fortier paukutti tehot 5+3. Samalla h\u00e4n rikkoi jo 30 tehopisteen rajapyykin. Kanadalaisen koko kauden saldo 14+16 oikeuttaa pistep\u00f6rssin kolmanteen sijaan. SaiPan urheilujohtaja <a class=\"article-personlink\" href=\"https:\/\/www.is.fi\/haku\/?query=Harri%20Aho\" rel=\"nofollow noopener\" target=\"_blank\">Harri Aho<\/a> voi j\u00e4lleen kerran ottaa sulan hattuunsa.<\/p>\n<p><img decoding=\"async\" src=\"https:\/\/www.europesays.com\/fi\/wp-content\/uploads\/2025\/12\/1764653111_665_468.jpg\" alt=\"Maxime Fortier on SaiPan uusi timantti.\" class=\"_Img_1rerz_1\" style=\"aspect-ratio:1.5\" loading=\"eager\"\/><\/p>\n<p class=\"article-picture-caption\">Maxime Fortier on SaiPan uusi timantti. Kuva:\u00a0Vesa P\u00f6pp\u00f6nen \/ All Over Press<\/p>\n<p>Puheenaihe<\/p>\n<p class=\"article-body mb-nof-24 px-nof-16\">Tappara voitti vihdoin ja viimein Tampereen paikallisen. Ilves oli voittanut yhdeks\u00e4n edellist\u00e4 paikalliskamppailua viime kev\u00e4\u00e4n pudotuspelit mukaan lukien. T\u00e4ll\u00e4 hetkell\u00e4 tuntuu ettei Tapparalle l\u00f6ydy pys\u00e4ytt\u00e4j\u00e4\u00e4. Edellisest\u00e4 kymmenest\u00e4 ottelustaan yhdeks\u00e4n voittanut Tappara operoi j\u00e4lleen kerran sellaisella tasolla, josta muiden tulisi olla huolissaan. N\u00e4in joulukuun alussa voi olla liian aikaista kurkata kev\u00e4\u00e4seen, mutta aikamoinen nippu saa olla voittaakseen Tapparan kev\u00e4\u00e4ll\u00e4 nelj\u00e4sti.<\/p>\n<p>Moka<\/p>\n<p class=\"article-body mb-nof-24 px-nof-16\"><a class=\"article-personlink\" href=\"https:\/\/www.is.fi\/haku\/?query=Doug%20Shedden\" rel=\"nofollow noopener\" target=\"_blank\">Doug Shedden<\/a> on ollut valtava pettymys. Sheddenin k\u00e4denj\u00e4lki ei tunnu n\u00e4kyv\u00e4n oikein miss\u00e4\u00e4n. Sportin pistekeskiarvo on huonompi kuin <a class=\"article-personlink\" href=\"https:\/\/www.is.fi\/haku\/?query=Juuso%20Hahlin\" rel=\"nofollow noopener\" target=\"_blank\">Juuso Hahlin<\/a> alaisuudessa eik\u00e4 pelik\u00e4\u00e4n ole muuttunut parempaan suuntaan. Sheddenilt\u00e4 oli turha taikatemppuja odottaa, mutta kyll\u00e4 h\u00e4nen Sportinsa on silti ollut suuri pettymys. Lohtua Vaasaan toi sent\u00e4\u00e4n uusi liigaj\u00e4rjestelm\u00e4. Karsintoja ei t\u00e4ll\u00e4 kaudella pelata, joten alaskaan ei voi tippua.<\/p>\n<p><img decoding=\"async\" src=\"https:\/\/www.europesays.com\/fi\/wp-content\/uploads\/2025\/12\/1764653111_631_468.jpg\" alt=\"Doug Sheddenin luotsaama Sport pit\u00e4\u00e4 jumbopaikkaa.\" class=\"_Img_1rerz_1\" style=\"aspect-ratio:1.5\" loading=\"eager\"\/><\/p>\n<p class=\"article-picture-caption\">Doug Sheddenin luotsaama Sport pit\u00e4\u00e4 jumbopaikkaa. Kuva:\u00a0Jukka Ritola \/ Aamulehti<\/p>\n<p>Tyyli<\/p>\n<p class=\"article-body mb-nof-24 px-nof-16\">Ilveksen <a class=\"article-personlink\" href=\"https:\/\/www.is.fi\/haku\/?query=Roni%20Kuukasj%C3%A4rvest%C3%A4\" rel=\"nofollow noopener\" target=\"_blank\">Roni Kuukasj\u00e4rvest\u00e4<\/a> tuli ensimm\u00e4inen vuonna 2009 syntynyt liigassa pelannut pelaaja. 16-vuotias Kuukasj\u00e4rvi debytoi liigassa tiistaina 25.11. Pelicansia vastaan. Huomionarvoista Kuukasj\u00e4rven debyytiss\u00e4 oli se, ett\u00e4 h\u00e4n veti ensimm\u00e4isen liigapelins\u00e4 keltaisilla luistimen nauhoilla. Ei nuorta puolustajaa voi ainakaan liiasta n\u00f6yryydest\u00e4 syytt\u00e4\u00e4.<\/p>\n<p>Sami Hoffr\u00e9nT\u00e4hti<\/p>\n<p class=\"article-body mb-nof-24 px-nof-16\">Pelicans on vahvistanut hiki hatussa kokoonpanoaan laatulohilla ja kelkka on k\u00e4\u00e4ntynyt. Yksi asia ei ole kuitenkaan muuttunut: Pelicansin ylivoimaisesti arvokkain pelaaja seisoo tolppien v\u00e4liss\u00e4. Tshekkivahti <a class=\"article-personlink\" href=\"https:\/\/www.is.fi\/haku\/?query=Patrik%20Bartosak\" rel=\"nofollow noopener\" target=\"_blank\">Patrik Bartosak<\/a> pelaa h\u00e4vyt\u00f6nt\u00e4 kautta. Bartosak oli marraskuun paras veskari. Nollapelej\u00e4 on kasassa jo viisi. <a class=\"article-personlink\" href=\"https:\/\/www.is.fi\/haku\/?query=Tim%20Thomasin\" rel=\"nofollow noopener\" target=\"_blank\">Tim Thomasin<\/a> enn\u00e4tykseen (15) on viel\u00e4 v\u00e4h\u00e4n matkaa.<\/p>\n<p>Puheenaihe<\/p>\n<p class=\"article-body mb-nof-24 px-nof-16\">SM-liigan sarjauudistus puhuttaa ja her\u00e4tt\u00e4\u00e4 tunteita. Nyt tehtiin kovia kompromisseja, jotka kelpaavat riitt\u00e4v\u00e4n monelle t\u00e4ss\u00e4 vaiheessa. Oleellista on se, ett\u00e4 eripurainen liigaputka sai ylip\u00e4\u00e4t\u00e4\u00e4n runnottua p\u00e4\u00e4t\u00f6kset. Matka on vasta alussa. 14+10-malli ei tietenk\u00e4\u00e4n ole optimi, mutta se on muutos parempaan. 12 joukkueen p\u00e4\u00e4sarjaan on v\u00e4yl\u00e4 auki tulevaisuudessa.<\/p>\n<p>Moka<\/p>\n<p class=\"article-body mb-nof-24 px-nof-16\">K\u00e4rp\u00e4t taiteilee ohuella j\u00e4\u00e4ll\u00e4 viikosta toiseen. Kouvolassa tapahtui k\u00e4sitt\u00e4m\u00e4t\u00f6n romahdus 4\u20130-johdosta p\u00e4\u00e4t\u00f6ser\u00e4ss\u00e4. Pelicansia vastaan pakka levisi heti alussa. Jopa <a class=\"article-personlink\" href=\"https:\/\/www.is.fi\/haku\/?query=Niklas%20Rubin\" rel=\"nofollow noopener\" target=\"_blank\">Niklas Rubin<\/a> n\u00e4ytt\u00e4\u00e4 keskinkertaiselta. Viime kauden alusta l\u00e4htien K\u00e4rppien pistekeskiarvo 1,25 on sarjan toiseksi surkein. K\u00e4rppien kulttuurimuutos on ollut toistaiseksi sanahelin\u00e4\u00e4.<\/p>\n<p>Tyyli<\/p>\n<p class=\"article-body mb-nof-24 px-nof-16\">Vaikka menisi miten hyvin, <a class=\"article-personlink\" href=\"https:\/\/www.is.fi\/haku\/?query=Raimo%20Helmisen\" rel=\"nofollow noopener\" target=\"_blank\">Raimo Helmisen<\/a> piiskaamassa SaiPassa j\u00e4tk\u00e4t eiv\u00e4t p\u00e4\u00e4se pahemmin leijumaan. Kun maestro linjaa, se on j\u00e4mpti.<\/p>\n","protected":false},"excerpt":{"rendered":"SM-liigatuomio perkaa jokaisen peliviikon puhuttavimmat henkil\u00f6t, tapahtumat ja ilmi\u00f6t. Videotuomiossa ruoditaan SM-liigan sarjauudistusta. Raadissa ovat mukana toimittajat Sami&hellip;\n","protected":false},"author":2,"featured_media":105429,"comment_status":"","ping_status":"","sticky":false,"template":"","format":"standard","meta":{"footnotes":""},"categories":[158],"tags":[33,31,30,34,159,32,160],"class_list":{"0":"post-105428","1":"post","2":"type-post","3":"status-publish","4":"format-standard","5":"has-post-thumbnail","7":"category-urheilu","8":"tag-fi","9":"tag-finland","10":"tag-finnish","11":"tag-ilta-sanomat","12":"tag-sports","13":"tag-suomi","14":"tag-urheilu"},"share_on_mastodon":{"url":"https:\/\/pubeurope.com\/@fi\/115648314724439442","error":""},"_links":{"self":[{"href":"https:\/\/www.europesays.com\/fi\/wp-json\/wp\/v2\/posts\/105428","targetHints":{"allow":["GET"]}}],"collection":[{"href":"https:\/\/www.europesays.com\/fi\/wp-json\/wp\/v2\/posts"}],"about":[{"href":"https:\/\/www.europesays.com\/fi\/wp-json\/wp\/v2\/types\/post"}],"author":[{"embeddable":true,"href":"https:\/\/www.europesays.com\/fi\/wp-json\/wp\/v2\/users\/2"}],"replies":[{"embeddable":true,"href":"https:\/\/www.europesays.com\/fi\/wp-json\/wp\/v2\/comments?post=105428"}],"version-history":[{"count":0,"href":"https:\/\/www.europesays.com\/fi\/wp-json\/wp\/v2\/posts\/105428\/revisions"}],"wp:featuredmedia":[{"embeddable":true,"href":"https:\/\/www.europesays.com\/fi\/wp-json\/wp\/v2\/media\/105429"}],"wp:attachment":[{"href":"https:\/\/www.europesays.com\/fi\/wp-json\/wp\/v2\/media?parent=105428"}],"wp:term":[{"taxonomy":"category","embeddable":true,"href":"https:\/\/www.europesays.com\/fi\/wp-json\/wp\/v2\/categories?post=105428"},{"taxonomy":"post_tag","embeddable":true,"href":"https:\/\/www.europesays.com\/fi\/wp-json\/wp\/v2\/tags?post=105428"}],"curies":[{"name":"wp","href":"https:\/\/api.w.org\/{rel}","templated":true}]}}