{"id":105432,"date":"2025-12-02T05:27:09","date_gmt":"2025-12-02T05:27:09","guid":{"rendered":"https:\/\/www.europesays.com\/fi\/105432\/"},"modified":"2025-12-02T05:27:09","modified_gmt":"2025-12-02T05:27:09","slug":"elaman-rakennuspalikat-loytyivat-savesta-ja-kivesta-bennu-asteroidi-yllatti-tutkijat","status":"publish","type":"post","link":"https:\/\/www.europesays.com\/fi\/105432\/","title":{"rendered":"El\u00e4m\u00e4n rakennuspalikat l\u00f6ytyiv\u00e4t savesta ja kivest\u00e4 \u2013 Bennu-asteroidi yll\u00e4tti tutkijat"},"content":{"rendered":"<p class=\"is-style-dropcap\">Asteroidi Bennulta ker\u00e4tyt kivet ja p\u00f6ly antavat vahvistusta k\u00e4sitykselle, ett\u00e4 Maan el\u00e4m\u00e4n juuret olisivat per\u00e4isin ulkoavaruudesta, uusi tutkimus kertoo. Asiasta kertoo <a href=\"https:\/\/phys.org\/news\/2025-11-asteroid-amino-acids-clues-life.html\" rel=\"nofollow noopener\" target=\"_blank\">Phys.org<\/a>.<\/p>\n<p>Er\u00e4\u00e4n teorian mukaan el\u00e4m\u00e4n perusrakennuspalikoita on voinut synty\u00e4 varhaisilla taivaankappaleilla ja kulkeutua nuorelle Maa-planeetalle asteroidien tai muiden taivaankappaleiden mukana. Maassa otetuista meteoriittin\u00e4ytteist\u00e4 ker\u00e4tyt molekyylit ovat viitanneet siihen, mutta n\u00e4ytteet ovat voineet kontaminoitua Maahan saapuessaan.<\/p>\n<p>Bennu on noin 4,6 miljardin vuoden ik\u00e4inen primitiivinen asteroidi, jonka rakenne on s\u00e4ilynyt pitk\u00e4lti muuttumattomana aurinkokunnan alkuajoista. Se ei ole ollut tekemisiss\u00e4 Maan kanssa. NASA:n alus poimi sen pinnalta aineistoa vuonna 2020, ja n\u00e4ytteet ovat olleet tutkijoiden analysoitavana.<\/p>\n<p>Proceedings of the National Academy of Sciences -tiedelehdess\u00e4 <a href=\"https:\/\/www.pnas.org\/doi\/10.1073\/pnas.2512461122\" rel=\"nofollow noopener\" target=\"_blank\">julkaistussa tutkimuksessa<\/a> vahvistivat Bennun mineraaleista aiemmin l\u00f6ydetyt 14 aminohappoa. Lis\u00e4ksi saatiin alustavia viitteit\u00e4 tryptofaanista, jota ei ole koskaan aiemmin voitu varmuudella todentaa Maan ulkopuolisesta materiaalista.<\/p>\n<p>Lis\u00e4ksi n\u00e4ytteist\u00e4 tunnistettiin viisi nukleotidiem\u00e4st\u00e4 eli rna:n ja dna:n rakenneosaa. T\u00e4m\u00e4 osoittaa, ett\u00e4 sek\u00e4 proteiinien ett\u00e4 geneettisen informaation perusainesosia esiintyy samassa paikassa.<\/p>\n<p>Tutkijat havaitsivat n\u00e4ytteiss\u00e4 runsaasti fyllosilikaatteja eli savimaisia mineraaleja, jotka voivat muodostua vain veden vaikutuksesta. Asteroidin emokappaleessa on siis t\u00e4ytynyt olla nestem\u00e4ist\u00e4 vett\u00e4 varhaisessa vaiheessa.<\/p>\n<p>Tutkimusryhm\u00e4n mukaan vesi sis\u00e4lsi todenn\u00e4k\u00f6isesti ammoniakkia. Se on toiminut katalyyttin\u00e4 reaktioissa, joissa yksinkertaisista t\u00e4htienv\u00e4lisist\u00e4 l\u00e4ht\u00f6aineista rakentui aminohappoja ja nukleotidiem\u00e4ksi\u00e4.<\/p>\n<p>Tulokset tukevat yh\u00e4 vahvemmin k\u00e4sityst\u00e4, jonka mukaan maapallon el\u00e4m\u00e4 ei v\u00e4ltt\u00e4m\u00e4tt\u00e4 saanut alkuaan pelk\u00e4st\u00e4\u00e4n oman planeettamme aineksista. Sen sijaan se on saattanut saada ratkaisevan sys\u00e4yksen avaruudesta kulkeutuneista kemiallisista rakennuspalikoista.<\/p>\n<p>Tilaa Tekniikan Maailman uutiskirjeet<\/p>\n<p class=\"has-text-align-center\">Tilaa TM-uutiskirje, niin pysyt ajan tasalla autoalan, teknologian ja tieteen uutisista! <\/p>\n","protected":false},"excerpt":{"rendered":"Asteroidi Bennulta ker\u00e4tyt kivet ja p\u00f6ly antavat vahvistusta k\u00e4sitykselle, ett\u00e4 Maan el\u00e4m\u00e4n juuret olisivat per\u00e4isin ulkoavaruudesta, uusi tutkimus&hellip;\n","protected":false},"author":2,"featured_media":105433,"comment_status":"","ping_status":"","sticky":false,"template":"","format":"standard","meta":{"footnotes":""},"categories":[112],"tags":[2205,10909,33,31,30,15973,118,32,119],"class_list":{"0":"post-105432","1":"post","2":"type-post","3":"status-publish","4":"format-standard","5":"has-post-thumbnail","7":"category-tiede","8":"tag-asteroidit","9":"tag-elama","10":"tag-fi","11":"tag-finland","12":"tag-finnish","13":"tag-maan-ulkopuolinen-elama","14":"tag-science","15":"tag-suomi","16":"tag-tiede"},"share_on_mastodon":{"url":"","error":""},"_links":{"self":[{"href":"https:\/\/www.europesays.com\/fi\/wp-json\/wp\/v2\/posts\/105432","targetHints":{"allow":["GET"]}}],"collection":[{"href":"https:\/\/www.europesays.com\/fi\/wp-json\/wp\/v2\/posts"}],"about":[{"href":"https:\/\/www.europesays.com\/fi\/wp-json\/wp\/v2\/types\/post"}],"author":[{"embeddable":true,"href":"https:\/\/www.europesays.com\/fi\/wp-json\/wp\/v2\/users\/2"}],"replies":[{"embeddable":true,"href":"https:\/\/www.europesays.com\/fi\/wp-json\/wp\/v2\/comments?post=105432"}],"version-history":[{"count":0,"href":"https:\/\/www.europesays.com\/fi\/wp-json\/wp\/v2\/posts\/105432\/revisions"}],"wp:featuredmedia":[{"embeddable":true,"href":"https:\/\/www.europesays.com\/fi\/wp-json\/wp\/v2\/media\/105433"}],"wp:attachment":[{"href":"https:\/\/www.europesays.com\/fi\/wp-json\/wp\/v2\/media?parent=105432"}],"wp:term":[{"taxonomy":"category","embeddable":true,"href":"https:\/\/www.europesays.com\/fi\/wp-json\/wp\/v2\/categories?post=105432"},{"taxonomy":"post_tag","embeddable":true,"href":"https:\/\/www.europesays.com\/fi\/wp-json\/wp\/v2\/tags?post=105432"}],"curies":[{"name":"wp","href":"https:\/\/api.w.org\/{rel}","templated":true}]}}