{"id":105434,"date":"2025-12-02T05:29:08","date_gmt":"2025-12-02T05:29:08","guid":{"rendered":"https:\/\/www.europesays.com\/fi\/105434\/"},"modified":"2025-12-02T05:29:08","modified_gmt":"2025-12-02T05:29:08","slug":"farmari-avasi-lippukaupan-jo-joulumyyntiin-maatalous","status":"publish","type":"post","link":"https:\/\/www.europesays.com\/fi\/105434\/","title":{"rendered":"Farmari avasi lippukaupan jo joulumyyntiin &#8211; Maatalous"},"content":{"rendered":"<p>Kes\u00e4kuun lopussa Kalajoella j\u00e4rjestett\u00e4v\u00e4n Farmarin paikkamyynti k\u00e4y j\u00e4rjest\u00e4jien mukaan vilkkaana. <\/p>\n<p><a class=\"ArticleImage_imageContainer__e0EST\" href=\"https:\/\/www.europesays.com\/fi\/wp-content\/uploads\/2025\/12\/bCnDhcRVD-DBVPsc3eQW_1MCnAM.jpg\"><img decoding=\"async\" src=\"https:\/\/www.europesays.com\/fi\/wp-content\/uploads\/2025\/12\/bCnDhcRVD-DBVPsc3eQW_1MCnAM.jpg\" alt=\"Edellinen Farmari-n\u00e4yttely j\u00e4rjestettiin Sein\u00e4joella vuonna 2024. \" loading=\"lazy\"\/><\/a><\/p>\n<p>Edellinen Farmari-n\u00e4yttely j\u00e4rjestettiin Sein\u00e4joella vuonna 2024. \u00a0Kuva: Johannes Tervo<\/p>\n<p class=\"RichTextParagraph_richTextParagraph__Wxs3t undefined\">Kalajoen Hiekkas\u00e4rkkien kupeessa 25.\u201327.6.2026 j\u00e4rjestett\u00e4v\u00e4n Farmari-n\u00e4yttelyn lippukauppa on avautunut. <\/p>\n<p class=\"RichTextParagraph_richTextParagraph__Wxs3t undefined\">\u201dOlemme saaneet lukuisia toiveita, ett\u00e4 lippuja olisi mukava ostaa jo pukinkonttiin. Kuuntelimme toiveita ja p\u00e4\u00e4timme avata lipunmyynnin jo joulukuun alussa. Aiemmin lippukauppa on auennut vasta l\u00e4hemp\u00e4n\u00e4 tapahtumaa&#8221;, kertoo tiedotteessa tapahtumatuottaja <strong id=\"strong-2ae83d901782acc95ea6cd108dc131a3\">Niina Lampinen.<\/strong><\/p>\n<p class=\"RichTextParagraph_richTextParagraph__Wxs3t undefined\">Lampisen mukaan tapahtuman n\u00e4ytteilleasettajamyynti k\u00e4y vilkkaana. Paikkamyynti on ollut avoinna syyskuusta saakka ja n\u00e4ytteilleasettajien varaustahti on ollut vilkasta.<\/p>\n<p class=\"RichTextParagraph_richTextParagraph__Wxs3t undefined\">\u201dKalajoella on jo nyt n\u00e4yttelynpuitteet kovassa iskussa. N\u00e4yttelyalueelle on tehty parannuksia, aluetta on esimerkiksi asfaltoitu ja huoltoreittej\u00e4 on tulossa lis\u00e4\u00e4. Se jouduttaa liikennett\u00e4 tapahtuman aikaan\u201d, tiedotteessa kerrotaan. <\/p>\n","protected":false},"excerpt":{"rendered":"Kes\u00e4kuun lopussa Kalajoella j\u00e4rjestett\u00e4v\u00e4n Farmarin paikkamyynti k\u00e4y j\u00e4rjest\u00e4jien mukaan vilkkaana. Edellinen Farmari-n\u00e4yttely j\u00e4rjestettiin Sein\u00e4joella vuonna 2024. \u00a0Kuva: Johannes&hellip;\n","protected":false},"author":2,"featured_media":105435,"comment_status":"","ping_status":"","sticky":false,"template":"","format":"standard","meta":{"footnotes":""},"categories":[76],"tags":[79,77,33,31,30,32,78],"class_list":{"0":"post-105434","1":"post","2":"type-post","3":"status-publish","4":"format-standard","5":"has-post-thumbnail","7":"category-talous","8":"tag-business","9":"tag-economy","10":"tag-fi","11":"tag-finland","12":"tag-finnish","13":"tag-suomi","14":"tag-talous"},"share_on_mastodon":{"url":"https:\/\/pubeurope.com\/@fi\/115648329460501086","error":""},"_links":{"self":[{"href":"https:\/\/www.europesays.com\/fi\/wp-json\/wp\/v2\/posts\/105434","targetHints":{"allow":["GET"]}}],"collection":[{"href":"https:\/\/www.europesays.com\/fi\/wp-json\/wp\/v2\/posts"}],"about":[{"href":"https:\/\/www.europesays.com\/fi\/wp-json\/wp\/v2\/types\/post"}],"author":[{"embeddable":true,"href":"https:\/\/www.europesays.com\/fi\/wp-json\/wp\/v2\/users\/2"}],"replies":[{"embeddable":true,"href":"https:\/\/www.europesays.com\/fi\/wp-json\/wp\/v2\/comments?post=105434"}],"version-history":[{"count":0,"href":"https:\/\/www.europesays.com\/fi\/wp-json\/wp\/v2\/posts\/105434\/revisions"}],"wp:featuredmedia":[{"embeddable":true,"href":"https:\/\/www.europesays.com\/fi\/wp-json\/wp\/v2\/media\/105435"}],"wp:attachment":[{"href":"https:\/\/www.europesays.com\/fi\/wp-json\/wp\/v2\/media?parent=105434"}],"wp:term":[{"taxonomy":"category","embeddable":true,"href":"https:\/\/www.europesays.com\/fi\/wp-json\/wp\/v2\/categories?post=105434"},{"taxonomy":"post_tag","embeddable":true,"href":"https:\/\/www.europesays.com\/fi\/wp-json\/wp\/v2\/tags?post=105434"}],"curies":[{"name":"wp","href":"https:\/\/api.w.org\/{rel}","templated":true}]}}