{"id":105436,"date":"2025-12-02T05:31:10","date_gmt":"2025-12-02T05:31:10","guid":{"rendered":"https:\/\/www.europesays.com\/fi\/105436\/"},"modified":"2025-12-02T05:31:10","modified_gmt":"2025-12-02T05:31:10","slug":"sijaisvanhemmat-saivat-auerin-lapsista-jopa-9000-euroa-kk","status":"publish","type":"post","link":"https:\/\/www.europesays.com\/fi\/105436\/","title":{"rendered":"Sijaisvanhemmat saivat Auerin lapsista jopa 9000 euroa \/ kk"},"content":{"rendered":"<p>Anneli Auerin veli osti 150\u202f000 euron arvoisen veneen ja 50\u202f000 euroa maksaneen auton. Rahat ovat taas tapetilla vuosien j\u00e4lkeen.<\/p>\n<p>Lue tiivistelm\u00e4<\/p>\n<p>Tiivistelm\u00e4 on teko\u00e4lyn tekem\u00e4 ja ihmisen tarkistama.<\/p>\n<p class=\"article-body mb-nof-24 px-nof-16 sndp-summary-bullet-point-font\">Anneli Auerin lasten sijaisvanhemmat saivat jopa 9\u202f000 euroa kuukaudessa lasten hoidosta.<\/p>\n<p class=\"article-body mb-nof-24 px-nof-16 sndp-summary-bullet-point-font\">Auerin vanhin tyt\u00e4r v\u00e4itt\u00e4\u00e4 oikeudessa, ett\u00e4 sijaisvanhemmat painostivat lapsia valheellisiin seksuaalirikosv\u00e4itteisiin rahan takia.<\/p>\n<p class=\"article-body mb-nof-24 px-nof-16 sndp-summary-bullet-point-font\">Auerin veli osti 150 000 euron veneen ja 50 000 euron auton. Aikoinaan veli kertoi k\u00e4ytt\u00e4neens\u00e4 n\u00e4ihin omia s\u00e4\u00e4st\u00f6j\u00e4\u00e4n.<\/p>\n<p class=\"article-body mb-nof-24 px-nof-16 sndp-summary-bullet-point-font\">Auerin ja Jens Kukan tuomio purettiin korkeimmassa oikeudessa, kun aikuisiksi varttuneet lapset peruivat kertomuksensa seksuaalirikoksista.<\/p>\n<p class=\"article-body mb-nof-24 px-nof-16\">Sijaisvanhempien saamat korvaukset <a class=\"article-personlink\" href=\"https:\/\/www.is.fi\/haku\/?query=Anneli%20Auerin\" rel=\"nofollow noopener\" target=\"_blank\">Anneli Auerin<\/a> lasten hoitamisista nousivat uudestaan esille oikeudessa viime viikolla.<\/p>\n<p class=\"article-body mb-nof-24 px-nof-16\">Korvaussumman nosti tapetille Auerin lapsista vanhin, t\u00e4t\u00e4 nyky\u00e4 28-vuotias nainen.<\/p>\n<p class=\"article-body mb-nof-24 px-nof-16\">H\u00e4nen mukaansa sijaisvanhemmat eli Auerin veli ja t\u00e4m\u00e4n vaimo saivat lastenhoidosta noin 9\u202f000 euron kuukausikorvaukset.<\/p>\n<p class=\"article-body mb-nof-24 px-nof-16\">Vanhin tyt\u00e4r ja muut lapset ovat v\u00e4itt\u00e4neet, ett\u00e4 sijaisvanhemmat sy\u00f6ttiv\u00e4t heid\u00e4n suuhunsa tekaistuja seksuaalirikosv\u00e4itteit\u00e4 \u00e4idist\u00e4\u00e4n ja t\u00e4m\u00e4n silloisesta miesyst\u00e4v\u00e4st\u00e4 <a class=\"article-personlink\" href=\"https:\/\/www.is.fi\/haku\/?query=Jens%20Kukasta\" rel=\"nofollow noopener\" target=\"_blank\">Jens Kukasta <\/a>(nyk. Ihle). Vanhimman tytt\u00e4ren mukaan suuri rahallinen korvaus oli syyn\u00e4 sijaisvanhempien toiminnalle.<\/p>\n<p class=\"article-body mb-nof-24 px-nof-16\">Lasten mukaan tekaistut tarinat johtivat siihen, ett\u00e4 sijaisvanhemmat saivat jatkaa heid\u00e4n hoitamistaan ja rahallisten tukien nostamista.<\/p>\n<p class=\"article-body mb-nof-24 px-nof-16\"><a class=\"article-genericlink\" href=\"https:\/\/www.is.fi\/turun-seutu\/art-2000011647147.html\" rel=\"nofollow noopener\" target=\"_blank\">N\u00e4in tyt\u00e4r kertoi<\/a> itse asiasta oikeudessa viime keskiviikkona.<\/p>\n<p class=\"article-body mb-nof-24 px-nof-16\">\u2013 Raha on varmasti yksi syy.<\/p>\n<p class=\"article-body mb-nof-24 px-nof-16\">\u2013 Opin jo lastenkodissa, ett\u00e4 he saavat rahaa.<\/p>\n<p class=\"article-body mb-nof-24 px-nof-16\">My\u00f6s Anneli Auerin oikeuteen j\u00e4tt\u00e4m\u00e4ss\u00e4 kirjallisessa vastauksessa on nostettu esille sijaisvanhempien saama 9\u202f000 euron kuukausikorvaus.<\/p>\n<p class=\"article-body mb-nof-24 px-nof-16\">Syytt\u00e4jien mukaan t\u00e4m\u00e4 ei ole kuitenkaan riidatonta. Korvausasiasta on tarkoitus kuulla oikeudessa Auerin velje\u00e4 itse\u00e4\u00e4n torstaina.<\/p>\n<p><img decoding=\"async\" src=\"https:\/\/www.europesays.com\/fi\/wp-content\/uploads\/2025\/12\/1764653468_53_468.jpg\" alt=\"Anneli Auer on t\u00e4t\u00e4 nyky\u00e4 60-vuotias. H\u00e4n sai aikoinaan seksuaalirikoksista 7,5 vuoden tuomion, ja nyt h\u00e4nen lapsensa kertovat sepitt\u00e4neens\u00e4 todisteina olleet tarinat.\" class=\"_Img_1rerz_1\" style=\"aspect-ratio:1.5\" loading=\"eager\"\/><\/p>\n<p class=\"article-picture-caption\">Anneli Auer on t\u00e4t\u00e4 nyky\u00e4 60-vuotias. H\u00e4n sai aikoinaan seksuaalirikoksista 7,5 vuoden tuomion, ja nyt h\u00e4nen lapsensa kertovat sepitt\u00e4neens\u00e4 todisteina olleet tarinat. Kuva:\u00a0Roni Lehti \/ Lehtikuva<\/p>\n<p><img decoding=\"async\" src=\"https:\/\/www.europesays.com\/fi\/wp-content\/uploads\/2025\/12\/1764653469_200_468.jpg\" alt=\"Jens Kukka (nyk. Ihle) Varsinais-Suomen k\u00e4r\u00e4j\u00e4oikeuden istunnossa.\" class=\"_Img_1rerz_1\" style=\"aspect-ratio:1.5\" loading=\"eager\"\/><\/p>\n<p class=\"article-picture-caption\">Jens Kukka (nyk. Ihle) Varsinais-Suomen k\u00e4r\u00e4j\u00e4oikeuden istunnossa. Kuva:\u00a0Roni Lehti \/ Lehtikuva<\/p>\n<p class=\"article-body mb-nof-24 px-nof-16\">Auerin velje\u00e4 on tentattu samasta kulukorvausasiasta aikaisemminkin, murhak\u00e4r\u00e4jill\u00e4 vuonna 2013. Aueria syytettiin silloin miehens\u00e4 murhasta. Veli itse arveli tuolloin kuukausikorvauksen olleen noin 8\u202f000 euroa.<\/p>\n<p class=\"article-body mb-nof-24 px-nof-16\">Auerin silloinen asianajaja Juha Manner tenttasi Auerin velje\u00e4 t\u00e4m\u00e4n hankkimasta veneest\u00e4 ja autosta.<\/p>\n<p class=\"article-body mb-nof-24 px-nof-16\">Kysymyksill\u00e4 Manner pyrki antamaan kuvan, ett\u00e4 Auerin veljen ja t\u00e4m\u00e4n vaimon ryhtymisess\u00e4 Auerin lasten sijaisvanhemmiksi ei v\u00e4ltt\u00e4m\u00e4tt\u00e4 ollut kysymys pelk\u00e4st\u00e4 pyyteett\u00f6m\u00e4st\u00e4 auttamisesta.<\/p>\n<p class=\"article-body mb-nof-24 px-nof-16\">Auerin veli kuumeni rahakysymyksist\u00e4 pahanp\u00e4iv\u00e4isesti.<\/p>\n<p class=\"article-body mb-nof-24 px-nof-16\">\u2013 Jumalauta, levitet\u00e4\u00e4n auki Suomelle. Saa <a class=\"article-genericlink\" href=\"https:\/\/www.is.fi\/kotimaa\/art-2000000661723.html\" rel=\"nofollow noopener\" target=\"_blank\">Manner jotkut kiksit!<\/a><\/p>\n<p class=\"article-body mb-nof-24 px-nof-16\">Veli my\u00f6nsi ostaneensa 150\u202f000 euron arvoisen veneen ja 50\u202f000 euron arvoisen auton. H\u00e4n kuitenkin v\u00e4itti hankkineensa kulkupelit omilla s\u00e4\u00e4st\u00f6ill\u00e4\u00e4n, ei lasten sijoituksesta saaduilla rahoilla. H\u00e4n oli oikeuskuulemisen aikaan lomautettuna ty\u00f6st\u00e4\u00e4n.<\/p>\n<p class=\"article-body mb-nof-24 px-nof-16\">\u2013 Manner haluaa selv\u00e4sti nyt mustamaalata minut ja vaimoni. Voin kuitenkin kertoa, ett\u00e4 olen ostanut s\u00e4\u00e4st\u00f6ill\u00e4ni uuden veneen ja vaihtanut auton tilavampaan, veli tuhahti oikeudessa.<\/p>\n<p class=\"article-body mb-nof-24 px-nof-16\">Helsingin Sanomien silloisen selvityksen mukaan sijaisvanhempien saama korvaus ei vaikuttanut suhteettoman suurelle, kun sit\u00e4 vertasi Suomen suurimpien kaupunkien sijaisperheiden palkkioihin.<\/p>\n<p><img decoding=\"async\" src=\"https:\/\/www.europesays.com\/fi\/wp-content\/uploads\/2025\/12\/1764653469_556_468.jpg\" alt=\"Anneli Auer kuvattuna Varsinais-Suomen k\u00e4r\u00e4j\u00e4oikeudessa.\" class=\"_Img_1rerz_1\" style=\"aspect-ratio:1.5\" loading=\"eager\"\/><\/p>\n<p class=\"article-picture-caption\">Anneli Auer kuvattuna Varsinais-Suomen k\u00e4r\u00e4j\u00e4oikeudessa. Kuva:\u00a0Jussi Vierimaa<\/p>\n<p class=\"article-body mb-nof-24 px-nof-16\">Aueria ja Kukkaa vastaan alkanut seksuaalirikosjutun k\u00e4sittely alkoi uudelleen Varsinais-Suomen k\u00e4r\u00e4j\u00e4oikeudessa syyskuussa, koska korkein oikeus kumosi Auerin ja Kukan saaman tuomion.<\/p>\n<p class=\"article-body mb-nof-24 px-nof-16\">Heid\u00e4n tuomionsa oli pohjautunut pitk\u00e4lti Auerin lasten kertomuksiin, mutta aikuiseksi kasvettuaan lapset ovat peruneet aiempia puheitaan.<\/p>\n<p>T\u00e4st\u00e4 on kyse<\/p>\n<p><img decoding=\"async\" src=\"https:\/\/www.europesays.com\/fi\/wp-content\/uploads\/2025\/10\/1761025150_384_468.jpg\" alt=\"\" class=\"_Img_1rerz_1\" style=\"aspect-ratio:1.7777777777777777\" loading=\"eager\"\/><\/p>\n<p class=\"article-picture-caption\">Kuva:\u00a0Aleksi Jalava \/ IS, Roni Lehti \/ Lehtikuva, Bo Stranden, Joel Maisalmi<\/p>\n<ul class=\"mb-nof-16 px-nof-16 article-unordered-list unordered-list\">\n<li class=\"unordered-list-item\">\n<p class=\"article-body\">Anneli Auer, 60, ja Jens Kukka, 62, tuomittiin 2013 Turun hovioikeudessa <a class=\"article-genericlink\" href=\"https:\/\/www.is.fi\/artikkeli\/art-2000009417299.html\" rel=\"nofollow noopener\" target=\"_blank\">pitkiin vankeusrangaistuksiin <\/a>seksuaali- ja v\u00e4kivaltarikoksista. Asianomistajina oli Auerin nelj\u00e4 lasta.<\/p>\n<\/li>\n<li class=\"unordered-list-item\">\n<p class=\"article-body\">Auer tuomittiin 7,5 vuoden ja Kukka 10 vuoden vankeuteen muun muassa t\u00f6rkeist\u00e4 lapsen seksuaalisista hyv\u00e4ksik\u00e4yt\u00f6ist\u00e4. He kiistiv\u00e4t syyllisyytens\u00e4. Tuomiot perustuivat pitk\u00e4lti Auerin lasten kertomuksiin.<\/p>\n<\/li>\n<\/ul>\n<ul class=\"mb-nof-16 px-nof-16 article-unordered-list unordered-list\">\n<li class=\"unordered-list-item\">\n<p class=\"article-body\">Alkuvuonna 2023 ex-pari kertoi hakeneensa tuomioilleen <a class=\"article-genericlink\" href=\"https:\/\/www.is.fi\/artikkeli\/art-2000009416812.html\" rel=\"nofollow noopener\" target=\"_blank\">purkua korkeimmasta oikeudesta<\/a>. Auerin aikuisiksi varttuneet kolme nuorinta lasta kertoivat<a class=\"article-genericlink\" href=\"https:\/\/www.is.fi\/artikkeli\/art-2000009628408.html\" rel=\"nofollow noopener\" target=\"_blank\"> sepitt\u00e4neens\u00e4 tarinat<\/a> \u00e4itins\u00e4 ja t\u00e4m\u00e4n miesyst\u00e4v\u00e4n seksuaalisesta hyv\u00e4ksik\u00e4yt\u00f6st\u00e4.<\/p>\n<\/li>\n<li class=\"unordered-list-item\">\n<p class=\"article-body\">Lapset olivat el\u00e4neet sijaisperheess\u00e4 Auerin veljen luona vuodesta 2009. Lasten mukaan heid\u00e4t oli painostettu valheisiin sijaisperheess\u00e4.<\/p>\n<\/li>\n<li class=\"unordered-list-item\">\n<p class=\"article-body\">Joulukuussa 2024 KKO purki tuomion, joka oli perustunut pitk\u00e4lti Auerin lasten kertomuksiin. Asia palautui Varsinais-Suomen k\u00e4r\u00e4j\u00e4oikeuden k\u00e4sittelyyn.<\/p>\n<\/li>\n<\/ul>\n","protected":false},"excerpt":{"rendered":"Anneli Auerin veli osti 150\u202f000 euron arvoisen veneen ja 50\u202f000 euroa maksaneen auton. Rahat ovat taas tapetilla vuosien&hellip;\n","protected":false},"author":2,"featured_media":105437,"comment_status":"","ping_status":"","sticky":false,"template":"","format":"standard","meta":{"footnotes":""},"categories":[12],"tags":[22,23,26,27,33,31,30,17,34,24,25,28,29,15,18,21,32,19,20,16],"class_list":{"0":"post-105436","1":"post","2":"type-post","3":"status-publish","4":"format-standard","5":"has-post-thumbnail","7":"category-suomi","8":"tag-breaking-news","9":"tag-breakingnews","10":"tag-featured-news","11":"tag-featurednews","12":"tag-fi","13":"tag-finland","14":"tag-finnish","15":"tag-headlines","16":"tag-ilta-sanomat","17":"tag-latest-news","18":"tag-latestnews","19":"tag-main-news","20":"tag-mainnews","21":"tag-news","22":"tag-otsikot","23":"tag-paauutiset","24":"tag-suomi","25":"tag-top-stories","26":"tag-topstories","27":"tag-uutiset"},"share_on_mastodon":{"url":"https:\/\/pubeurope.com\/@fi\/115648337533198535","error":""},"_links":{"self":[{"href":"https:\/\/www.europesays.com\/fi\/wp-json\/wp\/v2\/posts\/105436","targetHints":{"allow":["GET"]}}],"collection":[{"href":"https:\/\/www.europesays.com\/fi\/wp-json\/wp\/v2\/posts"}],"about":[{"href":"https:\/\/www.europesays.com\/fi\/wp-json\/wp\/v2\/types\/post"}],"author":[{"embeddable":true,"href":"https:\/\/www.europesays.com\/fi\/wp-json\/wp\/v2\/users\/2"}],"replies":[{"embeddable":true,"href":"https:\/\/www.europesays.com\/fi\/wp-json\/wp\/v2\/comments?post=105436"}],"version-history":[{"count":0,"href":"https:\/\/www.europesays.com\/fi\/wp-json\/wp\/v2\/posts\/105436\/revisions"}],"wp:featuredmedia":[{"embeddable":true,"href":"https:\/\/www.europesays.com\/fi\/wp-json\/wp\/v2\/media\/105437"}],"wp:attachment":[{"href":"https:\/\/www.europesays.com\/fi\/wp-json\/wp\/v2\/media?parent=105436"}],"wp:term":[{"taxonomy":"category","embeddable":true,"href":"https:\/\/www.europesays.com\/fi\/wp-json\/wp\/v2\/categories?post=105436"},{"taxonomy":"post_tag","embeddable":true,"href":"https:\/\/www.europesays.com\/fi\/wp-json\/wp\/v2\/tags?post=105436"}],"curies":[{"name":"wp","href":"https:\/\/api.w.org\/{rel}","templated":true}]}}