{"id":105440,"date":"2025-12-02T05:44:09","date_gmt":"2025-12-02T05:44:09","guid":{"rendered":"https:\/\/www.europesays.com\/fi\/105440\/"},"modified":"2025-12-02T05:44:09","modified_gmt":"2025-12-02T05:44:09","slug":"him-yhtyeen-juska-salminen-paatyi-suljetulle-osastolle-vauhtivaihde-johti-psykoosiin","status":"publish","type":"post","link":"https:\/\/www.europesays.com\/fi\/105440\/","title":{"rendered":"HIM-yhtyeen Juska Salminen p\u00e4\u00e4tyi suljetulle osastolle \u2013 \u201dVauhtivaihde johti psykoosiin\u201d"},"content":{"rendered":"<p>Juska Salminen kertoo vaikeista vuosistaan Ylen Akuutissa.<\/p>\n<p><img decoding=\"async\" class=\"image image-show image-preview\" src=\"https:\/\/www.europesays.com\/fi\/wp-content\/uploads\/2025\/12\/eb99d8519fc9302bc6e17fa0f46fb8149d335f60b4c9bc48f2a7c852c85816e8.jpg\" alt=\"\"\/><img decoding=\"async\" class=\"image image-show\" src=\"https:\/\/www.europesays.com\/fi\/wp-content\/uploads\/2025\/12\/1764654249_558_eb99d8519fc9302bc6e17fa0f46fb8149d335f60b4c9bc48f2a7c852c85816e8.jpg\" alt=\"\"\/><\/p>\n<p>Entisen HIM-yhtyeen kosketinsoittajan Juska Salmisen kaksisuuntainen mielialah\u00e4iri\u00f6 on vienyt h\u00e4net \u00e4\u00e4rimm\u00e4isiin tilanteisiin, joista kaikista Juska ei halua vanhempiensa viel\u00e4k\u00e4\u00e4n tiet\u00e4v\u00e4n. Tero Kyll\u00f6nen, Yle<\/p>\n<p class=\"paragraph\">Kaksisuuntainen mielialah\u00e4iri\u00f6 vei HIM-yhtyeen kosketinsoittajana tutuksi tulleen <strong>Juska Salmisen<\/strong> \u00e4\u00e4rimm\u00e4isiin tilanteisiin. H\u00e4n kertoo niist\u00e4 Akuutin toimittajalle <strong>Risto Kuusistolle<\/strong>.<\/p>\n<p class=\"paragraph\">Juska vaikutti yhtyeess\u00e4 vuosituhannen taitteessa. Mielenterveys oli oireillut jo ennen b\u00e4ndivuosia, mutta HIM-vuosina tuli burnout.<\/p>\n<p class=\"paragraph\">\u2013\u2009Vuoden olin masentunut. Kulttuurikeskus Gloria pelasti minut, siipirikon.<\/p>\n<p class=\"paragraph\">Pelastus ei ollut kuitenkaan lopullinen. Kuin varkain iski mania.<\/p>\n<p class=\"paragraph\">\u2013\u2009Kunnon vauhtivaihde johti psykoosiin ja suljetulle osastolle ja kaikkeen todella repiv\u00e4\u00e4n, Juska muistelee nyt avoimesti tv:ss\u00e4.<\/p>\n<p class=\"paragraph\">Silloinen parisuhde kariutui, ja Juska koetti juoda tuskaansa pois. Eih\u00e4n se onnistunut. Aamuisin Juska huusi suoraa huutoa.<\/p>\n<p class=\"paragraph\">\u2013\u2009Lihoin 30 kiloa, Juska muistelee synkk\u00e4\u00e4 vaihetta.<\/p>\n<p>Juska Salmisen mukaan kaksisuuntaisen mielialah\u00e4iri\u00f6n suurin peto ei h\u00e4nen tapauksessaan ole masennus vaan mania, joka vie valheelliseen maailmaan. Tero Kyll\u00f6nen, Yle<\/p>\n<p class=\"paragraph\">Kun oikea diagnoosi l\u00f6ytyi, l\u00f6ytyi my\u00f6s sopivaa apua, muun muassa s\u00e4hk\u00f6hoidosta. Nyt Juska sy\u00f6 epilepsial\u00e4\u00e4kityst\u00e4, ja h\u00e4n on saanut tukea my\u00f6s terapiasta. L\u00e4heisill\u00e4, kuten vanhemmilla, on heill\u00e4kin ollut suuri merkitys.<\/p>\n<p class=\"paragraph\">\u2013\u2009Olen saanut kokonaisvaltaisen avun sopivaan aikaan. Se on se juttu, Juska kiittelee.<\/p>\n<p class=\"paragraph\">H\u00e4n sai el\u00e4m\u00e4ns\u00e4 sittemmin tasapainoon, mutta siit\u00e4 huolimatta sairaushistoria alkoi kummitella my\u00f6hemmin. Juskaa ja h\u00e4nen puolisoaan ei hyv\u00e4ksytty adoptioprosessiin. Sitten k\u00e4vi niin, ett\u00e4 luonto tuli apuun. Nyt pariskunnalla on pieni poika, joka n\u00e4hd\u00e4\u00e4n Akuutissakin. Tieto adoption mahdottomuudesta ehti kuitenkin ottaa kovilla.<\/p>\n<p class=\"paragraph\">\u2013\u2009Ajattelin, ett\u00e4 eih\u00e4n t\u00e4m\u00e4 ole edes todellista. Min\u00e4 olen todella hyv\u00e4 isk\u00e4, ja se kyseenalaistettiin, Juskaa harmittaa.<\/p>\n<p class=\"paragraph\">T\u00e4t\u00e4 nyky\u00e4 h\u00e4n osaa olla kiitollinen kaikesta kokemastaan, my\u00f6s niist\u00e4 vastoink\u00e4ymisist\u00e4.<\/p>\n<p class=\"paragraph\">\u2013\u2009Olen el\u00e4m\u00e4lle kiitollinen siit\u00e4, ett\u00e4 se on antanut sek\u00e4 onnea ja iloa ett\u00e4 haasteita, joista olen selvinnyt.<\/p>\n<p class=\"paragraph\">Akuutti: Kavala kaksisuuntainen t\u00e4n\u00e4\u00e4n TV1:ll\u00e4 kello 20.00 &amp; Areenassa. <a href=\"https:\/\/www.iltalehti.fi\/telkku\/\" rel=\"nofollow noopener\" target=\"_blank\">Katso kaikki\u00a0TV-ohjelmat ja l\u00e4hetysajat Telkun TV-oppaasta<\/a>.<\/p>\n","protected":false},"excerpt":{"rendered":"Juska Salminen kertoo vaikeista vuosistaan Ylen Akuutissa. Entisen HIM-yhtyeen kosketinsoittajan Juska Salmisen kaksisuuntainen mielialah\u00e4iri\u00f6 on vienyt h\u00e4net \u00e4\u00e4rimm\u00e4isiin&hellip;\n","protected":false},"author":2,"featured_media":105441,"comment_status":"","ping_status":"","sticky":false,"template":"","format":"standard","meta":{"footnotes":""},"categories":[136],"tags":[35,138,407,137,33,31,30,408,47,141,32,502,167,109],"class_list":{"0":"post-105440","1":"post","2":"type-post","3":"status-publish","4":"format-standard","5":"has-post-thumbnail","7":"category-julkkikset","8":"tag-24h","9":"tag-audio","10":"tag-celebrities","11":"tag-entertainment","12":"tag-fi","13":"tag-finland","14":"tag-finnish","15":"tag-julkkikset","16":"tag-musiikki","17":"tag-muusikot-bandit","18":"tag-suomi","19":"tag-terveydenhoito","20":"tag-terveys","21":"tag-viihde"},"share_on_mastodon":{"url":"https:\/\/pubeurope.com\/@fi\/115648388707258283","error":""},"_links":{"self":[{"href":"https:\/\/www.europesays.com\/fi\/wp-json\/wp\/v2\/posts\/105440","targetHints":{"allow":["GET"]}}],"collection":[{"href":"https:\/\/www.europesays.com\/fi\/wp-json\/wp\/v2\/posts"}],"about":[{"href":"https:\/\/www.europesays.com\/fi\/wp-json\/wp\/v2\/types\/post"}],"author":[{"embeddable":true,"href":"https:\/\/www.europesays.com\/fi\/wp-json\/wp\/v2\/users\/2"}],"replies":[{"embeddable":true,"href":"https:\/\/www.europesays.com\/fi\/wp-json\/wp\/v2\/comments?post=105440"}],"version-history":[{"count":0,"href":"https:\/\/www.europesays.com\/fi\/wp-json\/wp\/v2\/posts\/105440\/revisions"}],"wp:featuredmedia":[{"embeddable":true,"href":"https:\/\/www.europesays.com\/fi\/wp-json\/wp\/v2\/media\/105441"}],"wp:attachment":[{"href":"https:\/\/www.europesays.com\/fi\/wp-json\/wp\/v2\/media?parent=105440"}],"wp:term":[{"taxonomy":"category","embeddable":true,"href":"https:\/\/www.europesays.com\/fi\/wp-json\/wp\/v2\/categories?post=105440"},{"taxonomy":"post_tag","embeddable":true,"href":"https:\/\/www.europesays.com\/fi\/wp-json\/wp\/v2\/tags?post=105440"}],"curies":[{"name":"wp","href":"https:\/\/api.w.org\/{rel}","templated":true}]}}