{"id":105450,"date":"2025-12-02T05:57:10","date_gmt":"2025-12-02T05:57:10","guid":{"rendered":"https:\/\/www.europesays.com\/fi\/105450\/"},"modified":"2025-12-02T05:57:10","modified_gmt":"2025-12-02T05:57:10","slug":"kaukaan-tehdasalueella-lappeenrannassa-tulipalo-kansalaisia-neuvotaan-sulkemaan-ikkunoita-savun-vuoksi-etela-karjala","status":"publish","type":"post","link":"https:\/\/www.europesays.com\/fi\/105450\/","title":{"rendered":"Kaukaan tehdasalueella Lappeenrannassa tulipalo \u2013 kansalaisia neuvotaan sulkemaan ikkunoita savun vuoksi | Etel\u00e4-Karjala"},"content":{"rendered":"<p class=\"aw-1gybjub aw-5vja16 kEtdKx kmuxyA yle__article__paragraph\">M\u00e4nty\u00f6ljylaitoksen palossa syntyv\u00e4\u00e4 savua kulkeutuu erityisesti Lauritsalan suuntaan.<\/p>\n<p><img decoding=\"async\" alt=\"Lauritsalan uusi paloasema.\" src=\"https:\/\/www.europesays.com\/fi\/wp-content\/uploads\/2025\/12\/39-105428163aeb7289e784.jpeg\" class=\"aw-1l9m598 hKVVvP\"\/><\/p>\n<p>Avaa kuvien katselu<\/p>\n<p>Kaukaan tehdasalueella Lappeenrannassa palaa. Kuva: Kari Saastamoinen \/ Yle<\/p>\n<p class=\"aw-1gybjub aw-1p7kakr kEtdKx cEmitX yle__article__paragraph\">Tulipalo Kaukaan tehdasalueella m\u00e4nty\u00f6ljylaitoksella Lappeenrannassa aiheuttaa runsasta savunmuodostusta.<\/p>\n<p class=\"aw-1gybjub aw-1p7kakr kEtdKx cEmitX yle__article__paragraph\">Savu saattaa kulkeutua erityisesti Lauritsalan suuntaan.<\/p>\n<p class=\"aw-1gybjub aw-1p7kakr kEtdKx cEmitX yle__article__paragraph\">Kansalaisia neuvotaan sulkemaan ilmanvaihto ja ikkunat.<\/p>\n<p class=\"aw-1gybjub aw-1p7kakr kEtdKx cEmitX yle__article__paragraph\">Pelastuslaitos kehottaa alueen ihmisi\u00e4 pysym\u00e4\u00e4n sis\u00e4tiloissa ja sulkemaan ilmanvaihto sek\u00e4 odottamaan<br \/>tiedotetta vaaratilanteen p\u00e4\u00e4ttymisest\u00e4.<\/p>\n<p class=\"aw-1gybjub aw-1p7kakr kEtdKx cEmitX yle__article__paragraph\">Pelastuslaitoksen mukaan tulipalo on hallinnassa ja siit\u00e4 ei ole aiheutunut henkil\u00f6vahinkoja.<\/p>\n<p class=\"aw-1gybjub aw-1p7kakr kEtdKx cEmitX yle__article__paragraph\">Artikkeli p\u00e4ivittyy.<\/p>\n","protected":false},"excerpt":{"rendered":"M\u00e4nty\u00f6ljylaitoksen palossa syntyv\u00e4\u00e4 savua kulkeutuu erityisesti Lauritsalan suuntaan. Avaa kuvien katselu Kaukaan tehdasalueella Lappeenrannassa palaa. Kuva: Kari Saastamoinen&hellip;\n","protected":false},"author":2,"featured_media":105451,"comment_status":"","ping_status":"","sticky":false,"template":"","format":"standard","meta":{"footnotes":""},"categories":[12],"tags":[22,23,1302,26,27,33,31,30,17,71,1446,24,25,19889,28,29,15,837,18,21,2263,32,19,20,1265,16],"class_list":{"0":"post-105450","1":"post","2":"type-post","3":"status-publish","4":"format-standard","5":"has-post-thumbnail","7":"category-suomi","8":"tag-breaking-news","9":"tag-breakingnews","10":"tag-etela-karjala","11":"tag-featured-news","12":"tag-featurednews","13":"tag-fi","14":"tag-finland","15":"tag-finnish","16":"tag-headlines","17":"tag-kotimaa","18":"tag-lappeenranta","19":"tag-latest-news","20":"tag-latestnews","21":"tag-lauritsala","22":"tag-main-news","23":"tag-mainnews","24":"tag-news","25":"tag-onnettomuudet","26":"tag-otsikot","27":"tag-paauutiset","28":"tag-pelastustoimi","29":"tag-suomi","30":"tag-top-stories","31":"tag-topstories","32":"tag-tulipalot","33":"tag-uutiset"},"share_on_mastodon":{"url":"https:\/\/pubeurope.com\/@fi\/115648439697132187","error":""},"_links":{"self":[{"href":"https:\/\/www.europesays.com\/fi\/wp-json\/wp\/v2\/posts\/105450","targetHints":{"allow":["GET"]}}],"collection":[{"href":"https:\/\/www.europesays.com\/fi\/wp-json\/wp\/v2\/posts"}],"about":[{"href":"https:\/\/www.europesays.com\/fi\/wp-json\/wp\/v2\/types\/post"}],"author":[{"embeddable":true,"href":"https:\/\/www.europesays.com\/fi\/wp-json\/wp\/v2\/users\/2"}],"replies":[{"embeddable":true,"href":"https:\/\/www.europesays.com\/fi\/wp-json\/wp\/v2\/comments?post=105450"}],"version-history":[{"count":0,"href":"https:\/\/www.europesays.com\/fi\/wp-json\/wp\/v2\/posts\/105450\/revisions"}],"wp:featuredmedia":[{"embeddable":true,"href":"https:\/\/www.europesays.com\/fi\/wp-json\/wp\/v2\/media\/105451"}],"wp:attachment":[{"href":"https:\/\/www.europesays.com\/fi\/wp-json\/wp\/v2\/media?parent=105450"}],"wp:term":[{"taxonomy":"category","embeddable":true,"href":"https:\/\/www.europesays.com\/fi\/wp-json\/wp\/v2\/categories?post=105450"},{"taxonomy":"post_tag","embeddable":true,"href":"https:\/\/www.europesays.com\/fi\/wp-json\/wp\/v2\/tags?post=105450"}],"curies":[{"name":"wp","href":"https:\/\/api.w.org\/{rel}","templated":true}]}}