{"id":105454,"date":"2025-12-02T06:10:08","date_gmt":"2025-12-02T06:10:08","guid":{"rendered":"https:\/\/www.europesays.com\/fi\/105454\/"},"modified":"2025-12-02T06:10:08","modified_gmt":"2025-12-02T06:10:08","slug":"jani-sievinen-kun-mieli-on-vapaa-niin","status":"publish","type":"post","link":"https:\/\/www.europesays.com\/fi\/105454\/","title":{"rendered":"Jani Sievinen: &#8221;Kun mieli on vapaa, niin&#8230;&#8221;"},"content":{"rendered":"<p>            Timo Korhonen\n        <\/p>\n<p class=\"subtitle \">Entinen huippu-uimari muistelee haikeaa hetke\u00e4.<\/p>\n<p class=\"article-content article-content-width !bg-background\">Ex-uimari  julkaisi\u00a0<a href=\"https:\/\/www.instagram.com\/janisievinen\/\" aria-label=\"Jani Sievisen Instagram\" target=\"_blank\" rel=\"nofollow noopener\">Instagramissaan<\/a> herk\u00e4n julkaisun lapsistaan.\u00a0<\/p>\n<p class=\"article-content article-content-width !bg-background\"><b>Video: Julkkikset kertovat erikoisista treeniv\u00e4lineist\u00e4<\/b><\/p>\n<p class=\"article-content article-content-width !bg-background\">Monet saattavat muistaa, ett\u00e4 olympiamitalistista tuli et\u00e4is\u00e4 kolmelle tytt\u00e4relleen, kun h\u00e4nen viisivuotinen liittonsa  kanssa p\u00e4\u00e4ttyi eroon vuonna 2014. Parin kolme yhteist\u00e4 lasta muutti tuolloin \u00e4itins\u00e4 kanssa Norjaan.<\/p>\n<p>        <a itemprop=\"url\" href=\"https:\/\/www.seiska.fi\/kotimaa\/talta-nayttaa-jani-sievisen-tytar-harvinainen-yhteiskuva\/1995787\" rel=\"nofollow noopener\" target=\"_blank\"><\/p>\n<p>\nT\u00e4lt\u00e4 n\u00e4ytt\u00e4\u00e4 Janin tyt\u00e4r\n<\/p>\n<p class=\"section-date\">\n        <strong class=\"article-section\" data-section=\"kotimaa\"><br \/>\n            kotimaa<br \/>\n        <\/strong><br \/>\n        18.11. 13:02\n    <\/p>\n<p>T\u00e4lt\u00e4 n\u00e4ytt\u00e4\u00e4 Jani Sievisen tyt\u00e4r \u2013 harvinainen yhteiskuva\n    <\/p>\n<p itemprop=\"description\" class=\"subtitle \">\n    Is\u00e4 ja teinityt\u00e4r s\u00e4teilev\u00e4t Amsterdamissa. Janilla on nelj\u00e4 muutakin lasta, ja takana h\u00e4nell\u00e4 on kolme avioliittoa.\n<\/p>\n<p>        <\/a><\/p>\n<p class=\"article-content article-content-width !bg-background\">Nyt Jani on julkaissut kuvan noilta ajoilta. Kuvassa Jani istuu kahden vanhemman tytt\u00e4rens\u00e4 kanssa ikkunan \u00e4\u00e4rell\u00e4.<\/p>\n<p class=\"article-content article-content-width !bg-background\">\u2013\u00a0Viimeinen kuva ennen kun luovutin tyt\u00f6t ulkomaille. Tiesin etteiv\u00e4t he muuta takaisin kotiin seuraavaan kymmeneen vuoteen. Piti sulkea silm\u00e4t, vet\u00e4\u00e4 syv\u00e4\u00e4n henke\u00e4 muutaman kerran ja keskitty\u00e4, h\u00e4n kirjoittaa kuvatekstiss\u00e4.<\/p>\n<p>&#8221;Ensimm\u00e4iset vuodet meniv\u00e4t toivoen&#8221;<\/p>\n<p class=\"article-content article-content-width !bg-background\">Jani avaa julkaisussaan ajatuksiaan reilun vuosikymmenen takaa.<\/p>\n<p class=\"article-content article-content-width !bg-background\">\u2013\u00a0Ensimm\u00e4iset vuodet meniv\u00e4t toivoen, odottaen, suunnitellen tulevaa. <\/p>\n<p class=\"article-content article-content-width !bg-background\">Aika on kuitenkin tehnyt teht\u00e4v\u00e4ns\u00e4, ja h\u00e4n kertoo ajattelunsa nyt muuttuneen:<\/p>\n<p class=\"article-content article-content-width !bg-background\">\u2013\u00a0Kymmenen vuoden kuluessa opin ja ymm\u00e4rsin etteiv\u00e4t he koskaan muuta takaisin muuta kuin tilap\u00e4isesti. Eik\u00e4 my\u00f6sk\u00e4\u00e4n kannata. Nyt on kulunut 11-vuotta. <\/p>\n<p class=\"article-content article-content-width !bg-background\">\u2013\u00a0Kun mieli on vapaa niin uskaltaa kirjoittaa, h\u00e4n p\u00e4\u00e4tt\u00e4\u00e4 tekstins\u00e4.<\/p>\n<p class=\"article-content article-content-width !bg-background\">Jani ja Mari Samuelsen erosivat vuonna 2014.\u00a0<\/p>\n<p>        <a itemprop=\"url\" href=\"https:\/\/www.seiska.fi\/kotimaa\/jani-sievinen-yllattaa-naisseurassa\/1957978\" rel=\"nofollow noopener\" target=\"_blank\"><\/p>\n<p>\nEronnut Jani Sievinen\n<\/p>\n<p class=\"section-date\">\n        <strong class=\"article-section\" data-section=\"kotimaa\"><br \/>\n            kotimaa<br \/>\n        <\/strong><br \/>\n        10.10. 13:31\n    <\/p>\n<p>Jani Sievinen yll\u00e4tt\u00e4\u00e4 naisseurassa!\n    <\/p>\n<p itemprop=\"description\" class=\"subtitle \">\n    Jani tapasi tuttavan vuosien takaa.\n<\/p>\n<p>        <\/a><\/p>\n<p>Takana yll\u00e4tysero<\/p>\n<p class=\"article-content article-content-width !bg-background\">Muutosten tuulet puhalsivat kes\u00e4ll\u00e4 mestariuimarin el\u00e4m\u00e4ss\u00e4, kun h\u00e4n ilmoitti eroavansa puolisonsa  kanssa. Avioero sai lopullisen sinettins\u00e4 marraskuussa.<\/p>\n<p class=\"article-content article-content-width !bg-background\">Parilla ei ole yhteisi\u00e4 lapsia.<\/p>\n<p>        <a itemprop=\"url\" href=\"https:\/\/www.seiska.fi\/kotimaa\/jani-sievinen-yllatysero-olisin-halunnut-jatkaa\/1903222\" rel=\"nofollow noopener\" target=\"_blank\"><\/p>\n<p>\nJani Sievinen\n<\/p>\n<p class=\"section-date\">\n        <strong class=\"article-section\" data-section=\"kotimaa\"><br \/>\n            kotimaa<br \/>\n        <\/strong><br \/>\n        18.8. 19:52\n    <\/p>\n<p>Jani Sievinen &#8211; yll\u00e4tysero: &#8221;Olisin halunnut jatkaa&#8221;\n    <\/p>\n<p itemprop=\"description\" class=\"subtitle \">\n    Ex-uimari kertoi asiasta Instagram-p\u00e4ivityksess\u00e4\u00e4n.\n<\/p>\n<p>        <\/a><\/p>\n<p><script async src=\"\/\/www.instagram.com\/embed.js\"><\/script><\/p>\n","protected":false},"excerpt":{"rendered":"Timo Korhonen Entinen huippu-uimari muistelee haikeaa hetke\u00e4. Ex-uimari julkaisi\u00a0Instagramissaan herk\u00e4n julkaisun lapsistaan.\u00a0 Video: Julkkikset kertovat erikoisista treeniv\u00e4lineist\u00e4 Monet&hellip;\n","protected":false},"author":2,"featured_media":105455,"comment_status":"","ping_status":"","sticky":false,"template":"","format":"standard","meta":{"footnotes":""},"categories":[136],"tags":[2759,407,137,33,31,30,3084,408,99,16690,32,109],"class_list":{"0":"post-105454","1":"post","2":"type-post","3":"status-publish","4":"format-standard","5":"has-post-thumbnail","7":"category-julkkikset","8":"tag-avioero","9":"tag-celebrities","10":"tag-entertainment","11":"tag-fi","12":"tag-finland","13":"tag-finnish","14":"tag-jani-sievinen","15":"tag-julkkikset","16":"tag-lapset","17":"tag-mari-samuelsen","18":"tag-suomi","19":"tag-viihde"},"share_on_mastodon":{"url":"https:\/\/pubeurope.com\/@fi\/115648490563058861","error":""},"_links":{"self":[{"href":"https:\/\/www.europesays.com\/fi\/wp-json\/wp\/v2\/posts\/105454","targetHints":{"allow":["GET"]}}],"collection":[{"href":"https:\/\/www.europesays.com\/fi\/wp-json\/wp\/v2\/posts"}],"about":[{"href":"https:\/\/www.europesays.com\/fi\/wp-json\/wp\/v2\/types\/post"}],"author":[{"embeddable":true,"href":"https:\/\/www.europesays.com\/fi\/wp-json\/wp\/v2\/users\/2"}],"replies":[{"embeddable":true,"href":"https:\/\/www.europesays.com\/fi\/wp-json\/wp\/v2\/comments?post=105454"}],"version-history":[{"count":0,"href":"https:\/\/www.europesays.com\/fi\/wp-json\/wp\/v2\/posts\/105454\/revisions"}],"wp:featuredmedia":[{"embeddable":true,"href":"https:\/\/www.europesays.com\/fi\/wp-json\/wp\/v2\/media\/105455"}],"wp:attachment":[{"href":"https:\/\/www.europesays.com\/fi\/wp-json\/wp\/v2\/media?parent=105454"}],"wp:term":[{"taxonomy":"category","embeddable":true,"href":"https:\/\/www.europesays.com\/fi\/wp-json\/wp\/v2\/categories?post=105454"},{"taxonomy":"post_tag","embeddable":true,"href":"https:\/\/www.europesays.com\/fi\/wp-json\/wp\/v2\/tags?post=105454"}],"curies":[{"name":"wp","href":"https:\/\/api.w.org\/{rel}","templated":true}]}}