{"id":105456,"date":"2025-12-02T06:13:11","date_gmt":"2025-12-02T06:13:11","guid":{"rendered":"https:\/\/www.europesays.com\/fi\/105456\/"},"modified":"2025-12-02T06:13:11","modified_gmt":"2025-12-02T06:13:11","slug":"tanaan-tvssa-suomalaisvoimin-tehty-kansainvalinen-elokuva-jaa-mieleen-paivakausiksi","status":"publish","type":"post","link":"https:\/\/www.europesays.com\/fi\/105456\/","title":{"rendered":"T\u00e4n\u00e4\u00e4n tv:ss\u00e4: Suomalaisvoimin tehty kansainv\u00e4linen elokuva j\u00e4\u00e4 mieleen p\u00e4iv\u00e4kausiksi"},"content":{"rendered":"<p>Vuonna 2021 valmistunut\u00a0Guled &amp; Nasra on suomalaisen Bufo-yhti\u00f6n tuotanto, mutta se on ennen kaikkea kansainv\u00e4linen elokuva. Afrikkaan sijoittuvassa elokuvassa puhutaan somalin kielt\u00e4, ja rahoitusta on saatu Saksasta ja Ranskasta.<\/p>\n<p>Ohjaaja <strong>Khadar Ayderus Ahmed <\/strong>on somalitaustainen mutta asuu Suomessa.\u00a0<\/p>\n<p>Cannesin Kriitikoiden viikolla esitetty ja Afrikan elokuva-akatemian palkitsema Guled &amp; Nasra on huomionsa ansainnut. Somalian naapurimaassa Djiboutissa kuvattu elokuva kertoo haudankaivajasta nimelt\u00e4 Guled, joka yritt\u00e4\u00e4 hankkia elantoa vaimolleen Nasralle ja teini-ik\u00e4iselle pojalleen Mahadille.<\/p>\n<p>Nasran vakava sairaus vaatii leikkauksen, jonka hinta on Guledin tavoittamattomissa. Jostain rahat on kuitenkin saatava kasaan.<\/p>\n<p>Lue my\u00f6s: <a href=\"https:\/\/www.episodi.fi\/uutiset\/suomi-valitsi-perisuomalaisen-leffan-kisaamaan-oscareista\/\" title=\"Suomi valitsi perisuomalaisen leffan kisaamaan Oscareista\" class=\"underline-custom !font-montserrat !font-bold !underline-offset-4 !decoration-4 !decoration-episodi-blue !text-md\" rel=\"nofollow noopener\" target=\"_blank\">Suomi valitsi perisuomalaisen leffan kisaamaan Oscareista<\/a><\/p>\n<p>Guled &amp; Nasra on pienimuotoinen elokuva, jossa ei tapahdu paljoa. Se on samalla my\u00f6s elokuvan etu. N\u00e4yttelij\u00e4t esiintyv\u00e4t luontevasti ilman turhia maneereja.<\/p>\n<p>It\u00e4-Afrikan karut mutta n\u00e4ytt\u00e4v\u00e4t maisemat on kuvattu tyylikk\u00e4\u00e4sti. Guledin ja Nasran koskettava tarina tuntuu p\u00e4\u00e4ttyv\u00e4n hieman yht\u00e4kki\u00e4, mutta autenttinen ja vahva kerronta j\u00e4\u00e4 mieleen p\u00e4iv\u00e4kausiksi.<\/p>\n<p>Guled &amp; Nasra n\u00e4hd\u00e4\u00e4n Yle Teemalla kaksi kertaa:<\/p>\n<ul class=\"wp-block-list\">\n<li>Ti 2.12.2025 klo 21.55<\/li>\n<li>Su 7.12.2025 klo 12.00<\/li>\n<\/ul>\n<p>Elokuva l\u00f6ytyy my\u00f6s Areenasta. Katso traileri alta.<\/p>\n<p><img loading=\"lazy\" decoding=\"async\" alt=\"YouTube video\" width=\"480\" height=\"360\" data-pin-nopin=\"true\" nopin=\"nopin\" class=\"perfmatters-lazy\" src=\"https:\/\/www.europesays.com\/fi\/wp-content\/uploads\/2025\/12\/1764655991_98_hqdefault.jpg\"\/><\/p>\n<p>Lue my\u00f6s: <a href=\"https:\/\/www.episodi.fi\/uutiskirje\/?uutiskirjemainos=tekstilinkkimainos\" title=\"Tilaa Episodin uutiskirje ja voit voittaa leffalippuja! Nappaa tv-vinkit suoraan s\u00e4hk\u00f6postiin t\u00e4st\u00e4.\" class=\"underline-custom !font-montserrat !font-bold !underline-offset-4 !decoration-4 !decoration-episodi-blue !text-md\" rel=\"nofollow noopener\" target=\"_blank\">Tilaa Episodin uutiskirje ja voit voittaa leffalippuja! Nappaa katseluvinkit suoraan s\u00e4hk\u00f6postiin t\u00e4st\u00e4.<\/a><\/p>\n","protected":false},"excerpt":{"rendered":"Vuonna 2021 valmistunut\u00a0Guled &amp; Nasra on suomalaisen Bufo-yhti\u00f6n tuotanto, mutta se on ennen kaikkea kansainv\u00e4linen elokuva. Afrikkaan sijoittuvassa&hellip;\n","protected":false},"author":2,"featured_media":105457,"comment_status":"","ping_status":"","sticky":false,"template":"","format":"standard","meta":{"footnotes":""},"categories":[133],"tags":[137,33,31,30,32,206,139,156,109,913],"class_list":{"0":"post-105456","1":"post","2":"type-post","3":"status-publish","4":"format-standard","5":"has-post-thumbnail","7":"category-televisiot","8":"tag-entertainment","9":"tag-fi","10":"tag-finland","11":"tag-finnish","12":"tag-suomi","13":"tag-televisiot","14":"tag-tv-ohjelmat","15":"tag-tv","16":"tag-viihde","17":"tag-yle-areena"},"share_on_mastodon":{"url":"https:\/\/pubeurope.com\/@fi\/115648502574930648","error":""},"_links":{"self":[{"href":"https:\/\/www.europesays.com\/fi\/wp-json\/wp\/v2\/posts\/105456","targetHints":{"allow":["GET"]}}],"collection":[{"href":"https:\/\/www.europesays.com\/fi\/wp-json\/wp\/v2\/posts"}],"about":[{"href":"https:\/\/www.europesays.com\/fi\/wp-json\/wp\/v2\/types\/post"}],"author":[{"embeddable":true,"href":"https:\/\/www.europesays.com\/fi\/wp-json\/wp\/v2\/users\/2"}],"replies":[{"embeddable":true,"href":"https:\/\/www.europesays.com\/fi\/wp-json\/wp\/v2\/comments?post=105456"}],"version-history":[{"count":0,"href":"https:\/\/www.europesays.com\/fi\/wp-json\/wp\/v2\/posts\/105456\/revisions"}],"wp:featuredmedia":[{"embeddable":true,"href":"https:\/\/www.europesays.com\/fi\/wp-json\/wp\/v2\/media\/105457"}],"wp:attachment":[{"href":"https:\/\/www.europesays.com\/fi\/wp-json\/wp\/v2\/media?parent=105456"}],"wp:term":[{"taxonomy":"category","embeddable":true,"href":"https:\/\/www.europesays.com\/fi\/wp-json\/wp\/v2\/categories?post=105456"},{"taxonomy":"post_tag","embeddable":true,"href":"https:\/\/www.europesays.com\/fi\/wp-json\/wp\/v2\/tags?post=105456"}],"curies":[{"name":"wp","href":"https:\/\/api.w.org\/{rel}","templated":true}]}}