{"id":105460,"date":"2025-12-02T06:18:07","date_gmt":"2025-12-02T06:18:07","guid":{"rendered":"https:\/\/www.europesays.com\/fi\/105460\/"},"modified":"2025-12-02T06:18:07","modified_gmt":"2025-12-02T06:18:07","slug":"ilkka-jatti-pukkikeikat-jarkyttavan-aattoillan-jalkeen","status":"publish","type":"post","link":"https:\/\/www.europesays.com\/fi\/105460\/","title":{"rendered":"Ilkka j\u00e4tti pukkikeikat j\u00e4rkytt\u00e4v\u00e4n aattoillan j\u00e4lkeen"},"content":{"rendered":"<p>Muun muassa mallina ja freelance-n\u00e4yttelij\u00e4n\u00e4 ty\u00f6skentelev\u00e4 helsinkil\u00e4inen <strong>Ilkka Hautala<\/strong>, 38, teki useamman joulun keikkoja joulupukkina, mutta kertoo, ett\u00e4 nyt pukkikeikat ovat taaksej\u00e4\u00e4nytt\u00e4 el\u00e4m\u00e4\u00e4.<\/p>\n<p>Viimeisin kokemus joulupukkina oli kuin piste iin p\u00e4\u00e4lle \u2013 tai ehk\u00e4 pikemminkin kuin nyrkki silm\u00e4\u00e4n tai jopa naula arkkuun.<\/p>\n<p>Hautala esiintyi monta vuotta joulupukkina paitsi hotelleissa, my\u00f6s ihmisten kodeissa.<\/p>\n<p>\u201dHalusin tehd\u00e4 t\u00f6it\u00e4, ja ajattelin, ett\u00e4 periaatteessa Joulupukin esitt\u00e4minen sopii repertuaariini hyvin. L\u00f6ysin ty\u00f6nantajan, joka v\u00e4litti pukkikeikkoja ja p\u00e4\u00e4sin hommiin.\u201d<\/p>\n<p>K\u00e4yt\u00e4nn\u00f6ss\u00e4 homma toimi. Hautala teki sovitut keikat ja sai sovitun korvauksen.<\/p>\n<p>Mutta jokin ty\u00f6ss\u00e4 ei aivan ollut kohdallaan. Jo ensimm\u00e4isen joulun j\u00e4lkeen Hautalalle k\u00e4vi selv\u00e4ksi, ettei toivottu Joulupukin rooli tullut h\u00e4nelt\u00e4 kovin luontevasti.<\/p>\n<p>\u201dSiis roolihahmona Joulupukki on tosi yksipuolinen. Esitt\u00e4minen k\u00e4vi raskaaksi. Kaikkihan haluavat Joulupukin olevan koko ajan ihan helvetin miellytt\u00e4v\u00e4, siin\u00e4 on tosi v\u00e4h\u00e4n liikkumavaraa n\u00e4yttelij\u00e4n\u00e4.\u201d<\/p>\n<p>Hautalasta tuntui, ettei suomalaisena pidetyss\u00e4 Joulupukissa oikeastaan ole mit\u00e4\u00e4n suomalaista.<\/p>\n<p>\u201dJos nyt mietit\u00e4\u00e4n suomalaisia perinteit\u00e4, niin eih\u00e4n nykyajan Joulupukissa ole oikein mit\u00e4\u00e4n, vaan se mit\u00e4 halutaan, on k\u00e4denl\u00e4mp\u00f6inen amerikkalainen versio, joka ei voi lausua esimerkiksi mit\u00e4\u00e4n kulutuskriittist\u00e4.\u201d<\/p>\n<p>\u201dJoulupukki on paikalla aikuisia varten\u201d<\/p>\n<p>Hautala sanoo, ett\u00e4 tavallaan oli mielenkiintoista k\u00e4yd\u00e4 tuntemattomien ihmisten kodeissa, mutta h\u00e4nest\u00e4 tuntui jatkuvasti silt\u00e4, ett\u00e4 oli paikalla enemm\u00e4n aikuisia kuin lapsia varten.<\/p>\n<p>\u201dPeriaatteessahan Joulupukki tilataan paikalle lasten vuoksi. Mutta minun keikoillani, joita nyt kumminkin tein useamman joulun, lapset eiv\u00e4t yleens\u00e4 olleet toivotulla tavalla kiinnostuneita Joulupukista. Hyvin moni lapsi pelk\u00e4si ja selv\u00e4sti toivoi, ett\u00e4 l\u00e4htisin mahdollisimman pian pois.\u201d<\/p>\n<p>Osa lapsista taas oli t\u00e4ysin v\u00e4linpit\u00e4m\u00e4tt\u00f6mi\u00e4 joulupukkia kohtaan.<\/p>\n<p>\u201dHyvin harva lapsi k\u00e4ytt\u00e4ytyi Joulupukin n\u00e4k\u00f6kulmasta mitenk\u00e4\u00e4n hyvin. Ja viimeist\u00e4\u00e4n sitten kun lahjat jaettiin, ket\u00e4\u00e4n ei kiinnostanut pukki en\u00e4\u00e4 yht\u00e4\u00e4n.\u201d<\/p>\n<p>Hautala kiinnitti huomiota my\u00f6s siihen, ett\u00e4 hyvin moni lapsi sai valtavat m\u00e4\u00e4r\u00e4t lahjoja.<\/p>\n<p>\u201dLahjapaketteja oli tosi paljon ja lapset meniv\u00e4t niist\u00e4 ihan kierroksille. Koko ajan vain uutta pakettia auki ja juuri avattuun lahjaan ei oikein ehtinyt kiinnitt\u00e4\u00e4 mit\u00e4\u00e4n huomiota.\u201d<\/p>\n<p>Joulupukkikeikoilla \u00e4rsytti my\u00f6s se, ett\u00e4 yleens\u00e4 lasten vanhemmat eiv\u00e4t ymm\u00e4rt\u00e4neet lainkaan ohjata tilannetta esimerkiksi kysym\u00e4ll\u00e4 Joulupukilta kysymyksi\u00e4 tai opastamalla lapsiaan pukin luo.<\/p>\n<p>\u201dSiin\u00e4 sitten piti aika lailla tyhj\u00e4st\u00e4 improvisoida, vaikka ei tiennyt perheest\u00e4 yht\u00e4\u00e4n mit\u00e4\u00e4n ja monesti tuntui itsest\u00e4 aika tyhm\u00e4lt\u00e4.\u201d<\/p>\n<p>Rahanhimo vei sairaalaan<\/p>\n<p>Jouluna 2021 Hautala oli j\u00e4lleen kiert\u00e4nyt koko aattoillan viem\u00e4ss\u00e4 joululahjoja ja joulumielt\u00e4 lapsiperheiden koteihin ja palannut pukkifirman toimistolle palauttamaan joulupukkiasua.<\/p>\n<p>\u201dIlta oli ollut raskas ja minulla ei ollut siin\u00e4 vaiheessa mieless\u00e4 mit\u00e4\u00e4n muuta kuin p\u00e4\u00e4st\u00e4 kotiin lep\u00e4\u00e4m\u00e4\u00e4n ja ehk\u00e4 ottaa joku rentouttava juoma.\u201d<\/p>\n<p>Sitten ty\u00f6nantaja s\u00e4nt\u00e4si Hautalan luo h\u00e4diss\u00e4\u00e4n.<\/p>\n<p>\u201dH\u00e4n kysyi, voisinko mitenk\u00e4\u00e4n tehd\u00e4 viel\u00e4 yhden keikan, kun joku toinen pukki oli j\u00e4tt\u00e4nyt menem\u00e4tt\u00e4 sovitulle keikalle. Mieless\u00e4ni k\u00e4vi, ett\u00e4 pit\u00e4isi l\u00e4hte\u00e4 vain kotiin, mutta sitten kuitenkin rahanhimo voitti ja sanoin ottavani keikan vastaan. Ei muuta kuin joulupukin kamppeet takaisin niskaan.\u201d<\/p>\n<p>Sitten sattuma \u2013 tai ehk\u00e4 kohtalo \u2013 puuttui peliin.<\/p>\n<p>Hautala oli riisumassa sel\u00e4ss\u00e4\u00e4n ollutta reppua, joka tarttui kiinni h\u00e4nen takissaan olleeseen kuminauhamaiseen kiristysnaruun, jonka p\u00e4\u00e4ss\u00e4 oli muovinen sulkija. Nauha venyi \u00e4\u00e4rimmilleen ja pamahti sitten suurella voimalla suoraan Hautalan oikeaan silm\u00e4\u00e4n.<\/p>\n<p>\u201dSattui aivan sairaasti ja silm\u00e4 meni saman tien aivan pime\u00e4ksi, en n\u00e4hnyt sill\u00e4 yht\u00e4\u00e4n mit\u00e4\u00e4n. Ty\u00f6nantaja ei n\u00e4hnyt tilannetta eik\u00e4 ymm\u00e4rt\u00e4nyt yht\u00e4\u00e4n mit\u00e4 juuri tapahtui ja min\u00e4 vain valitin silm\u00e4\u00e4ni. H\u00e4n oli tilannut taksin, jolla p\u00e4\u00e4sisin pukkikeikalle, mutta meninkin sill\u00e4 sairaalaan.\u201d<\/p>\n<p>Sairaalassa Hautala vietti koko aattoy\u00f6n.<\/p>\n<p>\u201dIstuin siell\u00e4 ihan j\u00e4rjett\u00f6miss\u00e4 kivuissa ja pelk\u00e4sin ihan tosissani, ett\u00e4 nyt toinen silm\u00e4 sokeutui. Olin koko y\u00f6n yksin ja valmistauduin ajatuksissani siihen, ett\u00e4 loppuel\u00e4m\u00e4 sujuu yksisilm\u00e4isen\u00e4. Se oli ehdottomasti el\u00e4m\u00e4ni paskin joulu.\u201d<\/p>\n<p>Nyt nelj\u00e4 vuotta my\u00f6hemmin h\u00e4n kertoo, ett\u00e4 n\u00e4\u00f6n palautumisessa l\u00e4hes normaaliksi meni useita viikkoja. Viel\u00e4kin h\u00e4n huomaa silm\u00e4ss\u00e4 pieni\u00e4 oireita, mutta n\u00e4kee sill\u00e4 jo \u201dihan hyvin\u201d.<\/p>\n<p>Kun Ilkka Hautala nyky\u00e4\u00e4n n\u00e4kee joulupukkeja kaduilla tai kauppakeskuksissa, h\u00e4nen sis\u00e4ll\u00e4\u00e4n l\u00e4ik\u00e4ht\u00e4\u00e4 ennen kaikkea my\u00f6t\u00e4tunto.<\/p>\n<p>\u201dKyll\u00e4 siin\u00e4 mieless\u00e4 k\u00e4y, ett\u00e4 I feel you bro. Mutta toisaalta sekin tulee mieleen, ett\u00e4 onneksi en itse en\u00e4\u00e4 tee noita keikkoja.\u201d<\/p>\n<p><a href=\"https:\/\/seura.fi\/asiat\/ajankohtaista\/joulupukki-syttyi-palamaan\/\" target=\"_blank\" rel=\"noreferrer noopener nofollow\">Lue my\u00f6s: \u201dJoulupukki syttyi palamaan\u201d \u2013 Lukijoiden pukkimuistot ovat kauniita ja karuja<\/a><\/p>\n","protected":false},"excerpt":{"rendered":"Muun muassa mallina ja freelance-n\u00e4yttelij\u00e4n\u00e4 ty\u00f6skentelev\u00e4 helsinkil\u00e4inen Ilkka Hautala, 38, teki useamman joulun keikkoja joulupukkina, mutta kertoo, ett\u00e4&hellip;\n","protected":false},"author":2,"featured_media":105461,"comment_status":"","ping_status":"","sticky":false,"template":"","format":"standard","meta":{"footnotes":""},"categories":[130],"tags":[137,33,31,30,17627,5856,14472,19890,19891,622,32,860,109],"class_list":{"0":"post-105460","1":"post","2":"type-post","3":"status-publish","4":"format-standard","5":"has-post-thumbnail","7":"category-viihde","8":"tag-entertainment","9":"tag-fi","10":"tag-finland","11":"tag-finnish","12":"tag-freelancer","13":"tag-joulu","14":"tag-joulupukki","15":"tag-keikkatyontekija","16":"tag-mallit","17":"tag-nayttelijat","18":"tag-suomi","19":"tag-tyoelama","20":"tag-viihde"},"share_on_mastodon":{"url":"https:\/\/pubeurope.com\/@fi\/115648522048201067","error":""},"_links":{"self":[{"href":"https:\/\/www.europesays.com\/fi\/wp-json\/wp\/v2\/posts\/105460","targetHints":{"allow":["GET"]}}],"collection":[{"href":"https:\/\/www.europesays.com\/fi\/wp-json\/wp\/v2\/posts"}],"about":[{"href":"https:\/\/www.europesays.com\/fi\/wp-json\/wp\/v2\/types\/post"}],"author":[{"embeddable":true,"href":"https:\/\/www.europesays.com\/fi\/wp-json\/wp\/v2\/users\/2"}],"replies":[{"embeddable":true,"href":"https:\/\/www.europesays.com\/fi\/wp-json\/wp\/v2\/comments?post=105460"}],"version-history":[{"count":0,"href":"https:\/\/www.europesays.com\/fi\/wp-json\/wp\/v2\/posts\/105460\/revisions"}],"wp:featuredmedia":[{"embeddable":true,"href":"https:\/\/www.europesays.com\/fi\/wp-json\/wp\/v2\/media\/105461"}],"wp:attachment":[{"href":"https:\/\/www.europesays.com\/fi\/wp-json\/wp\/v2\/media?parent=105460"}],"wp:term":[{"taxonomy":"category","embeddable":true,"href":"https:\/\/www.europesays.com\/fi\/wp-json\/wp\/v2\/categories?post=105460"},{"taxonomy":"post_tag","embeddable":true,"href":"https:\/\/www.europesays.com\/fi\/wp-json\/wp\/v2\/tags?post=105460"}],"curies":[{"name":"wp","href":"https:\/\/api.w.org\/{rel}","templated":true}]}}