{"id":105462,"date":"2025-12-02T06:21:10","date_gmt":"2025-12-02T06:21:10","guid":{"rendered":"https:\/\/www.europesays.com\/fi\/105462\/"},"modified":"2025-12-02T06:21:10","modified_gmt":"2025-12-02T06:21:10","slug":"yrittajat-maksavat-pienia-elakemaksuja-verrattuna-todellisiin-tuloihinsa","status":"publish","type":"post","link":"https:\/\/www.europesays.com\/fi\/105462\/","title":{"rendered":"Yritt\u00e4j\u00e4t maksavat pieni\u00e4 el\u00e4kemaksuja verrattuna todellisiin tuloihinsa"},"content":{"rendered":"<p>El\u00e4kkeet|Yritt\u00e4jien laskennalliset yel-ty\u00f6tulot ovat selv\u00e4sti heid\u00e4n verotettavia ansiotulojaan pienempi\u00e4, k\u00e4y ilmi El\u00e4keturvakeskuksen selvityksest\u00e4.<\/p>\n<p class=\"article-body mb-nof-24 px-nof-16\">Yritt\u00e4j\u00e4t maksavat niukasti el\u00e4kemaksuja suhteessa verotettaviin ansiotuloihinsa, k\u00e4y ilmi El\u00e4keturvakeskuksen (ETK) selvityksest\u00e4.<\/p>\n<p class=\"article-body mb-nof-24 px-nof-16\">Palkansaajista poiketen yritt\u00e4jien el\u00e4kemaksut ja kertyv\u00e4t el\u00e4kkeet eiv\u00e4t perustu todellisiin tuloihin vaan erikseen m\u00e4\u00e4ritett\u00e4v\u00e4\u00e4n niin sanottuun yel-ty\u00f6tuloon. Se on el\u00e4kelaitoksen vahvistama arvio yritt\u00e4j\u00e4n ty\u00f6panoksen arvosta.<\/p>\n","protected":false},"excerpt":{"rendered":"El\u00e4kkeet|Yritt\u00e4jien laskennalliset yel-ty\u00f6tulot ovat selv\u00e4sti heid\u00e4n verotettavia ansiotulojaan pienempi\u00e4, k\u00e4y ilmi El\u00e4keturvakeskuksen selvityksest\u00e4. Yritt\u00e4j\u00e4t maksavat niukasti el\u00e4kemaksuja suhteessa&hellip;\n","protected":false},"author":2,"featured_media":105463,"comment_status":"","ping_status":"","sticky":false,"template":"","format":"standard","meta":{"footnotes":""},"categories":[76],"tags":[79,77,33,31,30,46,32,78],"class_list":{"0":"post-105462","1":"post","2":"type-post","3":"status-publish","4":"format-standard","5":"has-post-thumbnail","7":"category-talous","8":"tag-business","9":"tag-economy","10":"tag-fi","11":"tag-finland","12":"tag-finnish","13":"tag-helsingin-sanomat","14":"tag-suomi","15":"tag-talous"},"share_on_mastodon":{"url":"https:\/\/pubeurope.com\/@fi\/115648533831696505","error":""},"_links":{"self":[{"href":"https:\/\/www.europesays.com\/fi\/wp-json\/wp\/v2\/posts\/105462","targetHints":{"allow":["GET"]}}],"collection":[{"href":"https:\/\/www.europesays.com\/fi\/wp-json\/wp\/v2\/posts"}],"about":[{"href":"https:\/\/www.europesays.com\/fi\/wp-json\/wp\/v2\/types\/post"}],"author":[{"embeddable":true,"href":"https:\/\/www.europesays.com\/fi\/wp-json\/wp\/v2\/users\/2"}],"replies":[{"embeddable":true,"href":"https:\/\/www.europesays.com\/fi\/wp-json\/wp\/v2\/comments?post=105462"}],"version-history":[{"count":0,"href":"https:\/\/www.europesays.com\/fi\/wp-json\/wp\/v2\/posts\/105462\/revisions"}],"wp:featuredmedia":[{"embeddable":true,"href":"https:\/\/www.europesays.com\/fi\/wp-json\/wp\/v2\/media\/105463"}],"wp:attachment":[{"href":"https:\/\/www.europesays.com\/fi\/wp-json\/wp\/v2\/media?parent=105462"}],"wp:term":[{"taxonomy":"category","embeddable":true,"href":"https:\/\/www.europesays.com\/fi\/wp-json\/wp\/v2\/categories?post=105462"},{"taxonomy":"post_tag","embeddable":true,"href":"https:\/\/www.europesays.com\/fi\/wp-json\/wp\/v2\/tags?post=105462"}],"curies":[{"name":"wp","href":"https:\/\/api.w.org\/{rel}","templated":true}]}}